{"id":12053,"date":"2006-09-15T11:41:02","date_gmt":"2006-09-15T14:41:02","guid":{"rendered":"https:\/\/www.mpal.mp.br\/?p=12053"},"modified":"2022-07-12T11:41:41","modified_gmt":"2022-07-12T14:41:41","slug":"mp-realiza-audiencia-com-a-secretaria-de-educacao-na-segunda-feira","status":"publish","type":"post","link":"https:\/\/www.mpal.mp.br\/?p=12053","title":{"rendered":"MP realiza audi\u00eancia com a Secretaria de Educa\u00e7\u00e3o na segunda-feira"},"content":{"rendered":"<p style=\"text-align: justify;\"><span style=\"font-size: 14pt;\">A Secretaria Executiva de Educa\u00e7\u00e3o vai informar ao Minist\u00e9rio P\u00fablico de Alagoas, na segunda-feira (18\/9), \u00e0s 15 horas, as datas referentes \u00e0 publica\u00e7\u00e3o do edital para aumento da carga hor\u00e1ria dos professores em exerc\u00edcio e do edital de reop\u00e7\u00e3o dos professores aprovados no \u00faltimo concurso.<\/span><\/p>\n<p style=\"text-align: justify;\"><span style=\"font-size: 14pt;\">No in\u00edcio da semana, o Secret\u00e1rio Executivo de Educa\u00e7\u00e3o, Pedro Alves garantiu aos promotores de Justi\u00e7a Cec\u00edlia Carna\u00faba e Jamyl Barbosa, da Promotoria de Justi\u00e7a da Fazenda P\u00fablica Estadual, que vai nomear 629 professores aprovados no concurso realizado em 2005, com o objetivo de pend\u00eancias para conclus\u00e3o dos anos letivos de 2003, 2004 e 2005.<\/span><\/p>\n","protected":false},"excerpt":{"rendered":"<p> [&hellip;]<\/p>\n","protected":false},"author":5,"featured_media":12054,"comment_status":"open","ping_status":"open","sticky":false,"template":"","format":"standard","meta":{"om_disable_all_campaigns":false,"_monsterinsights_skip_tracking":false,"_monsterinsights_sitenote_active":false,"_monsterinsights_sitenote_note":"","_monsterinsights_sitenote_category":0,"_uf_show_specific_survey":0,"_uf_disable_surveys":false,"footnotes":""},"categories":[2],"tags":[],"class_list":["post-12053","post","type-post","status-publish","format-standard","has-post-thumbnail","hentry","category-not_mpal"],"aioseo_notices":[],"_links":{"self":[{"href":"https:\/\/www.mpal.mp.br\/index.php?rest_route=\/wp\/v2\/posts\/12053","targetHints":{"allow":["GET"]}}],"collection":[{"href":"https:\/\/www.mpal.mp.br\/index.php?rest_route=\/wp\/v2\/posts"}],"about":[{"href":"https:\/\/www.mpal.mp.br\/index.php?rest_route=\/wp\/v2\/types\/post"}],"author":[{"embeddable":true,"href":"https:\/\/www.mpal.mp.br\/index.php?rest_route=\/wp\/v2\/users\/5"}],"replies":[{"embeddable":true,"href":"https:\/\/www.mpal.mp.br\/index.php?rest_route=%2Fwp%2Fv2%2Fcomments&post=12053"}],"version-history":[{"count":1,"href":"https:\/\/www.mpal.mp.br\/index.php?rest_route=\/wp\/v2\/posts\/12053\/revisions"}],"predecessor-version":[{"id":12055,"href":"https:\/\/www.mpal.mp.br\/index.php?rest_route=\/wp\/v2\/posts\/12053\/revisions\/12055"}],"wp:featuredmedia":[{"embeddable":true,"href":"https:\/\/www.mpal.mp.br\/index.php?rest_route=\/wp\/v2\/media\/12054"}],"wp:attachment":[{"href":"https:\/\/www.mpal.mp.br\/index.php?rest_route=%2Fwp%2Fv2%2Fmedia&parent=12053"}],"wp:term":[{"taxonomy":"category","embeddable":true,"href":"https:\/\/www.mpal.mp.br\/index.php?rest_route=%2Fwp%2Fv2%2Fcategories&post=12053"},{"taxonomy":"post_tag","embeddable":true,"href":"https:\/\/www.mpal.mp.br\/index.php?rest_route=%2Fwp%2Fv2%2Ftags&post=12053"}],"curies":[{"name":"wp","href":"https:\/\/api.w.org\/{rel}","templated":true}]}}