{"id":12050,"date":"2006-09-18T11:39:41","date_gmt":"2006-09-18T14:39:41","guid":{"rendered":"https:\/\/www.mpal.mp.br\/?p=12050"},"modified":"2022-07-12T11:40:38","modified_gmt":"2022-07-12T14:40:38","slug":"mp-vai-instaurar-inquerito-civil-para-garantir-nomeacao-de-professores","status":"publish","type":"post","link":"https:\/\/www.mpal.mp.br\/?p=12050","title":{"rendered":"MP vai instaurar inqu\u00e9rito civil para garantir nomea\u00e7\u00e3o de professores"},"content":{"rendered":"<p style=\"text-align: justify;\"><span style=\"font-size: 14pt;\">O Minist\u00e9rio P\u00fablico decidiu, em audi\u00eancia nesta segunda-feira, instaurar inqu\u00e9rito civil para apurar as den\u00fancias referentes \u00e0 falta de professores na rede p\u00fablica estadual. De acordo com os promotores de Justi\u00e7a Cec\u00edlia Carna\u00faba, Jamyl Barbosa e Hamilton Carneiro, da Promotoria de Justi\u00e7a da Fazenda P\u00fablica Estadual, a aus\u00eancia de vagas para nomea\u00e7\u00e3o imediata de professores concursados foi a principal motiva\u00e7\u00e3o da decis\u00e3o.<\/span><\/p>\n<p style=\"text-align: justify;\"><span style=\"font-size: 14pt;\">Durante a audi\u00eancia, a representante da Secretaria de Educa\u00e7\u00e3o, Mabel Lessa, informou que dos 629 professores concursados, apenas 132 v\u00e3o ser nomeados este m\u00eas. Na semana passada, o pr\u00f3prio secret\u00e1rio havia garantido aos promotores de Justi\u00e7a que nomearia os 629 professores para \u00e1rea de humanas e realizaria a sele\u00e7\u00e3o de monitores para \u00e1rea de exatas.<\/span><\/p>\n<p style=\"text-align: justify;\"><span style=\"font-size: 14pt;\">\u201cPrecisamos de uma defini\u00e7\u00e3o urgente. Vamos instaurar o inqu\u00e9rito. Se as autoridades n\u00e3o comparecerem, partiremos para a\u00e7\u00e3o civil p\u00fablica. Nossa preocupa\u00e7\u00e3o \u00e9 que essa demora impe\u00e7a a regulariza\u00e7\u00e3o das pend\u00eancias dos anos de 2003, 2004 e 2005 e prejudique o ano em curso\u201d, afirmaram os promotores de Justi\u00e7a.<\/span><\/p>\n<p style=\"text-align: justify;\"><span style=\"font-size: 14pt;\">Al\u00e9m do secret\u00e1rio Pedro Alves, que n\u00e3o compareceu a audi\u00eancia de hoje, v\u00e3o ser notificados o secret\u00e1rio de Administra\u00e7\u00e3o, Walter Oliveira, o secret\u00e1rio da Fazenda, Eduardo Henrique Ara\u00fajo, o procurador-geral do Estado, Wilson Roberto Lima, e representantes do Conselho Estadual de Educa\u00e7\u00e3o, Sinteal e diretores e professores de escolas. A audi\u00eancia deve acontecer semana que vem.<\/span><\/p>\n<p style=\"text-align: justify;\"><span style=\"font-size: 14pt;\">Monitores<\/span><\/p>\n<p style=\"text-align: justify;\"><span style=\"font-size: 14pt;\">Os representantes da Secretaria Executiva de Educa\u00e7\u00e3o informaram ainda ao Minist\u00e9rio P\u00fablico que 2.275 pessoas se inscreveram para sele\u00e7\u00e3o de monitores. As provas foram confirmadas para domingo. A nomea\u00e7\u00e3o deve acontecer no dia 10 de outubro.<\/span><\/p>\n","protected":false},"excerpt":{"rendered":"<p> [&hellip;]<\/p>\n","protected":false},"author":5,"featured_media":12051,"comment_status":"open","ping_status":"open","sticky":false,"template":"","format":"standard","meta":{"om_disable_all_campaigns":false,"_monsterinsights_skip_tracking":false,"_monsterinsights_sitenote_active":false,"_monsterinsights_sitenote_note":"","_monsterinsights_sitenote_category":0,"_uf_show_specific_survey":0,"_uf_disable_surveys":false,"footnotes":""},"categories":[2],"tags":[],"class_list":["post-12050","post","type-post","status-publish","format-standard","has-post-thumbnail","hentry","category-not_mpal"],"aioseo_notices":[],"_links":{"self":[{"href":"https:\/\/www.mpal.mp.br\/index.php?rest_route=\/wp\/v2\/posts\/12050","targetHints":{"allow":["GET"]}}],"collection":[{"href":"https:\/\/www.mpal.mp.br\/index.php?rest_route=\/wp\/v2\/posts"}],"about":[{"href":"https:\/\/www.mpal.mp.br\/index.php?rest_route=\/wp\/v2\/types\/post"}],"author":[{"embeddable":true,"href":"https:\/\/www.mpal.mp.br\/index.php?rest_route=\/wp\/v2\/users\/5"}],"replies":[{"embeddable":true,"href":"https:\/\/www.mpal.mp.br\/index.php?rest_route=%2Fwp%2Fv2%2Fcomments&post=12050"}],"version-history":[{"count":1,"href":"https:\/\/www.mpal.mp.br\/index.php?rest_route=\/wp\/v2\/posts\/12050\/revisions"}],"predecessor-version":[{"id":12052,"href":"https:\/\/www.mpal.mp.br\/index.php?rest_route=\/wp\/v2\/posts\/12050\/revisions\/12052"}],"wp:featuredmedia":[{"embeddable":true,"href":"https:\/\/www.mpal.mp.br\/index.php?rest_route=\/wp\/v2\/media\/12051"}],"wp:attachment":[{"href":"https:\/\/www.mpal.mp.br\/index.php?rest_route=%2Fwp%2Fv2%2Fmedia&parent=12050"}],"wp:term":[{"taxonomy":"category","embeddable":true,"href":"https:\/\/www.mpal.mp.br\/index.php?rest_route=%2Fwp%2Fv2%2Fcategories&post=12050"},{"taxonomy":"post_tag","embeddable":true,"href":"https:\/\/www.mpal.mp.br\/index.php?rest_route=%2Fwp%2Fv2%2Ftags&post=12050"}],"curies":[{"name":"wp","href":"https:\/\/api.w.org\/{rel}","templated":true}]}}