{"id":12047,"date":"2006-09-20T11:38:53","date_gmt":"2006-09-20T14:38:53","guid":{"rendered":"https:\/\/www.mpal.mp.br\/?p=12047"},"modified":"2022-07-12T11:39:25","modified_gmt":"2022-07-12T14:39:25","slug":"mp-conquista-espaco-na-dir-e-conselho-fiscal-da-associacao-nacional-do-mp-do-consumidor","status":"publish","type":"post","link":"https:\/\/www.mpal.mp.br\/?p=12047","title":{"rendered":"MP conquista espa\u00e7o na Dir. e Conselho Fiscal da Associa\u00e7\u00e3o Nacional do MP do Consumidor"},"content":{"rendered":"<div class=\"content-wrapper-1\">\n<div class=\"content-wrapper-2\">\n<div id=\"mainmiddle\">\n<div id=\"mainmiddle-expand\">\n<div id=\"content\">\n<div id=\"content-shift\">\n<div class=\"floatbox\">\n<div class=\"joomla \">\n<div class=\"article\">\n<div id=\"articlepxfontsize1\">\n<div class=\"corpo\">\n<p style=\"text-align: justify;\"><span style=\"font-size: 14pt;\">O promotor de Justi\u00e7a Delfino Neto, coordenador do N\u00facleo de Defesa do Consumidor do 1\u00ba Centro de Apoio Operacional do Minist\u00e9rio P\u00fablico de Alagoas, foi eleito diretor da Associa\u00e7\u00e3o Nacional do Minist\u00e9rio P\u00fablico do Consumidor (MPCon), em vota\u00e7\u00e3o realizada durante o 6\u00ba Encontro Nacional do Minist\u00e9rio P\u00fablico do Consumidor, encerrado no \u00faltimo dia 15, no Rio de Janeiro.<\/span><\/p>\n<p style=\"text-align: justify;\"><span style=\"font-size: 14pt;\">A delega\u00e7\u00e3o alagoana tamb\u00e9m emplacou os nomes dos promotores de Justi\u00e7a Max Martins, da Promotoria Coletiva Especializada de Defesa do Consumidor de Macei\u00f3, e Saulo Ventura, coordenador do N\u00facleo de Defesa do Consumidor do 2\u00ba Centro de Apoio Operacional do Minist\u00e9rio P\u00fablico de Alagoas, no Conselho Fiscal da MPCon.<\/span><\/p>\n<p style=\"text-align: justify;\"><span style=\"font-size: 14pt;\">Segundo, Delfino, um dos fundadores da MPCon, a entidade \u00e9 uma associa\u00e7\u00e3o civil, sem fins lucrativos e filia\u00e7\u00e3o partid\u00e1ria, com sede em Bras\u00edlia (DF), que tem car\u00e1ter cient\u00edfico, t\u00e9cnico e pedag\u00f3gico e vem trabalhando, desde sua funda\u00e7\u00e3o, em maio de 2001, para integrar os promotores de Justi\u00e7a e procuradores de Justi\u00e7a e da Rep\u00fablica na atua\u00e7\u00e3o em defesa do consumidor de todas as regi\u00f5es do pa\u00eds.<\/span><\/p>\n<p style=\"text-align: justify;\"><span style=\"font-size: 14pt;\">\u201cA presen\u00e7a de tr\u00eas integrantes da nossa institui\u00e7\u00e3o numa entidade t\u00e3o importante em n\u00edvel nacional foi um reconhecimento \u00e0s a\u00e7\u00f5es institucionais e de execu\u00e7\u00e3o desempenhadas pelo Minist\u00e9rio P\u00fablico alagoano nas quest\u00f5es relativas aos direitos difusos e coletivos presentes na rela\u00e7\u00e3o de consumo\u201d, destacou Delfino Neto, que presidiu um dos pain\u00e9is do evento nacional. A delega\u00e7\u00e3o alagoana contou ainda com a participa\u00e7\u00e3o da promotora de Justi\u00e7a Denise Guimar\u00e3es, integrante da Promotoria Coletiva de Defesa do Consumidor da Capital e do promotor de Justi\u00e7a Jos\u00e9 Carlos Castro, da Comarca de Penedo.<\/span><\/p>\n<\/div>\n<\/div>\n<\/div>\n<\/div>\n<\/div>\n<\/div>\n<\/div>\n<\/div>\n<\/div>\n<\/div>\n<\/div>\n<div class=\"content-wrapper-b1\">\n<div class=\"content-wrapper-b2\" style=\"text-align: justify;\"><\/div>\n<\/div>\n","protected":false},"excerpt":{"rendered":"<p> [&hellip;]<\/p>\n","protected":false},"author":5,"featured_media":12048,"comment_status":"open","ping_status":"open","sticky":false,"template":"","format":"standard","meta":{"om_disable_all_campaigns":false,"_monsterinsights_skip_tracking":false,"_monsterinsights_sitenote_active":false,"_monsterinsights_sitenote_note":"","_monsterinsights_sitenote_category":0,"_uf_show_specific_survey":0,"_uf_disable_surveys":false,"footnotes":""},"categories":[2],"tags":[],"class_list":["post-12047","post","type-post","status-publish","format-standard","has-post-thumbnail","hentry","category-not_mpal"],"aioseo_notices":[],"_links":{"self":[{"href":"https:\/\/www.mpal.mp.br\/index.php?rest_route=\/wp\/v2\/posts\/12047","targetHints":{"allow":["GET"]}}],"collection":[{"href":"https:\/\/www.mpal.mp.br\/index.php?rest_route=\/wp\/v2\/posts"}],"about":[{"href":"https:\/\/www.mpal.mp.br\/index.php?rest_route=\/wp\/v2\/types\/post"}],"author":[{"embeddable":true,"href":"https:\/\/www.mpal.mp.br\/index.php?rest_route=\/wp\/v2\/users\/5"}],"replies":[{"embeddable":true,"href":"https:\/\/www.mpal.mp.br\/index.php?rest_route=%2Fwp%2Fv2%2Fcomments&post=12047"}],"version-history":[{"count":1,"href":"https:\/\/www.mpal.mp.br\/index.php?rest_route=\/wp\/v2\/posts\/12047\/revisions"}],"predecessor-version":[{"id":12049,"href":"https:\/\/www.mpal.mp.br\/index.php?rest_route=\/wp\/v2\/posts\/12047\/revisions\/12049"}],"wp:featuredmedia":[{"embeddable":true,"href":"https:\/\/www.mpal.mp.br\/index.php?rest_route=\/wp\/v2\/media\/12048"}],"wp:attachment":[{"href":"https:\/\/www.mpal.mp.br\/index.php?rest_route=%2Fwp%2Fv2%2Fmedia&parent=12047"}],"wp:term":[{"taxonomy":"category","embeddable":true,"href":"https:\/\/www.mpal.mp.br\/index.php?rest_route=%2Fwp%2Fv2%2Fcategories&post=12047"},{"taxonomy":"post_tag","embeddable":true,"href":"https:\/\/www.mpal.mp.br\/index.php?rest_route=%2Fwp%2Fv2%2Ftags&post=12047"}],"curies":[{"name":"wp","href":"https:\/\/api.w.org\/{rel}","templated":true}]}}