{"id":12041,"date":"2006-09-25T11:36:52","date_gmt":"2006-09-25T14:36:52","guid":{"rendered":"https:\/\/www.mpal.mp.br\/?p=12041"},"modified":"2022-07-12T11:37:28","modified_gmt":"2022-07-12T14:37:28","slug":"violencia-nas-escolas-mp-ouve-autoridades-ligadas-a-seguranca-publica","status":"publish","type":"post","link":"https:\/\/www.mpal.mp.br\/?p=12041","title":{"rendered":"Viol\u00eancia nas escolas: MP ouve autoridades ligadas \u00e0 seguran\u00e7a p\u00fablica"},"content":{"rendered":"<div class=\"content-wrapper-1\">\n<div class=\"content-wrapper-2\">\n<div id=\"mainmiddle\">\n<div id=\"mainmiddle-expand\">\n<div id=\"content\">\n<div id=\"content-shift\">\n<div class=\"floatbox\">\n<div class=\"joomla \">\n<div class=\"article\">\n<div id=\"articlepxfontsize1\">\n<div class=\"corpo\">\n<p style=\"text-align: justify;\"><span style=\"font-size: 14pt;\">Todas as autoridades ligadas \u00e0 seguran\u00e7a p\u00fablica notificadas pelo Minist\u00e9rio P\u00fablico de Alagoas compareceram \u00e0 audi\u00eancia que tratou sobre viol\u00eancia e vandalismo nas escolas da rede estadual, no in\u00edcio da tarde desta segunda-feira. Nessa primeira fase do inqu\u00e9rito civil instaurado pelos promotores de Justi\u00e7a Cec\u00edlia Carna\u00faba, Jamyl Barbosa e Hamilton Carneiro, da Fazenda P\u00fablica Estadual, foram ouvidos o secret\u00e1rio coordenador de Justi\u00e7a e Defesa Social, coronel Ronaldo dos Santos, do sub-comandante-geral da Pol\u00edcia Militar, Rubesn Gullar, do comandante de Policiamento da Capital (CPC) D\u00e1rio C\u00e9sar e do comandante do Batalh\u00e3o Escolar, Wellignton Ferreira da Silva.<\/span><\/p>\n<p style=\"text-align: justify;\"><span style=\"font-size: 14pt;\">A maior parte dos depoimentos aconteceu a portas fechadas, j\u00e1 que, segundo os promotores de Justi\u00e7a, o inqu\u00e9rito envolve discuss\u00f5es sobre t\u00e1ticas operacionais dos \u00f3rg\u00e3os de seguran\u00e7a p\u00fablica. \u201cPodemos dizer apenas \u00e9 que foi ratificado o compromisso de intensificar a atua\u00e7\u00e3o do Batalh\u00e3o Escolar, com a realiza\u00e7\u00e3o de 18 a 24 revistas semanais nas escolas estaduais e refor\u00e7o da frota com pelo menos mais duas viaturas e motos\u201d, adiantam os promotores de Justi\u00e7a, que esperam contar com apoio de diretores, professores e servidores das escolas durante as revistas.<\/span><\/p>\n<p style=\"text-align: justify;\">\n<p style=\"text-align: justify;\"><span style=\"font-size: 14pt;\">Educa\u00e7\u00e3o<\/span><\/p>\n<p style=\"text-align: justify;\"><span style=\"font-size: 14pt;\">Amanh\u00e3 (26\/9), a partir das 15 horas, o inqu\u00e9rito civil p\u00fablico prossegue com os depoimentos dos secret\u00e1rios Executivo de Educa\u00e7\u00e3o, Pedro Alves; de Administra\u00e7\u00e3o, Walter Oliveira; da Fazenda, Eduardo Henrique Ara\u00fajo; de Planejamento, S\u00e9rgio D\u00f3ria, e do procurador-geral do Estado, Wilson Roberto Lima, sobre a quest\u00e3o da aus\u00eancia de vagas para nomea\u00e7\u00e3o imediata de professores concursados e problemas de infra-estrutura nas escolas. A falta de professores, sobretudo na \u00e1rea de exatas, vem dificultando a conclus\u00e3o dos anos letivos de 2003, 2004 e 2005 e amea\u00e7a o ano em curso.<\/span><\/p>\n<\/div>\n<\/div>\n<\/div>\n<\/div>\n<\/div>\n<\/div>\n<\/div>\n<\/div>\n<\/div>\n<\/div>\n<\/div>\n<div class=\"content-wrapper-b1\">\n<div class=\"content-wrapper-b2\" style=\"text-align: justify;\"><\/div>\n<\/div>\n","protected":false},"excerpt":{"rendered":"<p> [&hellip;]<\/p>\n","protected":false},"author":5,"featured_media":12042,"comment_status":"open","ping_status":"open","sticky":false,"template":"","format":"standard","meta":{"om_disable_all_campaigns":false,"_monsterinsights_skip_tracking":false,"_monsterinsights_sitenote_active":false,"_monsterinsights_sitenote_note":"","_monsterinsights_sitenote_category":0,"_uf_show_specific_survey":0,"_uf_disable_surveys":false,"footnotes":""},"categories":[2],"tags":[],"class_list":["post-12041","post","type-post","status-publish","format-standard","has-post-thumbnail","hentry","category-not_mpal"],"aioseo_notices":[],"_links":{"self":[{"href":"https:\/\/www.mpal.mp.br\/index.php?rest_route=\/wp\/v2\/posts\/12041","targetHints":{"allow":["GET"]}}],"collection":[{"href":"https:\/\/www.mpal.mp.br\/index.php?rest_route=\/wp\/v2\/posts"}],"about":[{"href":"https:\/\/www.mpal.mp.br\/index.php?rest_route=\/wp\/v2\/types\/post"}],"author":[{"embeddable":true,"href":"https:\/\/www.mpal.mp.br\/index.php?rest_route=\/wp\/v2\/users\/5"}],"replies":[{"embeddable":true,"href":"https:\/\/www.mpal.mp.br\/index.php?rest_route=%2Fwp%2Fv2%2Fcomments&post=12041"}],"version-history":[{"count":1,"href":"https:\/\/www.mpal.mp.br\/index.php?rest_route=\/wp\/v2\/posts\/12041\/revisions"}],"predecessor-version":[{"id":12043,"href":"https:\/\/www.mpal.mp.br\/index.php?rest_route=\/wp\/v2\/posts\/12041\/revisions\/12043"}],"wp:featuredmedia":[{"embeddable":true,"href":"https:\/\/www.mpal.mp.br\/index.php?rest_route=\/wp\/v2\/media\/12042"}],"wp:attachment":[{"href":"https:\/\/www.mpal.mp.br\/index.php?rest_route=%2Fwp%2Fv2%2Fmedia&parent=12041"}],"wp:term":[{"taxonomy":"category","embeddable":true,"href":"https:\/\/www.mpal.mp.br\/index.php?rest_route=%2Fwp%2Fv2%2Fcategories&post=12041"},{"taxonomy":"post_tag","embeddable":true,"href":"https:\/\/www.mpal.mp.br\/index.php?rest_route=%2Fwp%2Fv2%2Ftags&post=12041"}],"curies":[{"name":"wp","href":"https:\/\/api.w.org\/{rel}","templated":true}]}}