{"id":12038,"date":"2006-10-05T11:35:46","date_gmt":"2006-10-05T14:35:46","guid":{"rendered":"https:\/\/www.mpal.mp.br\/?p=12038"},"modified":"2022-07-12T11:36:33","modified_gmt":"2022-07-12T14:36:33","slug":"diretores-de-escolas-da-rede-estadual-participam-de-audiencia-no-mp","status":"publish","type":"post","link":"https:\/\/www.mpal.mp.br\/?p=12038","title":{"rendered":"Diretores de escolas da rede estadual participam de audi\u00eancia no MP"},"content":{"rendered":"<p style=\"text-align: justify;\"><span style=\"font-size: 14pt;\">Diretores de mais de cem escolas da rede estadual participaram de audi\u00eancia p\u00fablica, nesta quinta-feira, no audit\u00f3rio da Procuradoria Geral de Justi\u00e7a. Na ocasi\u00e3o, os promotores de Justi\u00e7a Jamyl Barbosa e Cec\u00edlia Carna\u00faba receberam relat\u00f3rios que haviam requisitados com rela\u00e7\u00e3o \u00e0 situa\u00e7\u00e3o de cada escola e aproveitaram para enfatizar que todos, n\u00e3o s\u00f3 o Estado, devem zelar pelo cumprimento das obriga\u00e7\u00f5es para garantir o perfeito funcionamento do sistema p\u00fablico de educa\u00e7\u00e3o, previstas na Constitui\u00e7\u00e3o, na Lei de Diretrizes e Bases da Educa\u00e7\u00e3o (LDB) e no Estatuto da Crian\u00e7a.<\/span><\/p>\n<p style=\"text-align: justify;\"><span style=\"font-size: 14pt;\">\u201cDa mesma forma que estamos cobrando do Estado, temos obriga\u00e7\u00e3o de alertar a todos os senhores com rela\u00e7\u00e3o \u00e0s responsabilidades administrativas e civis, cujo n\u00e3o cumprimento pode levar at\u00e9 \u00e0 perda do cargo. N\u00e3o pode haver omiss\u00e3o de qualquer tipo\u201d, enfatizou Cec\u00edlia.<\/span><\/p>\n<p style=\"text-align: justify;\"><span style=\"font-size: 14pt;\">Os representantes do MP tamb\u00e9m informaram aos diretores que, na pr\u00f3xima semana, uma audi\u00eancia com o governador Lu\u00eds Ab\u00edlio Sousa deve definir o quantitativo de professores que v\u00e3o ser nomeados. \u201cVamos postular a cria\u00e7\u00e3o de mais cargos e professores, j\u00e1 que as 120 vagas, a princ\u00edpio garantidas, s\u00e3o insuficientes. A car\u00eancia total \u00e9 de 3 mil professores\u201d, garantiram os promotores de Justi\u00e7a.<\/span><\/p>\n<p style=\"text-align: justify;\"><span style=\"font-size: 14pt;\">A audi\u00eancia desta quinta-feira faz parte do inqu\u00e9rito civil instaurado pelo MP para investigar den\u00fancias relativas \u00e0 falta de professores, de infra-estrutura e de seguran\u00e7a nas escolas da rede estadual. Os problemas vem resultando em dificuldades para conclus\u00e3o dos anos letivos de 2003, 2004, 2005 e 2006.<\/span><\/p>\n<p style=\"text-align: justify;\"><span style=\"font-size: 14pt;\">Em audi\u00eancias anteriores, os representantes do Governo de Alagoas se comprometeram a nomear, at\u00e9 o dia 25 deste m\u00eas, monitores para suprir defici\u00eancias de professores na \u00e1rea de exatas e ampliar a carga-hor\u00e1ria do atual quadro de professores efetivos. Tamb\u00e9m prometeram intensificar a atua\u00e7\u00e3o do Batalh\u00e3o Escolar, com a realiza\u00e7\u00e3o de 18 a 24 blitze semanais.<\/span><\/p>\n<p style=\"text-align: justify;\"><span style=\"font-size: 14pt;\">\u201cO Batalh\u00e3o Escolar precisa do apoio dos diretores para atuar de forma eficaz. Temos que pensar que os policiais est\u00e3o trabalhando pela seguran\u00e7a de todos\u201d, enfatizou a promotora de Justi\u00e7a Cec\u00edlia Carna\u00faba , durante a apresenta\u00e7\u00e3o do andamento do inqu\u00e9rito aos diretores.<\/span><\/p>\n","protected":false},"excerpt":{"rendered":"<p> [&hellip;]<\/p>\n","protected":false},"author":5,"featured_media":12039,"comment_status":"open","ping_status":"open","sticky":false,"template":"","format":"standard","meta":{"om_disable_all_campaigns":false,"_monsterinsights_skip_tracking":false,"_monsterinsights_sitenote_active":false,"_monsterinsights_sitenote_note":"","_monsterinsights_sitenote_category":0,"_uf_show_specific_survey":0,"_uf_disable_surveys":false,"footnotes":""},"categories":[2],"tags":[],"class_list":["post-12038","post","type-post","status-publish","format-standard","has-post-thumbnail","hentry","category-not_mpal"],"aioseo_notices":[],"_links":{"self":[{"href":"https:\/\/www.mpal.mp.br\/index.php?rest_route=\/wp\/v2\/posts\/12038","targetHints":{"allow":["GET"]}}],"collection":[{"href":"https:\/\/www.mpal.mp.br\/index.php?rest_route=\/wp\/v2\/posts"}],"about":[{"href":"https:\/\/www.mpal.mp.br\/index.php?rest_route=\/wp\/v2\/types\/post"}],"author":[{"embeddable":true,"href":"https:\/\/www.mpal.mp.br\/index.php?rest_route=\/wp\/v2\/users\/5"}],"replies":[{"embeddable":true,"href":"https:\/\/www.mpal.mp.br\/index.php?rest_route=%2Fwp%2Fv2%2Fcomments&post=12038"}],"version-history":[{"count":1,"href":"https:\/\/www.mpal.mp.br\/index.php?rest_route=\/wp\/v2\/posts\/12038\/revisions"}],"predecessor-version":[{"id":12040,"href":"https:\/\/www.mpal.mp.br\/index.php?rest_route=\/wp\/v2\/posts\/12038\/revisions\/12040"}],"wp:featuredmedia":[{"embeddable":true,"href":"https:\/\/www.mpal.mp.br\/index.php?rest_route=\/wp\/v2\/media\/12039"}],"wp:attachment":[{"href":"https:\/\/www.mpal.mp.br\/index.php?rest_route=%2Fwp%2Fv2%2Fmedia&parent=12038"}],"wp:term":[{"taxonomy":"category","embeddable":true,"href":"https:\/\/www.mpal.mp.br\/index.php?rest_route=%2Fwp%2Fv2%2Fcategories&post=12038"},{"taxonomy":"post_tag","embeddable":true,"href":"https:\/\/www.mpal.mp.br\/index.php?rest_route=%2Fwp%2Fv2%2Ftags&post=12038"}],"curies":[{"name":"wp","href":"https:\/\/api.w.org\/{rel}","templated":true}]}}