{"id":12035,"date":"2006-10-20T11:34:46","date_gmt":"2006-10-20T14:34:46","guid":{"rendered":"https:\/\/www.mpal.mp.br\/?p=12035"},"modified":"2022-07-12T11:35:21","modified_gmt":"2022-07-12T14:35:21","slug":"coaracy-indica-na-proxima-semana-promotor-de-justica-para-atuar-nas-questoes-agrarias","status":"publish","type":"post","link":"https:\/\/www.mpal.mp.br\/?p=12035","title":{"rendered":"Coaracy indica, na pr\u00f3xima semana, promotor de Justi\u00e7a para atuar nas quest\u00f5es agr\u00e1rias"},"content":{"rendered":"<p style=\"text-align: justify;\"><span style=\"font-size: 14pt;\">O procurador-geral de Justi\u00e7a, Coaracy Fonseca, deve indicar, na pr\u00f3xima semana, um promotor de Justi\u00e7a para atuar no N\u00facleo de Direitos Humanos do Minist\u00e9rio P\u00fablico de Alagoas especificamente ligado aos conflitos agr\u00e1rios. A decis\u00e3o foi anunciada durante reuni\u00e3o, na manh\u00e3 desta sexta-feira, com o ouvidor agr\u00e1rio nacional, Gersino Silva.<\/span><\/p>\n<p style=\"text-align: justify;\"><span style=\"font-size: 14pt;\">Segundo o procurador-geral de Justi\u00e7a, assim que for criada a Vara de Justi\u00e7a espec\u00edfica, j\u00e1 anunciada pelo presidente do Tribunal de Justi\u00e7a de Alagoas, Est\u00e1cio Gama, o Minist\u00e9rio P\u00fablico de Alagoas ter\u00e1 tamb\u00e9m uma Promotoria de Justi\u00e7a Agr\u00e1ria.<\/span><\/p>\n<p style=\"text-align: justify;\"><span style=\"font-size: 14pt;\">\u201cAcredito, que at\u00e9 janeiro do pr\u00f3ximo ano, a Vara e a Promotoria de Justi\u00e7a Agr\u00e1ria v\u00e3o estar funcionando. Por enquanto, o promotor de Justi\u00e7a indicado vai contar com a estrutura do nosso N\u00facleo de Direitos Humanos, que j\u00e1 vem intermediando, com sucesso, conflitos sociais em diferentes \u00e1reas no campo e na cidade, tendo por isso recebido, ano passado, o Pr\u00eamio Nacional de Direitos Humanos\u201d, enfatizou Fonseca.<\/span><\/p>\n<p style=\"text-align: justify;\"><span style=\"font-size: 14pt;\">Tamb\u00e9m participaram da reuni\u00e3o, o procurador-geral de Justi\u00e7a de Minas Gerais, Afonso Henrique Miranda, integrante do Conselho Nacional de Procuradores Gerais de Justi\u00e7a, o representante da Secretaria Especial dos Direitos Humanos da Presid\u00eancia da Rep\u00fablica, Ailson Machado, o diretor do Centro de Gerenciamento de Crises da Pol\u00edcia Militar de Alagoas, coronel Robson Gomes, e a ouvidora regional do Incra em Alagoas, Kati\u00facia Mendes e assessores do Minist\u00e9rio da Justi\u00e7a.<\/span><\/p>\n","protected":false},"excerpt":{"rendered":"<p> [&hellip;]<\/p>\n","protected":false},"author":5,"featured_media":12036,"comment_status":"open","ping_status":"open","sticky":false,"template":"","format":"standard","meta":{"om_disable_all_campaigns":false,"_monsterinsights_skip_tracking":false,"_monsterinsights_sitenote_active":false,"_monsterinsights_sitenote_note":"","_monsterinsights_sitenote_category":0,"_uf_show_specific_survey":0,"_uf_disable_surveys":false,"footnotes":""},"categories":[2],"tags":[],"class_list":["post-12035","post","type-post","status-publish","format-standard","has-post-thumbnail","hentry","category-not_mpal"],"aioseo_notices":[],"_links":{"self":[{"href":"https:\/\/www.mpal.mp.br\/index.php?rest_route=\/wp\/v2\/posts\/12035","targetHints":{"allow":["GET"]}}],"collection":[{"href":"https:\/\/www.mpal.mp.br\/index.php?rest_route=\/wp\/v2\/posts"}],"about":[{"href":"https:\/\/www.mpal.mp.br\/index.php?rest_route=\/wp\/v2\/types\/post"}],"author":[{"embeddable":true,"href":"https:\/\/www.mpal.mp.br\/index.php?rest_route=\/wp\/v2\/users\/5"}],"replies":[{"embeddable":true,"href":"https:\/\/www.mpal.mp.br\/index.php?rest_route=%2Fwp%2Fv2%2Fcomments&post=12035"}],"version-history":[{"count":1,"href":"https:\/\/www.mpal.mp.br\/index.php?rest_route=\/wp\/v2\/posts\/12035\/revisions"}],"predecessor-version":[{"id":12037,"href":"https:\/\/www.mpal.mp.br\/index.php?rest_route=\/wp\/v2\/posts\/12035\/revisions\/12037"}],"wp:featuredmedia":[{"embeddable":true,"href":"https:\/\/www.mpal.mp.br\/index.php?rest_route=\/wp\/v2\/media\/12036"}],"wp:attachment":[{"href":"https:\/\/www.mpal.mp.br\/index.php?rest_route=%2Fwp%2Fv2%2Fmedia&parent=12035"}],"wp:term":[{"taxonomy":"category","embeddable":true,"href":"https:\/\/www.mpal.mp.br\/index.php?rest_route=%2Fwp%2Fv2%2Fcategories&post=12035"},{"taxonomy":"post_tag","embeddable":true,"href":"https:\/\/www.mpal.mp.br\/index.php?rest_route=%2Fwp%2Fv2%2Ftags&post=12035"}],"curies":[{"name":"wp","href":"https:\/\/api.w.org\/{rel}","templated":true}]}}