{"id":12031,"date":"2006-10-26T11:33:43","date_gmt":"2006-10-26T14:33:43","guid":{"rendered":"https:\/\/www.mpal.mp.br\/?p=12031"},"modified":"2022-07-12T11:34:22","modified_gmt":"2022-07-12T14:34:22","slug":"saude-publica-diretores-de-hospitais-prestam-esclarecimento-ao-mp","status":"publish","type":"post","link":"https:\/\/www.mpal.mp.br\/?p=12031","title":{"rendered":"Sa\u00fade p\u00fablica: Diretores de hospitais prestam esclarecimento ao MP"},"content":{"rendered":"<div class=\"content-wrapper-1\">\n<div class=\"content-wrapper-2\">\n<div id=\"mainmiddle\">\n<div id=\"mainmiddle-expand\">\n<div id=\"content\">\n<div id=\"content-shift\">\n<div class=\"floatbox\">\n<div class=\"joomla \">\n<div class=\"article\">\n<div id=\"articlepxfontsize1\">\n<div class=\"corpo\">\n<p style=\"text-align: justify;\"><span style=\"font-size: 14pt;\">Representantes dos hospitais Sanat\u00f3rio, Usineiros e Santa Casa informaram ao Minist\u00e9rio P\u00fablico de Alagoas que a suspens\u00e3o do atendimento do SUS em procedimentos eletivos (consulta marcada) ocorre devido \u00e0 insufici\u00eancia de verbas para manuten\u00e7\u00e3o do atendimento.<\/span><\/p>\n<p style=\"text-align: justify;\"><span style=\"font-size: 14pt;\">Segundo eles e o pr\u00f3prio secret\u00e1rio municipal de Sa\u00fade, Jo\u00e3o Mac\u00e1rio, os 196 milh\u00f5es de reais repassados este ano pelo Minist\u00e9rio da Sa\u00fade n\u00e3o cobrem os atendimentos. A justificativa foi apresentada durante audi\u00eancia, nesta quinta-feira, com promotor de Justi\u00e7a Ubirajara Ramos, da Promotoria de Justi\u00e7a Coletiva da Sa\u00fade, do Idoso e do Deficiente.<\/span><\/p>\n<p style=\"text-align: justify;\"><span style=\"font-size: 14pt;\">De acordo com o secret\u00e1rio municipal de Sa\u00fade Jo\u00e3o Mac\u00e1rio, muita gente do interior \u00e9 atendida em Macei\u00f3, &#8220;o equivalente a 47% da popula\u00e7\u00e3o&#8221;. Por conta disso, o munic\u00edpio fica sacrificado\u201d, ressaltou Mac\u00e1rio, que entregou ao promotor de Justi\u00e7a documentos e planilhas com os valores do SUS repassados para os munic\u00edpios e para o Estado.<\/span><\/p>\n<p style=\"text-align: justify;\"><span style=\"font-size: 14pt;\">\u201cEssa situa\u00e7\u00e3o de falta de recurso j\u00e1 existe h\u00e1 muito tempo. Sabemos que 93% da popula\u00e7\u00e3o depende do SUS. Temos uma renda per capita baixa em Alagoas. Se n\u00e3o fosse o plano privado que subsidia a Santa Casa a situa\u00e7\u00e3o seria mais ca\u00f3tica\u201d, ressaltou o presidente do Sindicato dos Hospitais e diretor da Santa Casa Humberto Gomes. O representante do Sanat\u00f3rio, Jos\u00e9 Vaz, assegurou que a situa\u00e7\u00e3o \u00e9 a mesma na sua institui\u00e7\u00e3o. Os tr\u00eas respresentantes dos hospitais alegaram que os atendimentos eletivos est\u00e3o suspensos porque n\u00e3o est\u00e3o sendo remunerados como deveriam pelos servi\u00e7os prestados.<\/span><\/p>\n<p style=\"text-align: justify;\"><span style=\"font-size: 14pt;\">\u201cVamos analisar os documentos deixados pela Secretaria Municipal de Sa\u00fade. Em seguida, propor a reformula\u00e7\u00e3o do quantitativo de recursos pactuados por 17 munic\u00edpios de gest\u00e3o plena com o Estado, que deveriam atender todos os n\u00edveis de servi\u00e7os&#8221;, adiantou o representante do MP. Ele orienta que, at\u00e9 que haja uma solu\u00e7\u00e3o para o problema, os pacientes devem acionar o Minist\u00e9rio P\u00fablico para garantir seu atendimento.<\/span><\/p>\n<\/div>\n<\/div>\n<\/div>\n<\/div>\n<\/div>\n<\/div>\n<\/div>\n<\/div>\n<\/div>\n<\/div>\n<\/div>\n<div class=\"content-wrapper-b1\">\n<div class=\"content-wrapper-b2\" style=\"text-align: justify;\"><\/div>\n<\/div>\n","protected":false},"excerpt":{"rendered":"<p> [&hellip;]<\/p>\n","protected":false},"author":5,"featured_media":12032,"comment_status":"open","ping_status":"open","sticky":false,"template":"","format":"standard","meta":{"om_disable_all_campaigns":false,"_monsterinsights_skip_tracking":false,"_monsterinsights_sitenote_active":false,"_monsterinsights_sitenote_note":"","_monsterinsights_sitenote_category":0,"_uf_show_specific_survey":0,"_uf_disable_surveys":false,"footnotes":""},"categories":[2],"tags":[],"class_list":["post-12031","post","type-post","status-publish","format-standard","has-post-thumbnail","hentry","category-not_mpal"],"aioseo_notices":[],"_links":{"self":[{"href":"https:\/\/www.mpal.mp.br\/index.php?rest_route=\/wp\/v2\/posts\/12031","targetHints":{"allow":["GET"]}}],"collection":[{"href":"https:\/\/www.mpal.mp.br\/index.php?rest_route=\/wp\/v2\/posts"}],"about":[{"href":"https:\/\/www.mpal.mp.br\/index.php?rest_route=\/wp\/v2\/types\/post"}],"author":[{"embeddable":true,"href":"https:\/\/www.mpal.mp.br\/index.php?rest_route=\/wp\/v2\/users\/5"}],"replies":[{"embeddable":true,"href":"https:\/\/www.mpal.mp.br\/index.php?rest_route=%2Fwp%2Fv2%2Fcomments&post=12031"}],"version-history":[{"count":1,"href":"https:\/\/www.mpal.mp.br\/index.php?rest_route=\/wp\/v2\/posts\/12031\/revisions"}],"predecessor-version":[{"id":12033,"href":"https:\/\/www.mpal.mp.br\/index.php?rest_route=\/wp\/v2\/posts\/12031\/revisions\/12033"}],"wp:featuredmedia":[{"embeddable":true,"href":"https:\/\/www.mpal.mp.br\/index.php?rest_route=\/wp\/v2\/media\/12032"}],"wp:attachment":[{"href":"https:\/\/www.mpal.mp.br\/index.php?rest_route=%2Fwp%2Fv2%2Fmedia&parent=12031"}],"wp:term":[{"taxonomy":"category","embeddable":true,"href":"https:\/\/www.mpal.mp.br\/index.php?rest_route=%2Fwp%2Fv2%2Fcategories&post=12031"},{"taxonomy":"post_tag","embeddable":true,"href":"https:\/\/www.mpal.mp.br\/index.php?rest_route=%2Fwp%2Fv2%2Ftags&post=12031"}],"curies":[{"name":"wp","href":"https:\/\/api.w.org\/{rel}","templated":true}]}}