{"id":12003,"date":"2006-08-16T09:59:00","date_gmt":"2006-08-16T12:59:00","guid":{"rendered":"https:\/\/www.mpal.mp.br\/?p=12003"},"modified":"2022-07-12T10:01:57","modified_gmt":"2022-07-12T13:01:57","slug":"mp-investiga-supostas-irregularidades-em-unidades-de-internacao-e-delegacia-da-crianca-e-do-adolescente","status":"publish","type":"post","link":"https:\/\/www.mpal.mp.br\/?p=12003","title":{"rendered":"MP investiga supostas irregularidades em unidades de interna\u00e7\u00e3o e Delegacia da Crian\u00e7a e do Adolescente"},"content":{"rendered":"<p style=\"text-align: justify;\"><span style=\"font-size: 14pt;\">O Minist\u00e9rio P\u00fablico de Alagoas instaurou procedimento administrativo para investigar a exist\u00eancia de supostas irregularidades na Delegacia da Crian\u00e7a e do Adolescente Unidade de Interna\u00e7\u00e3o Masculina, Unidade de Interna\u00e7\u00e3o Feminina, Unidade de Interna\u00e7\u00e3o Provis\u00f3ria que recebem adolescentes envolvidos em atos infracionais.<\/span><\/p>\n<p style=\"text-align: justify;\"><span style=\"font-size: 14pt;\">De acordo com os promotores de Justi\u00e7a Alexandra Beurlen e Cl\u00e1udio Brand\u00e3o S\u00e1, a Promotoria da Inf\u00e2ncia e Juventude quer saber se as institui\u00e7\u00f5es est\u00e3o respeitando o espa\u00e7o legal (m\u00ednimo seis metros quadrados por pessoa privada de liberdade) estabelecido pela Execu\u00e7\u00e3o Penal para os adultos, que serve de base para medi\u00e7\u00e3o das unidades voltadas aos adolescentes.<\/span><\/p>\n<p style=\"text-align: justify;\"><span style=\"font-size: 14pt;\">\u201cJ\u00e1 requisitamos a devida per\u00edcia \u00e0 Serveal. Se for constada uma media\u00e7\u00e3o abaixo da estipulada, vamos entrar com as medidas adminstrativas e judiciais cab\u00edveis\u201d, afirma Alexandra.<\/span><\/p>\n","protected":false},"excerpt":{"rendered":"<p> [&hellip;]<\/p>\n","protected":false},"author":4,"featured_media":12004,"comment_status":"open","ping_status":"open","sticky":false,"template":"","format":"standard","meta":{"om_disable_all_campaigns":false,"_monsterinsights_skip_tracking":false,"_monsterinsights_sitenote_active":false,"_monsterinsights_sitenote_note":"","_monsterinsights_sitenote_category":0,"_uf_show_specific_survey":0,"_uf_disable_surveys":false,"footnotes":""},"categories":[2],"tags":[],"class_list":["post-12003","post","type-post","status-publish","format-standard","has-post-thumbnail","hentry","category-not_mpal"],"aioseo_notices":[],"_links":{"self":[{"href":"https:\/\/www.mpal.mp.br\/index.php?rest_route=\/wp\/v2\/posts\/12003","targetHints":{"allow":["GET"]}}],"collection":[{"href":"https:\/\/www.mpal.mp.br\/index.php?rest_route=\/wp\/v2\/posts"}],"about":[{"href":"https:\/\/www.mpal.mp.br\/index.php?rest_route=\/wp\/v2\/types\/post"}],"author":[{"embeddable":true,"href":"https:\/\/www.mpal.mp.br\/index.php?rest_route=\/wp\/v2\/users\/4"}],"replies":[{"embeddable":true,"href":"https:\/\/www.mpal.mp.br\/index.php?rest_route=%2Fwp%2Fv2%2Fcomments&post=12003"}],"version-history":[{"count":1,"href":"https:\/\/www.mpal.mp.br\/index.php?rest_route=\/wp\/v2\/posts\/12003\/revisions"}],"predecessor-version":[{"id":12005,"href":"https:\/\/www.mpal.mp.br\/index.php?rest_route=\/wp\/v2\/posts\/12003\/revisions\/12005"}],"wp:featuredmedia":[{"embeddable":true,"href":"https:\/\/www.mpal.mp.br\/index.php?rest_route=\/wp\/v2\/media\/12004"}],"wp:attachment":[{"href":"https:\/\/www.mpal.mp.br\/index.php?rest_route=%2Fwp%2Fv2%2Fmedia&parent=12003"}],"wp:term":[{"taxonomy":"category","embeddable":true,"href":"https:\/\/www.mpal.mp.br\/index.php?rest_route=%2Fwp%2Fv2%2Fcategories&post=12003"},{"taxonomy":"post_tag","embeddable":true,"href":"https:\/\/www.mpal.mp.br\/index.php?rest_route=%2Fwp%2Fv2%2Ftags&post=12003"}],"curies":[{"name":"wp","href":"https:\/\/api.w.org\/{rel}","templated":true}]}}