{"id":11984,"date":"2012-05-16T09:44:10","date_gmt":"2012-05-16T12:44:10","guid":{"rendered":"https:\/\/www.mpal.mp.br\/?p=11984"},"modified":"2022-07-12T09:47:20","modified_gmt":"2022-07-12T12:47:20","slug":"curso-de-virtualizacao-prepara-promotores-e-colaboradores-da-infancia-e-juventude","status":"publish","type":"post","link":"https:\/\/www.mpal.mp.br\/?p=11984","title":{"rendered":"Curso de virtualiza\u00e7\u00e3o prepara promotores e colaboradores da Inf\u00e2ncia e Juventude"},"content":{"rendered":"<p style=\"text-align: justify;\"><span style=\"font-size: 14pt;\">O Procurador-Geral de Justi\u00e7a, Eduardo Tavares, informa aos promotores de Justi\u00e7a, analistas judici\u00e1rios e estagi\u00e1rios, vinculados \u00e0s Promotorias da Inf\u00e2ncia e Juventude, sobre a import\u00e2ncia da participa\u00e7\u00e3o no treinamento para implanta\u00e7\u00e3o do processo eletr\u00f4nico. O encontro acontece logo mais, \u00e0s 14h, na Escola Superior da Magistratura de Alagoas (ESMAL). Segundo a Desembargadora Nelma Padilha, em exerc\u00edcio da Presid\u00eancia do TJ, o evento \u00e9 indispens\u00e1vel para que todos esclare\u00e7am as d\u00favidas quanto ao projeto de virtualiza\u00e7\u00e3o do Poder Judici\u00e1rio.<\/span><\/p>\n","protected":false},"excerpt":{"rendered":"<p> [&hellip;]<\/p>\n","protected":false},"author":4,"featured_media":11985,"comment_status":"open","ping_status":"open","sticky":false,"template":"","format":"standard","meta":{"om_disable_all_campaigns":false,"_monsterinsights_skip_tracking":false,"_monsterinsights_sitenote_active":false,"_monsterinsights_sitenote_note":"","_monsterinsights_sitenote_category":0,"_uf_show_specific_survey":0,"_uf_disable_surveys":false,"footnotes":""},"categories":[2],"tags":[],"class_list":["post-11984","post","type-post","status-publish","format-standard","has-post-thumbnail","hentry","category-not_mpal"],"aioseo_notices":[],"_links":{"self":[{"href":"https:\/\/www.mpal.mp.br\/index.php?rest_route=\/wp\/v2\/posts\/11984","targetHints":{"allow":["GET"]}}],"collection":[{"href":"https:\/\/www.mpal.mp.br\/index.php?rest_route=\/wp\/v2\/posts"}],"about":[{"href":"https:\/\/www.mpal.mp.br\/index.php?rest_route=\/wp\/v2\/types\/post"}],"author":[{"embeddable":true,"href":"https:\/\/www.mpal.mp.br\/index.php?rest_route=\/wp\/v2\/users\/4"}],"replies":[{"embeddable":true,"href":"https:\/\/www.mpal.mp.br\/index.php?rest_route=%2Fwp%2Fv2%2Fcomments&post=11984"}],"version-history":[{"count":1,"href":"https:\/\/www.mpal.mp.br\/index.php?rest_route=\/wp\/v2\/posts\/11984\/revisions"}],"predecessor-version":[{"id":11986,"href":"https:\/\/www.mpal.mp.br\/index.php?rest_route=\/wp\/v2\/posts\/11984\/revisions\/11986"}],"wp:featuredmedia":[{"embeddable":true,"href":"https:\/\/www.mpal.mp.br\/index.php?rest_route=\/wp\/v2\/media\/11985"}],"wp:attachment":[{"href":"https:\/\/www.mpal.mp.br\/index.php?rest_route=%2Fwp%2Fv2%2Fmedia&parent=11984"}],"wp:term":[{"taxonomy":"category","embeddable":true,"href":"https:\/\/www.mpal.mp.br\/index.php?rest_route=%2Fwp%2Fv2%2Fcategories&post=11984"},{"taxonomy":"post_tag","embeddable":true,"href":"https:\/\/www.mpal.mp.br\/index.php?rest_route=%2Fwp%2Fv2%2Ftags&post=11984"}],"curies":[{"name":"wp","href":"https:\/\/api.w.org\/{rel}","templated":true}]}}