{"id":11971,"date":"2013-07-10T09:31:31","date_gmt":"2013-07-10T12:31:31","guid":{"rendered":"https:\/\/www.mpal.mp.br\/?p=11971"},"modified":"2022-07-12T09:35:11","modified_gmt":"2022-07-12T12:35:11","slug":"reducao-da-maioridade-penal-sera-tema-de-encontro-no-mp-al","status":"publish","type":"post","link":"https:\/\/www.mpal.mp.br\/?p=11971","title":{"rendered":"Redu\u00e7\u00e3o da maioridade penal ser\u00e1 tema de encontro no MP\/AL"},"content":{"rendered":"<p style=\"text-align: justify;\" align=\"JUSTIFY\"><span style=\"font-size: 14pt;\">O Centro de Refer\u00eancia em Cidadania e Direitos Humanos de Alagoas (CRCDH\/AL) promove na manh\u00e3 desta sexta-feira (12) o 1\u00ba Encontro Estadual sobre o Estatuto da Crian\u00e7a e do Adolescente (ECA) e a Discuss\u00e3o da Maioridade Penal. Com in\u00edcio previsto para as 8h30, o evento ser\u00e1 realizado no audit\u00f3rio Edgar Valente Lima, na sede da Procuradoria Geral de Justi\u00e7a, no Po\u00e7o. O CRCDH\/AL \u00e9 um projeto da Superintend\u00eancia de Pol\u00edticas de Promo\u00e7\u00e3o da Cidadania e dos Direitos Humanos da Secretaria de Estado da Mulher, Cidadania e dos Direitos Humanos.<\/span><\/p>\n<p style=\"text-align: justify;\" align=\"JUSTIFY\"><span style=\"font-size: 14pt;\">O procurador-geral de Justi\u00e7a, S\u00e9rgio Juc\u00e1, ser\u00e1 um dos palestrantes que integram a mesa-redonda. Juc\u00e1 falar\u00e1 dos aspectos jur\u00eddicos da redu\u00e7\u00e3o da maioridade penal. Ao lado do procurador estar\u00e1 o jornalista Ricardo Mota, que abordar\u00e1 a influ\u00eancia da m\u00eddia na forma\u00e7\u00e3o da opini\u00e3o p\u00fablica em rela\u00e7\u00e3o ao tema. Para completar a mesa, o psic\u00f3logo Edmilson Vasconcelos discorrer\u00e1 sobre o sistema de garantia de direitos e a redu\u00e7\u00e3o da maioridade penal. O presidente do Conselho Estadual dos Direitos da Crian\u00e7a e do Adolescente, Cl\u00e1udo Soriano, coordenar\u00e1 a discuss\u00e3o.<\/span><\/p>\n<p style=\"text-align: justify;\" align=\"JUSTIFY\"><span style=\"font-size: 14pt;\"><strong>Criminalidade<\/strong><\/span><\/p>\n<p style=\"text-align: justify;\" align=\"JUSTIFY\"><span style=\"font-size: 14pt;\">De acordo com a coordenadora do CRCDH\/AL, Rosa Augusta, o encontro permitir\u00e1 \u00e0 popula\u00e7\u00e3o conhecer melhor o debate que cerca a redu\u00e7\u00e3o da maioridade no pa\u00eds e, a partir da\u00ed, tomar posi\u00e7\u00e3o sobre o tema. A falta de pol\u00edticas p\u00fablicas tamb\u00e9m ser\u00e1 pautada como um dos fatores que aproxima os jovens da criminalidade.<\/span><\/p>\n<p style=\"text-align: justify;\" align=\"JUSTIFY\"><span style=\"font-size: 14pt;\">\u201cEscolhemos esse assunto para comemorar, de forma cr\u00edtica, o anivers\u00e1rio de 23 anos do ECA. H\u00e1 iniciativas no Congresso Nacional, como a PEC 33\/2012, do senador Aloysio Nunes (PSDB), que defendem a redu\u00e7\u00e3o e pode ser aprovada sem o crivo da sociedade. Para isso, reuniremos um jurista, um jornalista e um ativista social para debater a maioridade hoje\u201d, disse a coordenadora.<\/span><\/p>\n<p style=\"text-align: justify;\" align=\"JUSTIFY\"><span style=\"font-size: 14pt;\">Aberto ao p\u00fablico, o evento j\u00e1 est\u00e1 com as inscri\u00e7\u00f5es esgotadas.<\/span><\/p>\n","protected":false},"excerpt":{"rendered":"<p> [&hellip;]<\/p>\n","protected":false},"author":4,"featured_media":11972,"comment_status":"open","ping_status":"open","sticky":false,"template":"","format":"standard","meta":{"om_disable_all_campaigns":false,"_monsterinsights_skip_tracking":false,"_monsterinsights_sitenote_active":false,"_monsterinsights_sitenote_note":"","_monsterinsights_sitenote_category":0,"_uf_show_specific_survey":0,"_uf_disable_surveys":false,"footnotes":""},"categories":[2],"tags":[],"class_list":["post-11971","post","type-post","status-publish","format-standard","has-post-thumbnail","hentry","category-not_mpal"],"aioseo_notices":[],"_links":{"self":[{"href":"https:\/\/www.mpal.mp.br\/index.php?rest_route=\/wp\/v2\/posts\/11971","targetHints":{"allow":["GET"]}}],"collection":[{"href":"https:\/\/www.mpal.mp.br\/index.php?rest_route=\/wp\/v2\/posts"}],"about":[{"href":"https:\/\/www.mpal.mp.br\/index.php?rest_route=\/wp\/v2\/types\/post"}],"author":[{"embeddable":true,"href":"https:\/\/www.mpal.mp.br\/index.php?rest_route=\/wp\/v2\/users\/4"}],"replies":[{"embeddable":true,"href":"https:\/\/www.mpal.mp.br\/index.php?rest_route=%2Fwp%2Fv2%2Fcomments&post=11971"}],"version-history":[{"count":2,"href":"https:\/\/www.mpal.mp.br\/index.php?rest_route=\/wp\/v2\/posts\/11971\/revisions"}],"predecessor-version":[{"id":11974,"href":"https:\/\/www.mpal.mp.br\/index.php?rest_route=\/wp\/v2\/posts\/11971\/revisions\/11974"}],"wp:featuredmedia":[{"embeddable":true,"href":"https:\/\/www.mpal.mp.br\/index.php?rest_route=\/wp\/v2\/media\/11972"}],"wp:attachment":[{"href":"https:\/\/www.mpal.mp.br\/index.php?rest_route=%2Fwp%2Fv2%2Fmedia&parent=11971"}],"wp:term":[{"taxonomy":"category","embeddable":true,"href":"https:\/\/www.mpal.mp.br\/index.php?rest_route=%2Fwp%2Fv2%2Fcategories&post=11971"},{"taxonomy":"post_tag","embeddable":true,"href":"https:\/\/www.mpal.mp.br\/index.php?rest_route=%2Fwp%2Fv2%2Ftags&post=11971"}],"curies":[{"name":"wp","href":"https:\/\/api.w.org\/{rel}","templated":true}]}}