{"id":11969,"date":"2013-07-17T09:27:50","date_gmt":"2013-07-17T12:27:50","guid":{"rendered":"https:\/\/www.mpal.mp.br\/?p=11969"},"modified":"2022-07-12T09:31:25","modified_gmt":"2022-07-12T12:31:25","slug":"mp-al-cobra-o-fim-de-superlotacao-em-unidade-de-internacao","status":"publish","type":"post","link":"https:\/\/www.mpal.mp.br\/?p=11969","title":{"rendered":"MP\/AL cobra o fim de superlota\u00e7\u00e3o em unidade de interna\u00e7\u00e3o"},"content":{"rendered":"<p style=\"text-align: justify;\"><span style=\"font-size: 14pt;\">A Promotoria de Justi\u00e7a da Inf\u00e2ncia e Juventude da Capital estabeleceu, nesta quarta-feira (17), o prazo de 15 dias para a Secretaria de Estado de Promo\u00e7\u00e3o de Paz (Sepaz) resolver o problema de superlota\u00e7\u00e3o da Unidade de Interna\u00e7\u00e3o Provis\u00f3ria de Rio Largo. A unidade tem capacidade de receber 24 jovens e aloja hoje o dobro, sem qualquer pol\u00edtica pedag\u00f3gica para os internos. Al\u00e9m da superlota\u00e7\u00e3o, nove adolescentes continuam apreendidos de forma irregular. Caso o governo estadual mantenha o quadro, o Minist\u00e9rio P\u00fablico do Estado de Alagoas ajuizar\u00e1 uma a\u00e7\u00e3o para promover a interdi\u00e7\u00e3o do estabelecimento.<\/span><\/p>\n<p style=\"text-align: justify;\"><span style=\"font-size: 14pt;\">Ap\u00f3s realizar inspe\u00e7\u00e3o na unidade, o promotor Cl\u00e1udio Malta identificou quatro adolescente com o prazo de cumprimento de medida provis\u00f3ria extrapolado. Um dos jovens encontra-se internado desde o dia 16 de abril, quando deveria ficar, no m\u00e1ximo, 45 dias. Outros cinco adolescentes permanecem no local em cumprimento de medida de regress\u00e3o. O promotor criticou o abandono dos jovens pelo poder p\u00fablico.<\/span><\/p>\n<p style=\"text-align: justify;\"><span style=\"font-size: 14pt;\">\u201cOs adolescentes encontram-se apreendidos como se estivessem enjaulados num dep\u00f3sito. A dire\u00e7\u00e3o da Unidade de Interna\u00e7\u00e3o deixou de desenvolver qualquer tipo de atividade f\u00edsica, esportiva, cultural ou educativa. N\u00e3o existe qualquer proposta de pol\u00edtica pedag\u00f3gica para os adolescentes, apesar dos profissionais \u00e0 disposi\u00e7\u00e3o que precisam de instrumento ou mesmo de um espa\u00e7o f\u00edsico adequado para a realiza\u00e7\u00e3o dessas atividades com a seguran\u00e7a necess\u00e1ria\u201d, disse Malta.<\/span><\/p>\n<p style=\"text-align: justify;\"><span style=\"font-size: 14pt;\">O promotor tamb\u00e9m afirmou que a situa\u00e7\u00e3o dos jovens que cumprem medidas socioeducativas na unidade provis\u00f3ria de Rio Largo constitui um caso \u201cgrav\u00edssimo de viola\u00e7\u00e3o de direitos humanos e afronta de forma perversa a normativa de prote\u00e7\u00e3o \u00e0 inf\u00e2ncia e adolesc\u00eancia\u201d.<\/span><\/p>\n<p style=\"text-align: justify;\"><span lang=\"pt-BR\" style=\"font-size: 14pt;\"><strong>Sepaz diz que falta recursos<\/strong><\/span><\/p>\n<p style=\"text-align: justify;\"><span lang=\"pt-BR\" style=\"font-size: 14pt;\">O superintendente de Medidas Socioeducativas da Sepaz, Geraldo Melo, reconheceu a necessidade de melhorar as condi\u00e7\u00f5es de atendimento da unidade. O gestor afirmou que j\u00e1 foi realizado levantamento das demandas de contrata\u00e7\u00e3o de pessoal, aquisi\u00e7\u00e3o de material permanente e de consumo e adequa\u00e7\u00e3o do espa\u00e7o f\u00edsico para que os jovens possam praticar atividades.<\/span><\/p>\n<p style=\"text-align: justify;\"><span style=\"font-size: 14pt;\"><span lang=\"pt-BR\">O representante da Secretaria apresentou preocupa\u00e7\u00e3o com a pouca quantidade de recursos financeiros para as melhorias, j\u00e1 que\u00a0<\/span>o<span lang=\"pt-BR\">\u00a0or\u00e7amento do \u00f3rg\u00e3o estadual destinado \u00e0s unidades de interna\u00e7\u00e3o se manteve o mesmo de 2011, quando eram atendidos apenas 165 adolescentes. Hoje, com as a\u00e7\u00f5es implementadas pelo Governo do Estado para atender o programa \u201cBrasil Mais Seguro\u201d, esse n\u00famero subiu para 230 jovens.<\/span><\/span><\/p>\n<p style=\"text-align: justify;\"><span lang=\"pt-BR\" style=\"font-size: 14pt;\">Melo reconheceu que mesmo o or\u00e7amento original deixava de contemplar, na totalidade, as necessidades impostas pela Lei n\u00ba 8.069\/90, que estabeleceu o Estatuto da Crian\u00e7a e Adolescente (ECA). A falha de atendimento aos internos se tornou ainda mais grave com a publica\u00e7\u00e3o da Lei n\u00ba 12.594, respons\u00e1vel por instituir o Sistema Nacional de Atendimento Socioeducativo (SINASE).<\/span><\/p>\n","protected":false},"excerpt":{"rendered":"<p> [&hellip;]<\/p>\n","protected":false},"author":4,"featured_media":7620,"comment_status":"open","ping_status":"open","sticky":false,"template":"","format":"standard","meta":{"om_disable_all_campaigns":false,"_monsterinsights_skip_tracking":false,"_monsterinsights_sitenote_active":false,"_monsterinsights_sitenote_note":"","_monsterinsights_sitenote_category":0,"_uf_show_specific_survey":0,"_uf_disable_surveys":false,"footnotes":""},"categories":[2],"tags":[],"class_list":["post-11969","post","type-post","status-publish","format-standard","has-post-thumbnail","hentry","category-not_mpal"],"aioseo_notices":[],"_links":{"self":[{"href":"https:\/\/www.mpal.mp.br\/index.php?rest_route=\/wp\/v2\/posts\/11969","targetHints":{"allow":["GET"]}}],"collection":[{"href":"https:\/\/www.mpal.mp.br\/index.php?rest_route=\/wp\/v2\/posts"}],"about":[{"href":"https:\/\/www.mpal.mp.br\/index.php?rest_route=\/wp\/v2\/types\/post"}],"author":[{"embeddable":true,"href":"https:\/\/www.mpal.mp.br\/index.php?rest_route=\/wp\/v2\/users\/4"}],"replies":[{"embeddable":true,"href":"https:\/\/www.mpal.mp.br\/index.php?rest_route=%2Fwp%2Fv2%2Fcomments&post=11969"}],"version-history":[{"count":1,"href":"https:\/\/www.mpal.mp.br\/index.php?rest_route=\/wp\/v2\/posts\/11969\/revisions"}],"predecessor-version":[{"id":11970,"href":"https:\/\/www.mpal.mp.br\/index.php?rest_route=\/wp\/v2\/posts\/11969\/revisions\/11970"}],"wp:featuredmedia":[{"embeddable":true,"href":"https:\/\/www.mpal.mp.br\/index.php?rest_route=\/wp\/v2\/media\/7620"}],"wp:attachment":[{"href":"https:\/\/www.mpal.mp.br\/index.php?rest_route=%2Fwp%2Fv2%2Fmedia&parent=11969"}],"wp:term":[{"taxonomy":"category","embeddable":true,"href":"https:\/\/www.mpal.mp.br\/index.php?rest_route=%2Fwp%2Fv2%2Fcategories&post=11969"},{"taxonomy":"post_tag","embeddable":true,"href":"https:\/\/www.mpal.mp.br\/index.php?rest_route=%2Fwp%2Fv2%2Ftags&post=11969"}],"curies":[{"name":"wp","href":"https:\/\/api.w.org\/{rel}","templated":true}]}}