{"id":11966,"date":"2013-08-30T09:24:30","date_gmt":"2013-08-30T12:24:30","guid":{"rendered":"https:\/\/www.mpal.mp.br\/?p=11966"},"modified":"2022-07-12T09:27:41","modified_gmt":"2022-07-12T12:27:41","slug":"adolescentes-em-cumprimento-de-medidas-socioeducativas-sao-cadastrados-em-cursos-profissionalizantes","status":"publish","type":"post","link":"https:\/\/www.mpal.mp.br\/?p=11966","title":{"rendered":"Adolescentes em cumprimento de medidas socioeducativas s\u00e3o cadastrados em cursos profissionalizantes"},"content":{"rendered":"<p style=\"text-align: justify;\"><span style=\"font-size: 14pt;\">\u201cE sem o seu trabalho, o homem n\u00e3o tem honra e sem a sua honra,\u00a0se morre, se mata\u201d. Foi parafraseando a can\u00e7\u00e3o do compositor Gonzaguinha que o promotor de Justi\u00e7a da Inf\u00e2ncia e da Juventude, Rog\u00e9rio Paranhos, deu in\u00edcio \u00e0 abertura da a\u00e7\u00e3o promovida pelo Minist\u00e9rio P\u00fablico Estadual de Alagoas e \u00f3rg\u00e3os parceiros, que teve o objetivo de cadastrar adolescentes em cumprimento de medidas socioeducativas, que est\u00e3o em medida de liberdade assistida, nos cursos profissionalizantes do Programa Nacional de Acesso ao Ensino T\u00e9cnico e Emprego (Pronatec), criado pelo governo federal, em 2011, com o objetivo de ampliar a oferta de cursos de educa\u00e7\u00e3o profissional e tecnol\u00f3gica no Pa\u00eds inteiro.<\/span><\/p>\n<p style=\"text-align: justify;\"><span style=\"font-size: 14pt;\">A atividade, que aconteceu na Escola Superior do Minist\u00e9rio P\u00fablico Estadual de Alagoas (ESMPAL), reuniu o procurador-geral de Justi\u00e7a, S\u00e9rgio Juc\u00e1, os membros da 11\u00aa e 12\u00aa Promotorias de Justi\u00e7a da Capital, Alexandra Beurlen, Rog\u00e9rio Paranhos e Adriana\u00a0<strong>Gomes Moreira dos Santos e representantes d<\/strong>a Secretaria Municipal de A\u00e7\u00e3o Social, Senai, Senac e Defensoria P\u00fablica do Estado de Alagoas. Al\u00e9m claro, do p\u00fablico-alvo do a\u00e7\u00e3o, que foram os adolescentes e seus parentes.<\/span><\/p>\n<p style=\"text-align: justify;\"><span style=\"font-size: 14pt;\">\u201cQuem ama, cuida. Sabemos que os pais ou respons\u00e1veis que est\u00e3o aqui com os seus filhos, j\u00e1 passaram por situa\u00e7\u00f5es delicadas, tendo que acompanh\u00e1-los cumprindo medidas socioeducativas para que eles consigam ser ressocializados. E essa oportunidade de ressocializa\u00e7\u00e3o tamb\u00e9m passa pela qualifica\u00e7\u00e3o profissional e, a presen\u00e7a da fam\u00edlia, incentivando-os, \u00e9 muito importante. Ter uma forma\u00e7\u00e3o, seja ela universit\u00e1ria ou t\u00e9cnica, \u00e9 uma grande chance de evitar que as crian\u00e7as e os adolescentes fiquem vulner\u00e1veis ao aliciamento para o crime. Ent\u00e3o, o esfor\u00e7o de todos n\u00f3s \u00e9 no sentindo de que essa oportunidade seja aproveitada e que, mais na frente, n\u00f3s possamos v\u00ea-los trabalhando, com uma vida mais digna e cidad\u00e3\u201d, afirmou o promotor Rog\u00e9rio Paranhos.<\/span><\/p>\n<p style=\"text-align: justify;\"><span style=\"font-size: 14pt;\">\u201cEsse trabalho \u00e9 feito por n\u00f3s por amor \u00e0 causa. Queremos poder colaborar para a transforma\u00e7\u00e3o da vida de cada um de voc\u00eas e, por isso, \u00e9 t\u00e3o importante que todos se envolvam, inscrevam-se e participem dos cursos. Sabemos que as dificuldades \u00e0s vezes aparecem e que, nesse momento, a gente come\u00e7a a duvidar se \u00e9 poss\u00edvel um recome\u00e7o pelo caminho certo. Mas, n\u00e3o desistam, por favor. Superemos esse desafio, os momentos de dor e, quando precisarem, recorram ao Minist\u00e9rio P\u00fablico. Somos parceiros e queremos v\u00ea-los transformados e levando um estilo de vida com paz\u201d, defendeu a promotora de Justi\u00e7a Adriana Gomes.<\/span><\/p>\n<p style=\"text-align: justify;\"><span style=\"font-size: 14pt;\">\u201cN\u00e3o pensem que a medida socioeducativa que buscamos pra voc\u00eas, na hora do julgamento, \u00e9 uma forma de simplesmente puni-los. Nosso objetivo maior \u00e9 que possam refletir sobre o ato infracional cometido e, durante o cumprimento da medida, que cada um tenha a oportunidade de buscar uma forma alternativa de se afastar do crime. N\u00e3o somos carrascos, somos amigos e queremos o bem de todos. \u00c9 por isso que cobramos tanto os cursos profissionalizantes e, neste momento, estamos muito felizes porque eles est\u00e3o sendo oferecidos. O sucesso de voc\u00eas, tamb\u00e9m significa o sucesso do nosso trabalho\u201d, explicou Alexandra Beurlen, tamb\u00e9m promotora de Justi\u00e7a.<\/span><\/p>\n<p style=\"text-align: justify;\"><span style=\"font-size: 14pt;\"><strong>Oportunidades aproveitadas<\/strong><\/span><\/p>\n<p style=\"text-align: justify;\"><span style=\"font-size: 14pt;\">Um adolescente de 19 anos, que h\u00e1 11 meses deixou a interna\u00e7\u00e3o e est\u00e1 em medida de liberdade assistida, matriculou-se no curso de cabeleireiro, ofertado pelo Senac. \u201cEu gosto dessa \u00e1rea e nunca tive a oportunidade de me qualificar. Essa \u00e9 uma grande chance de eu me profissionalizar e, quem sabe, poder abrir o meu sal\u00e3o um dia\u201d, disse ele.<\/span><\/p>\n<p style=\"text-align: justify;\"><span style=\"font-size: 14pt;\">Outro adolescente, de 16 anos, optou pelos cursos de soldador e eletricista. \u201c\u00b4\u00c9 uma nova oportunidade que estou tendo para me reintegrar \u00e0 sociedade. Muitos colegas meus voltam ao crime porque n\u00e3o t\u00eam essa chance e s\u00e3o convencidos a ganhar dinheiro mais r\u00e1pido, atrav\u00e9s da venda de drogas e outros il\u00edcitos. Eu n\u00e3o, n\u00e3o quero mais pra mim esse caminho, quero mudar de vida e sei que um novo futuro me espera\u201d, declarou emocionado.<\/span><\/p>\n<p style=\"text-align: justify;\"><span style=\"font-size: 14pt;\">\u201cTodo trabalho honesto produz uma riqueza honrada. Meu neto n\u00e3o vai mais voltar ao crime ser\u00e1 um mec\u00e2nico de m\u00e3o cheia. O curso vai profissionaliz\u00e1-lo e, se Deus quiser, ele vai poder comprar, com o dinheiro fruto do seu esfor\u00e7o, a sua casa, o seu carro e, claro, mais na frente, constituir uma fam\u00edlia\u201d, comemorou o aposentado Edvaldo Feitosa, que acompanhava o neto mais novo durante a a\u00e7\u00e3o realizada na manh\u00e3 de hoje.<\/span><\/p>\n<p style=\"text-align: justify;\"><span style=\"font-size: 14pt;\"><strong>Os cursos<\/strong><\/span><\/p>\n<p style=\"text-align: justify;\"><span style=\"font-size: 14pt;\">O Senac e o Senai, atrav\u00e9s do Pronatec, est\u00e3o oferecendo mais de 70 cursos para os adolescentes em cumprimento de medida s\u00f3cio-educativa.\u201cOs cursos s\u00e3o gratuitos e os beneficiados ainda v\u00e3o receber o vale-transporte para poder ir estudar e ter\u00e3o direito ao lanche. \u00c9 uma oportunidade que eles n\u00e3o podem perder. Vamos perseverar que um futuro muito bonito espera por essas pessoas\u201d, afirmou Silvana Cunha, coordenadora do Programa em Macei\u00f3.<\/span><\/p>\n<p style=\"text-align: justify;\"><span style=\"font-size: 14pt;\">Liliane Pinheiro, gestora do Pronatec pelo Senac, tamb\u00e9m fez incentivos aos presentes: \u201cQueremos qualific\u00e1-los para o com\u00e9rcio de bens, servi\u00e7os e turismo. Vamos nos dar \u00e0s m\u00e3os e esquecer um passado de dor\u201d, convocou ela.<\/span><\/p>\n<p style=\"text-align: justify;\"><span style=\"font-size: 14pt;\">\u201cNossa inten\u00e7\u00e3o \u00e9 fazer com que, atrav\u00e9s dos cursos e treinamentos, consigamos preparar esses adolescentes como m\u00e3o de obra qualificada para a ind\u00fastria. E vamos conseguir, temos certeza disso\u201d, garantiu Allan Souza, coordenador do Senai.<\/span><\/p>\n<p style=\"text-align: justify;\"><span style=\"font-size: 14pt;\">\u201c\u00c9 uma grande alegria para o Minist\u00e9rio P\u00fablico poder ter incentivado a realiza\u00e7\u00e3o desse projeto. O MPE\/AL est\u00e1 ao lado da sociedade alagoana e, especialmente, ao lado da Inf\u00e2ncia e da Juventude. Essa \u00e9 uma das nossas atribui\u00e7\u00f5es mais relevantes. Sabemos que \u00e0s vezes a gente incorre ao erro, mas, j\u00e1 diz o ditado popular que errar \u00e9 humano. Ent\u00e3o, o que mais importa \u00e9 que consigamos nos redimir das falhas que cometemos. O Pronatec \u00e9 maravilhoso e o trabalho que ele vai lhes proporcionar s\u00f3 tem a dignific\u00e1-los. N\u00f3s apostamos em voc\u00eas e estamos irmanados para que, ao lado de cada um que est\u00e1 nesta sala, possamos formar uma sociedade mais fraterna e igualit\u00e1ria. Acima de qualquer coisa, queremos que voc\u00eas sejam felizes, muito felizes\u201d, declarou S\u00e9rgio Juc\u00e1, procurador-geral de Justi\u00e7a de Alagoas.<\/span><\/p>\n","protected":false},"excerpt":{"rendered":"<p> [&hellip;]<\/p>\n","protected":false},"author":4,"featured_media":11967,"comment_status":"open","ping_status":"open","sticky":false,"template":"","format":"standard","meta":{"om_disable_all_campaigns":false,"_monsterinsights_skip_tracking":false,"_monsterinsights_sitenote_active":false,"_monsterinsights_sitenote_note":"","_monsterinsights_sitenote_category":0,"_uf_show_specific_survey":0,"_uf_disable_surveys":false,"footnotes":""},"categories":[2],"tags":[],"class_list":["post-11966","post","type-post","status-publish","format-standard","has-post-thumbnail","hentry","category-not_mpal"],"aioseo_notices":[],"_links":{"self":[{"href":"https:\/\/www.mpal.mp.br\/index.php?rest_route=\/wp\/v2\/posts\/11966","targetHints":{"allow":["GET"]}}],"collection":[{"href":"https:\/\/www.mpal.mp.br\/index.php?rest_route=\/wp\/v2\/posts"}],"about":[{"href":"https:\/\/www.mpal.mp.br\/index.php?rest_route=\/wp\/v2\/types\/post"}],"author":[{"embeddable":true,"href":"https:\/\/www.mpal.mp.br\/index.php?rest_route=\/wp\/v2\/users\/4"}],"replies":[{"embeddable":true,"href":"https:\/\/www.mpal.mp.br\/index.php?rest_route=%2Fwp%2Fv2%2Fcomments&post=11966"}],"version-history":[{"count":1,"href":"https:\/\/www.mpal.mp.br\/index.php?rest_route=\/wp\/v2\/posts\/11966\/revisions"}],"predecessor-version":[{"id":11968,"href":"https:\/\/www.mpal.mp.br\/index.php?rest_route=\/wp\/v2\/posts\/11966\/revisions\/11968"}],"wp:featuredmedia":[{"embeddable":true,"href":"https:\/\/www.mpal.mp.br\/index.php?rest_route=\/wp\/v2\/media\/11967"}],"wp:attachment":[{"href":"https:\/\/www.mpal.mp.br\/index.php?rest_route=%2Fwp%2Fv2%2Fmedia&parent=11966"}],"wp:term":[{"taxonomy":"category","embeddable":true,"href":"https:\/\/www.mpal.mp.br\/index.php?rest_route=%2Fwp%2Fv2%2Fcategories&post=11966"},{"taxonomy":"post_tag","embeddable":true,"href":"https:\/\/www.mpal.mp.br\/index.php?rest_route=%2Fwp%2Fv2%2Ftags&post=11966"}],"curies":[{"name":"wp","href":"https:\/\/api.w.org\/{rel}","templated":true}]}}