{"id":11955,"date":"2013-10-29T09:05:18","date_gmt":"2013-10-29T11:05:18","guid":{"rendered":"https:\/\/www.mpal.mp.br\/?p=11955"},"modified":"2022-07-12T09:13:01","modified_gmt":"2022-07-12T12:13:01","slug":"promotor-da-infancia-e-juventude-leva-adolescentes-internos-para-bienal-do-livro-jovens-conversaram-com-frei-betto","status":"publish","type":"post","link":"https:\/\/www.mpal.mp.br\/?p=11955","title":{"rendered":"Promotor da Inf\u00e2ncia e Juventude leva adolescentes internos para Bienal do Livro; jovens conversaram com frei Betto"},"content":{"rendered":"<p style=\"text-align: justify;\"><span style=\"font-size: 14pt;\">Para quem nunca sentou num banco de escola ou mal aprendeu a ler e a escrever, \u201cviajar\u201d pelo mundo da imagina\u00e7\u00e3o, onde somente os livros nos levam, foi uma experi\u00eancia especial na vida de 30 adolescentes que est\u00e3o em cumprimento de medidas socioeducativas nas Unidade de Interna\u00e7\u00e3o Masculina Extens\u00e3o II (UIME II &#8211; 14 a 18 anos) e do Semiaberto. E as emo\u00e7\u00f5es vividas por eles foram al\u00e9m do que puderam mostrar as p\u00e1ginas dos mais de 22 mil t\u00edtulos expostos na VI Bienal Internacional do Livro de Alagoas. Os jovens tamb\u00e9m participaram da palestra \u201cSociedade do s\u00e9culo XXI \u2013 crise da modernidade e da espiritualidade\u201d, ministrada pelo jornalista, antrop\u00f3logo, fil\u00f3sofo e te\u00f3logo frei Betto.<\/span><\/p>\n<p style=\"text-align: justify;\" align=\"JUSTIFY\"><span style=\"font-size: 14pt;\">O passeio come\u00e7ou pela vista aos estandes onde eles foram apresentados a alguns autores conhecidos no Brasil e, tamb\u00e9m, fora dele. Tiveram a chance de ouvir explica\u00e7\u00f5es sobre as ideias de S\u00f3crates e Plat\u00e3o, a hist\u00f3ria do in\u00edcio do Cristianismo e alguns dos maiores escritores que o nosso pa\u00eds j\u00e1 teve, a exemplo de Graciliano Ramos, Guimar\u00e3es Rosa e Cec\u00edlia Meireles.<\/span><\/p>\n<p style=\"text-align: justify;\" align=\"JUSTIFY\"><span style=\"font-size: 14pt;\">Os adolescentes tamb\u00e9m participaram de algumas interven\u00e7\u00f5es que envolveram brincadeiras, com desenhos e m\u00fasicas. Mas essa experi\u00eancia cultural s\u00f3 foi poss\u00edvel em virtude da iniciativa do promotor de Justi\u00e7a Rog\u00e9rio Paranhos, da 12\u00aa Promotoria de Justi\u00e7a da Capital, que apura atos infracionais e irregularidades praticadas por entidades de atendimento \u00e0 inf\u00e2ncia e \u00e0 juventude.<\/span><\/p>\n<p style=\"text-align: justify;\" align=\"JUSTIFY\"><span style=\"font-size: 14pt;\">\u201cEsses meninos t\u00eam que entender que um mundo cheio de possibilidades espera por eles aqui fora. Se tiverem vontade de sair ressocializados e com desejo de reconstru\u00edrem suas vidas, n\u00f3s estaremos aqui fora para ajud\u00e1-los. Ler, estudar e buscar uma qualifica\u00e7\u00e3o s\u00e3o os primeiros passos que devem ser dados quando eles ganharem a liberdade novamente. Foi por isso que os trouxemos aqui, para incentiv\u00e1-los a enxergar o futuro de uma outra forma\u201d, comentou Paranhos.<\/span><\/p>\n<p style=\"text-align: justify;\" align=\"JUSTIFY\"><span style=\"font-size: 14pt;\"><strong>A palestra que emocionou os adolescentes<\/strong><\/span><\/p>\n<p style=\"text-align: justify;\" align=\"JUSTIFY\"><span style=\"font-size: 14pt;\">Um dos adolescentes, de 17 anos, ouviu atentamente a palestra do antrop\u00f3logo frei Betto. Se um colega conversava no meio das explica\u00e7\u00f5es do frei dominicano, era prontamente repreendido por ele: \u201co frei pediu para que deix\u00e1ssemos Deus tocar em nosso cora\u00e7\u00e3o, para que segu\u00edssemos o seu exemplo de fazer o bem aqui na terra. Isso me fez pensar naquilo que fiz de errado e que me privou da liberdade\u201d, comentou.<\/span><\/p>\n<p style=\"text-align: justify;\" align=\"JUSTIFY\"><span style=\"font-size: 14pt;\">\u201cEu gostei quando ele falou sobre a crise na Educa\u00e7\u00e3o. Tive uma escola muito deficiente, talvez porque ela seja p\u00fablica, e quase n\u00e3o aprendi nada l\u00e1 dentro. Infelizmente, para o pobre, os servi\u00e7os p\u00fablicos n\u00e3o s\u00e3o de boa qualidade. \u00c9 por isso que o mundo do crime se apresenta t\u00e3o tentador para a gente\u201d, confessou um outro garoto, de 16 anos.<\/span><\/p>\n<p style=\"text-align: justify;\" align=\"JUSTIFY\"><span style=\"font-size: 14pt;\">Ap\u00f3s concluir a palestra, frei Betto dedicou a aten\u00e7\u00e3o especial aos adolescentes em cumprimento de medida socioeducativa. Ele saiu da mesa de cerim\u00f4nia e foi diretamente at\u00e9 o local onde os jovens estavam acomodados. \u201cTamb\u00e9m j\u00e1 fui preso. Na \u00e9poca da ditadura militar, passei quatro anos em regime de priva\u00e7\u00e3o de liberdade e s\u00f3 eu sei o quanto aquilo marcou a minha vida. \u00c0 \u00e9poca, queria ajudar a tirar do regime de exce\u00e7\u00e3o e, estando na cadeia, n\u00e3o iria conseguir por em pr\u00e1tica o meu desejo de transformar o mundo num lugar melhor para se viver, com melhor distribui\u00e7\u00e3o de renda e menos desigualdade social. Portanto, digo a voc\u00eas que, quando sa\u00edrem da interna\u00e7\u00e3o, dediquem seu tempo a fazer o bem. Desenvolvam a sua espiritualidade e busquem uma qualifica\u00e7\u00e3o profissional. Deus quer v\u00ea-los numa vida nova e voc\u00eas v\u00e3o conseguir\u201d, disse frei Betto.<\/span><\/p>\n<p style=\"text-align: justify;\" align=\"JUSTIFY\"><span style=\"font-size: 14pt;\">\u201cEu fiquei emocionado com o que ele disse, mesmo sem saber quem era o frei, qual foi a import\u00e2ncia dele para a hist\u00f3ria do Brasil. Ele j\u00e1 foi preso e sabe o que n\u00f3s estamos passando nesse momento. Foi uma grande experi\u00eancia ter vindo para c\u00e1\u201d, comemorou um jovem de 17 anos.<\/span><\/p>\n<p style=\"text-align: justify;\" align=\"JUSTIFY\"><span style=\"font-size: 14pt;\"><strong>Passeio aconteceu atrav\u00e9s de parceria entre o MPE\/AL e a Sepaz<\/strong><\/span><\/p>\n<p style=\"text-align: justify;\" align=\"JUSTIFY\"><span style=\"font-size: 14pt;\">Foi a uni\u00e3o de for\u00e7as entre o Minist\u00e9rio P\u00fablico Estadual de Alagoas e a Secretaria de Estado da Paz (Sepaz\/AL), por meio do\u00a0secret\u00e1rio Carlos Alberto Luna dos Santos,\u00a0que permitiu a ida dos 30 adolescentes \u00e0 VI Bienal Internacional do Livro de Alagoas, na tarde desta segunda-feira (28). Tamb\u00e9m apoiaram a iniciativa o juiz Ney Costa Alc\u00e2ntara de Oliveira e o superintendente de Medidas Socioeducativos, Glauber Luiz de Almeida Melo.<\/span><\/p>\n<p style=\"text-align: justify;\" align=\"JUSTIFY\"><span style=\"font-size: 14pt;\">O promotor Rog\u00e9rio Paranhos, al\u00e9m de ter sugerido a participa\u00e7\u00e3o dos garotos na palestra do frei Betto, tamb\u00e9m conseguiu a autoriza\u00e7\u00e3o judicial para que os jovens pudessem ir ao evento. J\u00e1 a Sepaz viabilizou o transporte. &#8220;Essa experi\u00eancia deu certo e isso nos traz muito orgulho. J\u00e1 decidimos que, na pr\u00f3xima quinta-feira, traremos as meninas em cumprimento de medida socioeducativa e uma outra parte dos garotos&#8221;, garantiu F\u00e1tima Rem\u00edgio, gerente da Unidade de Semiliberdade.<\/span><\/p>\n","protected":false},"excerpt":{"rendered":"<p> [&hellip;]<\/p>\n","protected":false},"author":4,"featured_media":11956,"comment_status":"open","ping_status":"open","sticky":false,"template":"","format":"standard","meta":{"om_disable_all_campaigns":false,"_monsterinsights_skip_tracking":false,"_monsterinsights_sitenote_active":false,"_monsterinsights_sitenote_note":"","_monsterinsights_sitenote_category":0,"_uf_show_specific_survey":0,"_uf_disable_surveys":false,"footnotes":""},"categories":[2],"tags":[],"class_list":["post-11955","post","type-post","status-publish","format-standard","has-post-thumbnail","hentry","category-not_mpal"],"aioseo_notices":[],"_links":{"self":[{"href":"https:\/\/www.mpal.mp.br\/index.php?rest_route=\/wp\/v2\/posts\/11955","targetHints":{"allow":["GET"]}}],"collection":[{"href":"https:\/\/www.mpal.mp.br\/index.php?rest_route=\/wp\/v2\/posts"}],"about":[{"href":"https:\/\/www.mpal.mp.br\/index.php?rest_route=\/wp\/v2\/types\/post"}],"author":[{"embeddable":true,"href":"https:\/\/www.mpal.mp.br\/index.php?rest_route=\/wp\/v2\/users\/4"}],"replies":[{"embeddable":true,"href":"https:\/\/www.mpal.mp.br\/index.php?rest_route=%2Fwp%2Fv2%2Fcomments&post=11955"}],"version-history":[{"count":1,"href":"https:\/\/www.mpal.mp.br\/index.php?rest_route=\/wp\/v2\/posts\/11955\/revisions"}],"predecessor-version":[{"id":11957,"href":"https:\/\/www.mpal.mp.br\/index.php?rest_route=\/wp\/v2\/posts\/11955\/revisions\/11957"}],"wp:featuredmedia":[{"embeddable":true,"href":"https:\/\/www.mpal.mp.br\/index.php?rest_route=\/wp\/v2\/media\/11956"}],"wp:attachment":[{"href":"https:\/\/www.mpal.mp.br\/index.php?rest_route=%2Fwp%2Fv2%2Fmedia&parent=11955"}],"wp:term":[{"taxonomy":"category","embeddable":true,"href":"https:\/\/www.mpal.mp.br\/index.php?rest_route=%2Fwp%2Fv2%2Fcategories&post=11955"},{"taxonomy":"post_tag","embeddable":true,"href":"https:\/\/www.mpal.mp.br\/index.php?rest_route=%2Fwp%2Fv2%2Ftags&post=11955"}],"curies":[{"name":"wp","href":"https:\/\/api.w.org\/{rel}","templated":true}]}}