{"id":11953,"date":"2013-11-01T09:00:00","date_gmt":"2013-11-01T11:00:00","guid":{"rendered":"https:\/\/www.mpal.mp.br\/?p=11953"},"modified":"2022-07-12T09:04:56","modified_gmt":"2022-07-12T12:04:56","slug":"com-mpe-al-e-sepaz-socioeducandos-fazem-nova-visita-a-bienal-do-livro","status":"publish","type":"post","link":"https:\/\/www.mpal.mp.br\/?p=11953","title":{"rendered":"Com MPE\/AL e Sepaz, socioeducandos fazem nova visita \u00e0 Bienal do Livro"},"content":{"rendered":"<p style=\"text-align: justify;\" align=\"JUSTIFY\"><span style=\"font-size: 14pt;\">Depois da experi\u00eancia bem-sucedida de levar um grupo de 30 socioeducandos para a VI Bienal Internacional do Livro de Alagoas no in\u00edcio da semana, o Minist\u00e9rio P\u00fablico do Estado de Alagoas (MPE\/AL) e a Secretaria Estadual de Promo\u00e7\u00e3o da Paz (Sepaz) organizaram, nesta quinta-feira (31), uma segunda visita ao evento liter\u00e1rio, dessa vez com sete adolescentes da Unidade de Interna\u00e7\u00e3o Feminina (UIF) e 10 outros da Unidade de Semiliberdade Masculina (USM). A atividade tamb\u00e9m contou com o apoio da Superintend\u00eancia de Medidas Socioeducativas e da 1\u00ba Vara Criminal da Inf\u00e2ncia e da Juventude.<\/span><\/p>\n<p style=\"text-align: justify;\" align=\"JUSTIFY\"><span style=\"font-size: 14pt;\">Representante do MPE\/AL no acompanhamento dos jovens, o promotor de Justi\u00e7a Rog\u00e9rio Paranhos, titular da 12\u00aa Promotoria de Justi\u00e7a da Capital, lembrou que atividades externas j\u00e1 s\u00e3o previstas pelo Estatuto da Crian\u00e7a e da Adolesc\u00eancia (ECA) em benef\u00edcio de socioeducandos. Ap\u00f3s conversar com diretores das unidades de interna\u00e7\u00e3o presentes no primeiro passeio, Rog\u00e9rio ficou sabendo que o clima no ambiente em que os jovens cumprem senten\u00e7a estava mais tranquilo, harmonioso e at\u00e9 com maior participa\u00e7\u00e3o dos adolescentes.<\/span><\/p>\n<p style=\"text-align: justify;\" align=\"JUSTIFY\"><span style=\"font-size: 14pt;\">\u201cEstes jovens merecem o melhor teatro de Alagoas, os melhores espet\u00e1culos e o melhor acesso \u00e0 cultura do estado, at\u00e9 porque foram os pais deles que ajudaram a construir cada um destes espa\u00e7os. Isso aqui \u00e9 desses adolescentes tamb\u00e9m e, por isso, devem aproveit\u00e1-lo. Fiquei sabendo que, durante uma atividade pedag\u00f3gica nesta semana, os socioeducandos da primeira visita escreveram ou falaram sobre a ida \u00e0 Bienal, descrevendo a experi\u00eancia. Eles disseram que apertaram a m\u00e3o do Frei Betto, que o religioso tinha sido preso que nem eles, do uso de elevador de gra\u00e7a, da escada rolante e de tantas coisas que mostram o fasc\u00ednio desses jovens pelo que os aguardam aqui fora\u201d, descreveu Rog\u00e9rio Paranhos.<\/span><\/p>\n<p style=\"text-align: justify;\" align=\"JUSTIFY\"><span style=\"font-size: 14pt;\">Junto com a Sepaz, o Minist\u00e9rio P\u00fablico quer acompanhar os jovens nas atividades de lazer e cultura que ser\u00e3o realizadas em novembro e dezembro. De acordo com a diretora pedag\u00f3gica do Plano de Reestrutura\u00e7\u00e3o do N\u00facleo Estadual de Atendimento Socioeducativo (NEAS), C\u00e1ssia Moreno, haver\u00e1 mais sa\u00eddas externas e uma festa de Natal nos pr\u00f3ximos meses. \u201cAcreditamos no poder de integra\u00e7\u00e3o entre os jovens que cumprem medidas socioeducativas em eventos interno e externos. O que dificulta a realiza\u00e7\u00e3o dessas atividades s\u00e3o os conflitos dentro da unidade, respons\u00e1veis por inviabilizar o nosso cronograma de eventos\u201d, disse a servidora da Secretaria.<\/span><\/p>\n<p style=\"text-align: justify;\" align=\"JUSTIFY\"><span style=\"font-size: 14pt;\"><strong>As adolescentes<\/strong><\/span><\/p>\n<p style=\"text-align: justify;\" align=\"JUSTIFY\"><span style=\"font-size: 14pt;\">Das 12 adolescentes que est\u00e3o na Unidade de Interna\u00e7\u00e3o Feminina, sete estiveram no passeio pela VI Bienal Internacional do Livro ontem. As jovens acompanharam a pe\u00e7a O Rei do Bai\u00e3o, participaram de uma oficina de bordado e viram os livros dispostos nos estandes. Uma das jovens tem 17 anos e cumpre pena na UIF h\u00e1 um ano e sete meses. \u201cN\u00e3o s\u00e3o muitas as oportunidades de visitar locais como este. Quando elas ocorrem a gente gosta, procura aproveitar. \u00c9 a primeira vez que participo de uma Bienal do Livro e que acompanho uma pe\u00e7a no Teatro Gustavo Leite\u201d, disse.<\/span><\/p>\n<p style=\"text-align: justify;\" align=\"JUSTIFY\"><span style=\"font-size: 14pt;\">J\u00e1 outra de 18 anos, participou de uma atividade externa pela primeira vez desde que passou a viver na UIF h\u00e1 oito meses. Em dezembro, ela vai fazer o Exame Nacional do Ensino M\u00e9dio para tentar ingressar na universidade p\u00fablica em 2014. Mesmo com a proximidade das provas, a socioeducanda n\u00e3o sabe bem qual curso quer fazer, apenas tem o desejo de trabalhar como policial. \u201cVou estudar para ter uma perspectiva de vida melhor\u201d, disse a adolescente.<\/span><\/p>\n<p style=\"text-align: justify;\" align=\"JUSTIFY\"><span style=\"font-size: 14pt;\">Uma das socioeducandas tem apenas 15 anos e passar\u00e1 os pr\u00f3ximos tr\u00eas na UIF. Ela disse que gostou da pe\u00e7a porque mostrava cenas do sert\u00e3o, sob o som de m\u00fasicas do cantor Luiz Gonzaga. \u201cPara mim, o mais importante de vir at\u00e9 a Bienal foi perceber o quanto de vida estamos perdendo l\u00e1 dentro da unidade\u201d, revelou a jovem.<\/span><\/p>\n","protected":false},"excerpt":{"rendered":"<p> [&hellip;]<\/p>\n","protected":false},"author":4,"featured_media":7620,"comment_status":"open","ping_status":"open","sticky":false,"template":"","format":"standard","meta":{"om_disable_all_campaigns":false,"_monsterinsights_skip_tracking":false,"_monsterinsights_sitenote_active":false,"_monsterinsights_sitenote_note":"","_monsterinsights_sitenote_category":0,"_uf_show_specific_survey":0,"_uf_disable_surveys":false,"footnotes":""},"categories":[2],"tags":[],"class_list":["post-11953","post","type-post","status-publish","format-standard","has-post-thumbnail","hentry","category-not_mpal"],"aioseo_notices":[],"_links":{"self":[{"href":"https:\/\/www.mpal.mp.br\/index.php?rest_route=\/wp\/v2\/posts\/11953","targetHints":{"allow":["GET"]}}],"collection":[{"href":"https:\/\/www.mpal.mp.br\/index.php?rest_route=\/wp\/v2\/posts"}],"about":[{"href":"https:\/\/www.mpal.mp.br\/index.php?rest_route=\/wp\/v2\/types\/post"}],"author":[{"embeddable":true,"href":"https:\/\/www.mpal.mp.br\/index.php?rest_route=\/wp\/v2\/users\/4"}],"replies":[{"embeddable":true,"href":"https:\/\/www.mpal.mp.br\/index.php?rest_route=%2Fwp%2Fv2%2Fcomments&post=11953"}],"version-history":[{"count":1,"href":"https:\/\/www.mpal.mp.br\/index.php?rest_route=\/wp\/v2\/posts\/11953\/revisions"}],"predecessor-version":[{"id":11954,"href":"https:\/\/www.mpal.mp.br\/index.php?rest_route=\/wp\/v2\/posts\/11953\/revisions\/11954"}],"wp:featuredmedia":[{"embeddable":true,"href":"https:\/\/www.mpal.mp.br\/index.php?rest_route=\/wp\/v2\/media\/7620"}],"wp:attachment":[{"href":"https:\/\/www.mpal.mp.br\/index.php?rest_route=%2Fwp%2Fv2%2Fmedia&parent=11953"}],"wp:term":[{"taxonomy":"category","embeddable":true,"href":"https:\/\/www.mpal.mp.br\/index.php?rest_route=%2Fwp%2Fv2%2Fcategories&post=11953"},{"taxonomy":"post_tag","embeddable":true,"href":"https:\/\/www.mpal.mp.br\/index.php?rest_route=%2Fwp%2Fv2%2Ftags&post=11953"}],"curies":[{"name":"wp","href":"https:\/\/api.w.org\/{rel}","templated":true}]}}