{"id":11950,"date":"2013-11-08T08:52:31","date_gmt":"2013-11-08T10:52:31","guid":{"rendered":"https:\/\/www.mpal.mp.br\/?p=11950"},"modified":"2022-07-12T08:59:52","modified_gmt":"2022-07-12T11:59:52","slug":"campanha-de-combate-a-violencia-infantojuvenil-ganha-apoio-do-sesi-al","status":"publish","type":"post","link":"https:\/\/www.mpal.mp.br\/?p=11950","title":{"rendered":"Campanha de combate \u00e0 viol\u00eancia infantojuvenil ganha apoio do Sesi\/AL"},"content":{"rendered":"<p style=\"text-align: justify;\"><span style=\"font-size: 14pt;\">A campanha Com Crian\u00e7a N\u00e3o se Brinca chegou, nesta quarta-feira (6), aos estudantes do Projeto ViraVida, do Sistema Social da Ind\u00fastria Alagoas (Sesi\/AL), que recupera 140 jovens v\u00edtimas de abuso e explora\u00e7\u00e3o sexual em Macei\u00f3. Na ocasi\u00e3o, a coordenadora da campanha, promotora de Justi\u00e7a Dalva Ten\u00f3rio, conversou com os beneficiados pelo projeto sobre a import\u00e2ncia de combater a viol\u00eancia infantojuvenil por meio de den\u00fancias a \u00f3rg\u00e3os oficiais, como o Minist\u00e9rio P\u00fablico do Estado de Alagoas (MPE\/AL). Os diretores da Associa\u00e7\u00e3o das Empresas do Mercado Imobili\u00e1rio de Alagoas (Ademi\/AL), Ronald Vasco e Diogo Medeiros, tamb\u00e9m participaram da visita aos jovens, que t\u00eam idade entre 16 e 21 anos.<\/span><\/p>\n<p style=\"text-align: justify;\" align=\"JUSTIFY\"><span style=\"font-size: 14pt;\">Al\u00e9m do contato com os estudantes, o MPE\/AL e a Ademi\/AL firmaram uma parceria com o Sesi\/AL para contar com os profissionais do projeto ViraVida. Com isso, pedagogos, assistentes sociais e psic\u00f3logos participar\u00e3o da conscientiza\u00e7\u00e3o dos trabalhadores da constru\u00e7\u00e3o civil sobre as consequ\u00eancias do abuso e explora\u00e7\u00e3o sexual na vida da crian\u00e7a e do adolescente. O Sesi\/AL tamb\u00e9m ceder\u00e1 um grupo de atores para uma encena\u00e7\u00e3o de um espet\u00e1culo sobre o tema da campanha. Em contrapartida, a Ademi\/AL se comprometeu a ajudar na empregabilidade dos jovens que recebem forma\u00e7\u00e3o profissional pelo projeto.<\/span><\/p>\n<p style=\"text-align: justify;\" align=\"JUSTIFY\"><span style=\"font-size: 14pt;\">\u201cA campanha Com Crian\u00e7a N\u00e3o se Brinca foi a forma que n\u00f3s encontramos para combater a a\u00e7\u00e3o de ped\u00f3filos. Queremos alertar a popula\u00e7\u00e3o sobre a pr\u00e1tica da viol\u00eancia sexual contra jovens, muitas vezes, v\u00edtimas de amigos e familiares. Para isso, \u00e9 fundamental acabar com o sil\u00eancio das crian\u00e7as e adolescentes, e dos seus respons\u00e1veis, incentivando a denunciar os algozes ao Minist\u00e9rio P\u00fablico, Conselho Tutelar e Delegacia da Crian\u00e7a e do Adolescente. O importante \u00e9 dizer n\u00e3o ao sil\u00eancio\u201d, afirmou a titular da 59\u00aa Promotoria de Justi\u00e7a da Capital.<\/span><\/p>\n<p style=\"text-align: justify;\" align=\"JUSTIFY\"><span style=\"font-size: 14pt;\">\u201cO Sesi\/AL desenvolve um trabalho de recupera\u00e7\u00e3o dos jovens v\u00edtimas de viol\u00eancia sexual que merece o respeito da sociedade. Como membro de uma entidade que re\u00fane empres\u00e1rios da constru\u00e7\u00e3o civil, posso afirmar a demanda por m\u00e3o de obra qualificada no estado. Diante m\u00e3o, convidamos os estudantes deste projeto para conhecerem nossos canteiros de obras e escrit\u00f3rios para que, quem sabe, trabalharmos juntos num futuro pr\u00f3ximo\u201d, disse Ronald Vasco, diretor da Ademi\/AL.<\/span><\/p>\n<p style=\"text-align: justify;\" align=\"JUSTIFY\"><span style=\"font-size: 14pt;\">Na pr\u00f3xima quarta-feira, MPE\/AL, Ademi\/AL e a equipe t\u00e9cnica do projeto ViraVida voltar\u00e3o a se reunir para debater a interven\u00e7\u00e3o do grupo de teatro junto aos trabalhadores da constru\u00e7\u00e3o civil. Na ocasi\u00e3o, ser\u00e3o definidos o conte\u00fado e o cronograma das apresenta\u00e7\u00f5es. O encontro ocorrer\u00e1 na sede da Ademi\/AL, a partir das 11h.<\/span><\/p>\n<p style=\"text-align: justify;\" align=\"JUSTIFY\"><span style=\"font-size: 14pt;\"><strong>Maior parte da v\u00edtimas vem do Vergel<\/strong><\/span><\/p>\n<p style=\"text-align: justify;\" align=\"JUSTIFY\"><span style=\"font-size: 14pt;\">A coordenadora operacional do Projeto ViraVida no Estado, Fernanda Ferreira, relaciona a pr\u00e1tica de abuso sexual \u00e0 explora\u00e7\u00e3o de crian\u00e7as e adolescentes. \u201cMuitos dos jovens que vendem o pr\u00f3prio corpo sofrem viol\u00eancia dentro de casa. Geralmente, depois de receber o abuso, torna-se &#8216;normal&#8217; para elas se prostitu\u00edrem, at\u00e9 mesmo para colocar comida dentro de casa, ainda mais porque o dinheiro vem de supostos amigos que s\u00f3 querem &#8216;ajud\u00e1-las&#8217;\u201d, explica a coordenadora.<\/span><\/p>\n<p style=\"text-align: justify;\" align=\"JUSTIFY\"><span style=\"font-size: 14pt;\">Dos 160 jovens que j\u00e1 foram atendidos pelo projeto em Macei\u00f3, cerca de 60% moram ou moravam no bairro Vergel do Lago. \u201cPor ser pr\u00f3ximo \u00e0s orlas mar\u00edtima e lagunar e terem renda familiar baixa, as crian\u00e7as e adolescentes do Vergel est\u00e3o mais vulner\u00e1veis \u00e0 prostitui\u00e7\u00e3o\u201d, explicou Fernanda, que ressalta a mudan\u00e7a de comportamento dos estudantes durante o ano em que fazem o curso profissionalizante. \u201cOlhar nos olhos, tocar no bra\u00e7o eram sinais de chamar para a briga porque estes atos estavam muito relacionados \u00e0 explora\u00e7\u00e3o sexual para eles. No ViraVida, tamb\u00e9m trabalhamos a afetividade para mostrar que o olhar e o toque tamb\u00e9m podem ser, simplesmente, sinais de respeito e carinho\u201d, completa.<\/span><\/p>\n<p style=\"text-align: justify;\" align=\"JUSTIFY\"><span style=\"font-size: 14pt;\">Segundo a coordenadora, o jovem v\u00edtima de viol\u00eancia sexual precisa do acompanhamento da fam\u00edlia e de pessoas que acreditam nele para reconstruir a autoconfian\u00e7a. \u201cUma crian\u00e7a, um adolescente, um indiv\u00edduo deve escutar do pai que ele acredita no filho. Na maioria dos casos que chegam at\u00e9 a gente, falta a figura familiar que acredita no jovem e isso faz toda a diferen\u00e7a na recupera\u00e7\u00e3o da sua autoestima. Nossos professores s\u00e3o orientados a terem esse olhar sens\u00edvel para com o aluno\u201d, conclui a coordenadora.<\/span><\/p>\n<p style=\"text-align: justify;\" align=\"JUSTIFY\"><span style=\"font-size: 14pt;\"><strong>Projeto ViraVida<\/strong><\/span><\/p>\n<p style=\"text-align: justify;\" align=\"JUSTIFY\"><span style=\"font-size: 14pt;\">Desenvolvido por iniciativa do Conselho Nacional do Sesi, o programa ViraVida busca promover a eleva\u00e7\u00e3o da autoestima e da escolaridade dos adolescentes e jovens participantes para que desvendem o pr\u00f3prio potencial e assim conquistem autonomia. O processo socioeducativo est\u00e1 baseado em cursos profissionalizantes constru\u00eddos a partir do alinhamento entre a demanda de cada mercado, o perfil e as expectativas desses adolescentes e jovens.<\/span><\/p>\n<p style=\"text-align: justify;\" align=\"JUSTIFY\"><span style=\"font-size: 14pt;\">Os cursos contemplam a necessidade de integra\u00e7\u00e3o entre forma\u00e7\u00e3o profissional, educa\u00e7\u00e3o b\u00e1sica e no\u00e7\u00f5es de autogest\u00e3o. Tamb\u00e9m asseguram aos alunos atendimento psicossocial, voltado ao resgate de valores e fortalecimento de v\u00ednculos familiares. Em Macei\u00f3, os cursos oferecidos pelo programa s\u00e3o os de Administrativo e Operador de Computador; Eletricista Industrial; Padeiro\/Confeiteiro\/Produtor de embutidos e Defumados; e Recepcionista em meios de hospedagem e Operador de Computador.<\/span><\/p>\n<p style=\"text-align: justify;\" align=\"JUSTIFY\"><span style=\"font-size: 14pt;\">Desde de 2102, cerca de 160 jovens j\u00e1 foram beneficiados pelo projeto em Alagoas que tem por meta atender cem estudantes por ano. Eles s\u00e3o indicados ao projeto pelo Conselho Tutelar, Centro de Refer\u00eancia Especializado de Assist\u00eancia Social (Creas), Casa de Passagem da Prefeitura Municipal e Organiza\u00e7\u00f5es N\u00e3o-Governamentais como o Projeto Talita e Associa\u00e7\u00e3o Comunit\u00e1ria do Benedito Bentes.<\/span><\/p>\n<p style=\"text-align: justify;\" align=\"JUSTIFY\"><span style=\"font-size: 14pt;\">Para ter acesso ao projeto, o jovem v\u00edtima de viol\u00eancia sexual deve ter idade entre 16 e 21 anos; estar em situa\u00e7\u00e3o de explora\u00e7\u00e3o sexual; pertencer ou estar inscrito em atividades sociais ou comunit\u00e1rias desenvolvidas pelas institui\u00e7\u00f5es parceiras do ViraVida; apresentar n\u00edvel de escolaridade m\u00ednima exigida pelas institui\u00e7\u00f5es formadoras (6\u00ba s\u00e9rie do Ensino Fundamental); apresentar baixa ou nenhuma depend\u00eancia qu\u00edmica.<\/span><\/p>\n","protected":false},"excerpt":{"rendered":"<p> [&hellip;]<\/p>\n","protected":false},"author":4,"featured_media":11951,"comment_status":"open","ping_status":"open","sticky":false,"template":"","format":"standard","meta":{"om_disable_all_campaigns":false,"_monsterinsights_skip_tracking":false,"_monsterinsights_sitenote_active":false,"_monsterinsights_sitenote_note":"","_monsterinsights_sitenote_category":0,"_uf_show_specific_survey":0,"_uf_disable_surveys":false,"footnotes":""},"categories":[2],"tags":[],"class_list":["post-11950","post","type-post","status-publish","format-standard","has-post-thumbnail","hentry","category-not_mpal"],"aioseo_notices":[],"_links":{"self":[{"href":"https:\/\/www.mpal.mp.br\/index.php?rest_route=\/wp\/v2\/posts\/11950","targetHints":{"allow":["GET"]}}],"collection":[{"href":"https:\/\/www.mpal.mp.br\/index.php?rest_route=\/wp\/v2\/posts"}],"about":[{"href":"https:\/\/www.mpal.mp.br\/index.php?rest_route=\/wp\/v2\/types\/post"}],"author":[{"embeddable":true,"href":"https:\/\/www.mpal.mp.br\/index.php?rest_route=\/wp\/v2\/users\/4"}],"replies":[{"embeddable":true,"href":"https:\/\/www.mpal.mp.br\/index.php?rest_route=%2Fwp%2Fv2%2Fcomments&post=11950"}],"version-history":[{"count":1,"href":"https:\/\/www.mpal.mp.br\/index.php?rest_route=\/wp\/v2\/posts\/11950\/revisions"}],"predecessor-version":[{"id":11952,"href":"https:\/\/www.mpal.mp.br\/index.php?rest_route=\/wp\/v2\/posts\/11950\/revisions\/11952"}],"wp:featuredmedia":[{"embeddable":true,"href":"https:\/\/www.mpal.mp.br\/index.php?rest_route=\/wp\/v2\/media\/11951"}],"wp:attachment":[{"href":"https:\/\/www.mpal.mp.br\/index.php?rest_route=%2Fwp%2Fv2%2Fmedia&parent=11950"}],"wp:term":[{"taxonomy":"category","embeddable":true,"href":"https:\/\/www.mpal.mp.br\/index.php?rest_route=%2Fwp%2Fv2%2Fcategories&post=11950"},{"taxonomy":"post_tag","embeddable":true,"href":"https:\/\/www.mpal.mp.br\/index.php?rest_route=%2Fwp%2Fv2%2Ftags&post=11950"}],"curies":[{"name":"wp","href":"https:\/\/api.w.org\/{rel}","templated":true}]}}