{"id":11947,"date":"2013-11-22T08:48:39","date_gmt":"2013-11-22T10:48:39","guid":{"rendered":"https:\/\/www.mpal.mp.br\/?p=11947"},"modified":"2022-07-12T08:52:26","modified_gmt":"2022-07-12T11:52:26","slug":"adolescentes-em-cumprimento-de-medidas-socioeducativas-visitam-feira-de-profissoes-do-senai","status":"publish","type":"post","link":"https:\/\/www.mpal.mp.br\/?p=11947","title":{"rendered":"Adolescentes em cumprimento de medidas socioeducativas visitam Feira de Profiss\u00f5es do Senai"},"content":{"rendered":"<p style=\"text-align: justify;\"><span style=\"font-size: 14pt;\">O Minist\u00e9rio P\u00fablico Estadual (MPE) em parceria com o Juizado da Inf\u00e2ncia e da Juventude, Secretaria de Defesa Social e Superintend\u00eancia de medidas socioeducativas promoveram a visita de 26 jovens da Unidade de Interna\u00e7\u00e3o Masculina de Extens\u00e3o II (Uime), que cumprem medidas socioeducativas, a Feira de Profiss\u00f5es do Senai que acontece no bairro do Po\u00e7o, na manh\u00e3 desta sexta-feira (22).<\/span><\/p>\n<p style=\"text-align: justify;\"><span style=\"font-size: 14pt;\">Em meio aos stands espalhados pelo pr\u00e9dio do Senai, os 26 adolescentes da Uime puderam conhecer de perto as mais variadas atua\u00e7\u00f5es de cursos como de Eletr\u00f4nica, Inform\u00e1tica, Refrigera\u00e7\u00e3o, Solda, Seguran\u00e7a, Artes Gr\u00e1ficas e outros. Essa experi\u00eancia s\u00f3 foi poss\u00edvel em virtude da iniciativa do promotor de Justi\u00e7a Rog\u00e9rio Paranhos, da 12\u00aa Promotoria de Justi\u00e7a da Capital, que apura atos infracionais e irregularidades praticadas por entidades de atendimento \u00e0 inf\u00e2ncia e \u00e0 juventude.<\/span><\/p>\n<p style=\"text-align: justify;\"><span style=\"font-size: 14pt;\">Os adolescentes que se identificarem com algum curso profissionalizante podem se inscrever a fim de se qualificarem para o mercado de trabalho. Mas segundo a gerente de Egresso da Uime, Kedma Bento, a maioria dos internos n\u00e3o tem o Ensino M\u00e9dio ou Fundamental completos, que s\u00e3o pr\u00e9-requisitos do Senai para come\u00e7ar os cursos. \u201cViemos para c\u00e1 hoje mesmo sabendo que muitos n\u00e3o podem se inscrever. A gente acredita que conhecer de perto as profiss\u00f5es deixam os jovens com esperan\u00e7a de mudar de vida depois de sa\u00edrem da unidade\u201d, disse Kedma.<\/span><\/p>\n<p style=\"text-align: justify;\"><span style=\"font-size: 14pt;\">Foi a uni\u00e3o de for\u00e7as entre o Minist\u00e9rio P\u00fablico Estadual de Alagoas e a Secretaria de Estado da Paz (Sepaz\/AL), por meio do secret\u00e1rio Eduardo Campos Lopes, que permitiu a ida dos 26 adolescentes \u00e0 Feira de Profiss\u00f5es do Senai, na manh\u00e3 desta sexta-feira. Tamb\u00e9m apoiaram a iniciativa o juiz Ney Costa Alc\u00e2ntara de Oliveira e o superintendente de Medidas Socioeducativos, Glauber Luiz de Almeida Melo.<\/span><\/p>\n<p style=\"text-align: justify;\"><span style=\"font-size: 14pt;\">\u201cEsses meninos t\u00eam que entender que um mundo cheio de possibilidades espera por eles aqui fora. Se tiverem vontade de sair ressocializados e com desejo de reconstru\u00edrem suas vidas, n\u00f3s estaremos aqui fora para ajud\u00e1-los. Ler, estudar e buscar uma qualifica\u00e7\u00e3o s\u00e3o os primeiros passos que devem ser dados quando eles ganharem a liberdade novamente. Foi por isso que os trouxemos aqui, para incentiv\u00e1-los a enxergar o futuro de uma outra forma\u201d, comentou Paranhos.<\/span><\/p>\n","protected":false},"excerpt":{"rendered":"<p> [&hellip;]<\/p>\n","protected":false},"author":4,"featured_media":11948,"comment_status":"open","ping_status":"open","sticky":false,"template":"","format":"standard","meta":{"om_disable_all_campaigns":false,"_monsterinsights_skip_tracking":false,"_monsterinsights_sitenote_active":false,"_monsterinsights_sitenote_note":"","_monsterinsights_sitenote_category":0,"_uf_show_specific_survey":0,"_uf_disable_surveys":false,"footnotes":""},"categories":[2],"tags":[],"class_list":["post-11947","post","type-post","status-publish","format-standard","has-post-thumbnail","hentry","category-not_mpal"],"aioseo_notices":[],"_links":{"self":[{"href":"https:\/\/www.mpal.mp.br\/index.php?rest_route=\/wp\/v2\/posts\/11947","targetHints":{"allow":["GET"]}}],"collection":[{"href":"https:\/\/www.mpal.mp.br\/index.php?rest_route=\/wp\/v2\/posts"}],"about":[{"href":"https:\/\/www.mpal.mp.br\/index.php?rest_route=\/wp\/v2\/types\/post"}],"author":[{"embeddable":true,"href":"https:\/\/www.mpal.mp.br\/index.php?rest_route=\/wp\/v2\/users\/4"}],"replies":[{"embeddable":true,"href":"https:\/\/www.mpal.mp.br\/index.php?rest_route=%2Fwp%2Fv2%2Fcomments&post=11947"}],"version-history":[{"count":1,"href":"https:\/\/www.mpal.mp.br\/index.php?rest_route=\/wp\/v2\/posts\/11947\/revisions"}],"predecessor-version":[{"id":11949,"href":"https:\/\/www.mpal.mp.br\/index.php?rest_route=\/wp\/v2\/posts\/11947\/revisions\/11949"}],"wp:featuredmedia":[{"embeddable":true,"href":"https:\/\/www.mpal.mp.br\/index.php?rest_route=\/wp\/v2\/media\/11948"}],"wp:attachment":[{"href":"https:\/\/www.mpal.mp.br\/index.php?rest_route=%2Fwp%2Fv2%2Fmedia&parent=11947"}],"wp:term":[{"taxonomy":"category","embeddable":true,"href":"https:\/\/www.mpal.mp.br\/index.php?rest_route=%2Fwp%2Fv2%2Fcategories&post=11947"},{"taxonomy":"post_tag","embeddable":true,"href":"https:\/\/www.mpal.mp.br\/index.php?rest_route=%2Fwp%2Fv2%2Ftags&post=11947"}],"curies":[{"name":"wp","href":"https:\/\/api.w.org\/{rel}","templated":true}]}}