{"id":11942,"date":"2014-05-05T08:45:41","date_gmt":"2014-05-05T11:45:41","guid":{"rendered":"https:\/\/www.mpal.mp.br\/?p=11942"},"modified":"2022-07-12T08:48:28","modified_gmt":"2022-07-12T11:48:28","slug":"mpe-al-participa-de-mutirao-socioeducativo-promovido-pelo-cnj-e-tj-al","status":"publish","type":"post","link":"https:\/\/www.mpal.mp.br\/?p=11942","title":{"rendered":"MPE\/AL participa de mutir\u00e3o socioeducativo promovido pelo CNJ e TJ\/AL"},"content":{"rendered":"<p style=\"text-align: justify;\" align=\"JUSTIFY\"><span style=\"font-size: 14pt;\">O chefe do Minist\u00e9rio P\u00fablico do Estado de Alagoas (MPE\/AL), S\u00e9rgio Juc\u00e1, designou, nesta segunda-feira (5), os promotores de Justi\u00e7a Alexandra Beurlen, Rog\u00e9rio Paranhos Gon\u00e7alves, C\u00edntia Calumby da Silva Coutinho, Adriana Gomes Moreira dos Santos e Cl\u00e1udio Luiz Galv\u00e3o Malta para atuarem no primeiro mutir\u00e3o do sistema socioeducativo realizado no estado. O Conselho Nacional de Justi\u00e7a (CNJ) e o Tribunal de Justi\u00e7a do Estado de Alagoas (TJ\/AL) promovem a iniciativa, que come\u00e7a hoje e segue at\u00e9 o dia 16 de maio.<\/span><\/p>\n<p style=\"text-align: justify;\" align=\"JUSTIFY\"><span style=\"font-size: 14pt;\">No per\u00edodo, ser\u00e3o analisados mais de mil processos de jovens que cumprem medidas socioeducativas em unidade de interna\u00e7\u00e3o. O objetivo do mutir\u00e3o \u00e9 agilizar o tr\u00e2mite processual dos procedimentos e verificar se existem menores com condi\u00e7\u00f5es de cumprir as medidas socioeducativas em liberdade ou processos com prazos extrapolados. Para isso, ju\u00edzes, promotores de Justi\u00e7a, defensores p\u00fablicos e servidores comp\u00f5em a for\u00e7a-tarefa que atuar\u00e1 em Macei\u00f3 e Arapiraca.<\/span><\/p>\n<p style=\"text-align: justify;\" align=\"JUSTIFY\"><span style=\"font-size: 14pt;\">\u201c\u00c9 papel do Minist\u00e9rio P\u00fablico acompanhar o cumprimento das medidas socioeducativas e a defesa dos direitos dos jovens que se encontram nas unidades de interna\u00e7\u00e3o. Ent\u00e3o os processos n\u00e3o podem avan\u00e7ar sem ter a nossa participa\u00e7\u00e3o. A atua\u00e7\u00e3o do Parquet alagoano e da Defensoria P\u00fablica s\u00e3o imprescind\u00edveis para o sucesso do mutir\u00e3o\u201d, disse a promotora Alexandra Beurlen, titular da 11\u00aa Promotoria de Justi\u00e7a da Capital, que trata dos feitos relativos \u00e0 apura\u00e7\u00e3o de atos infracionais e de irregularidades praticadas por entidade de atendimento \u00e0 inf\u00e2ncia e \u00e0 juventude.<\/span><\/p>\n<p style=\"text-align: justify;\" align=\"JUSTIFY\"><span style=\"font-size: 14pt;\">Recentemente, o presidente do Supremo Tribunal Federal (STF) e do CNJ, ministro Joaquim Barbosa, visitou o estado para inspecionar as carceragens do N\u00facleo Estadual de Atendimento Socioeducativo (Neas) e da Unidade de Interna\u00e7\u00e3o de Jovens e Adultos (Uija), em Macei\u00f3. Na ocasi\u00e3o, o ministro ouviu queixas sobre alimenta\u00e7\u00e3o, atendimento m\u00e9dico e tratamento prestado pelos funcion\u00e1rios.<\/span><\/p>\n","protected":false},"excerpt":{"rendered":"<p> [&hellip;]<\/p>\n","protected":false},"author":4,"featured_media":2857,"comment_status":"open","ping_status":"open","sticky":false,"template":"","format":"standard","meta":{"om_disable_all_campaigns":false,"_monsterinsights_skip_tracking":false,"_monsterinsights_sitenote_active":false,"_monsterinsights_sitenote_note":"","_monsterinsights_sitenote_category":0,"_uf_show_specific_survey":0,"_uf_disable_surveys":false,"footnotes":""},"categories":[2],"tags":[],"class_list":["post-11942","post","type-post","status-publish","format-standard","has-post-thumbnail","hentry","category-not_mpal"],"aioseo_notices":[],"_links":{"self":[{"href":"https:\/\/www.mpal.mp.br\/index.php?rest_route=\/wp\/v2\/posts\/11942","targetHints":{"allow":["GET"]}}],"collection":[{"href":"https:\/\/www.mpal.mp.br\/index.php?rest_route=\/wp\/v2\/posts"}],"about":[{"href":"https:\/\/www.mpal.mp.br\/index.php?rest_route=\/wp\/v2\/types\/post"}],"author":[{"embeddable":true,"href":"https:\/\/www.mpal.mp.br\/index.php?rest_route=\/wp\/v2\/users\/4"}],"replies":[{"embeddable":true,"href":"https:\/\/www.mpal.mp.br\/index.php?rest_route=%2Fwp%2Fv2%2Fcomments&post=11942"}],"version-history":[{"count":1,"href":"https:\/\/www.mpal.mp.br\/index.php?rest_route=\/wp\/v2\/posts\/11942\/revisions"}],"predecessor-version":[{"id":11945,"href":"https:\/\/www.mpal.mp.br\/index.php?rest_route=\/wp\/v2\/posts\/11942\/revisions\/11945"}],"wp:featuredmedia":[{"embeddable":true,"href":"https:\/\/www.mpal.mp.br\/index.php?rest_route=\/wp\/v2\/media\/2857"}],"wp:attachment":[{"href":"https:\/\/www.mpal.mp.br\/index.php?rest_route=%2Fwp%2Fv2%2Fmedia&parent=11942"}],"wp:term":[{"taxonomy":"category","embeddable":true,"href":"https:\/\/www.mpal.mp.br\/index.php?rest_route=%2Fwp%2Fv2%2Fcategories&post=11942"},{"taxonomy":"post_tag","embeddable":true,"href":"https:\/\/www.mpal.mp.br\/index.php?rest_route=%2Fwp%2Fv2%2Ftags&post=11942"}],"curies":[{"name":"wp","href":"https:\/\/api.w.org\/{rel}","templated":true}]}}