{"id":11930,"date":"2014-06-17T08:01:36","date_gmt":"2014-06-17T11:01:36","guid":{"rendered":"https:\/\/www.mpal.mp.br\/?p=11930"},"modified":"2022-07-12T08:41:49","modified_gmt":"2022-07-12T11:41:49","slug":"promotorias-da-infancia-e-juventude-pedem-retirada-imediata-de-jovens-da-uija-permanencia-de-socioeducandos-no-local-desrespeita-decisao-judicial","status":"publish","type":"post","link":"https:\/\/www.mpal.mp.br\/?p=11930","title":{"rendered":"Promotorias da Inf\u00e2ncia e Juventude pedem retirada imediata de jovens da UIJA; perman\u00eancia de socioeducandos no local desrespeita decis\u00e3o judicial"},"content":{"rendered":"<div class=\"content-wrapper-1\">\n<div class=\"content-wrapper-2\">\n<div id=\"mainmiddle\">\n<div id=\"mainmiddle-expand\">\n<div id=\"content\">\n<div id=\"content-shift\">\n<div class=\"floatbox\">\n<div class=\"joomla \">\n<div class=\"article\">\n<div id=\"articlepxfontsize1\">\n<p style=\"text-align: justify;\" align=\"JUSTIFY\"><span style=\"font-size: 14pt;\">O Estado n\u00e3o est\u00e1 respeitando a decis\u00e3o da Justi\u00e7a. Esse \u00e9 o posicionamento do Minist\u00e9rio P\u00fablico do Estado de Alagoas no que concerne a presen\u00e7a de 10 adolescentes infratores no interior da UIJA &#8211; Unidade de Interna\u00e7\u00e3o de Jovens e Adultos -, mesmo depois que o juiz Ney Alc\u00e2ntara, titular do 1\u00ba Juizado Especial C\u00edvel e Criminal da capital, atendendo ao pedido formulado pelas 11\u00aa e 12\u00aa Promotorias de Justi\u00e7a, determinou, h\u00e1 duas semanas, a imediata desocupa\u00e7\u00e3o daquela unidade. Na manh\u00e3 desta ter\u00e7a-feira (17), MPE\/AL e Defensoria P\u00fablica pediram que o magistrado mandasse retirar os adolescentes do local e os encaminhasse para a sede da\u00a0<em>Secretaria\u00a0<\/em>de Estado de\u00a0<em>Ressocializa\u00e7\u00e3o<\/em><em>\u00a0<\/em>e Inclus\u00e3o Social.<\/span><\/p>\n<p style=\"text-align: justify;\" align=\"JUSTIFY\"><span style=\"font-size: 14pt;\">\u201cJ\u00e1 fomos tolerantes demais. H\u00e1 anos estamos dialogando com o Estado para que novas unidades sejam constru\u00eddas e para que os socioeducandos possam receber as medidas socioeducativas capazes de lhes gerarem novas perspectivas de vida. O \u00faltimo motim ocorrido dentro da UIJA deixou a unidade destru\u00edda e, portanto, sem condi\u00e7\u00f5es de habitabilidade. Por isso ingressamos com uma a\u00e7\u00e3o civil p\u00fablica pedindo a sua interdi\u00e7\u00e3o. Nosso pedido era justo, tanto que foi deferido pelo Ju\u00edzo competente. Mas, ainda assim, o Estado continua mantendo parte dos adolescentes l\u00e1 dentro. Ent\u00e3o, diante desse descumprimento, resolvemos formular novo pedido \u00e0 Justi\u00e7a\u201d, explicou o promotor Rog\u00e9rio Paranhos.<\/span><\/p>\n<p style=\"text-align: justify;\" align=\"JUSTIFY\"><span style=\"font-size: 14pt;\">Segundo Paranhos, o pedido feito por ele e pelo defensor p\u00fablico Ant\u00f4nio Fernandes foi no sentindo da desocupa\u00e7\u00e3o imediata da UIJA. \u201cSolicitamos ao juiz Ney Alc\u00e2ntara que determinasse a seus oficiais de Justi\u00e7a, acompanhados da for\u00e7a policial, que os mesmos retirassem os socioeducandos da unidade e os encaminhasse para a sala do secret\u00e1rio Carlos Luna. \u00c9 uma forma do Estado assumir suas responsabilidades. Os laudos do Corpo de Bombeiros e da Vigil\u00e2ncia Sanit\u00e1ria j\u00e1 diagnosticaram que aquela unidade n\u00e3o est\u00e1 mais pass\u00edvel de ser ocupada\u201d, destacou o promotor.<\/span><\/p>\n<p style=\"text-align: justify;\" align=\"JUSTIFY\"><span style=\"font-size: 14pt;\">Essa n\u00e3o \u00e9 a primeira batalha travada pelo MPE\/AL em defesa de um lugar que ofere\u00e7a mais dignidade e capacidade de ressocializa\u00e7\u00e3o para os jovens infratores. H\u00e1 mais de dois anos os promotores da Inf\u00e2ncia e Juventude, Rog\u00e9rio Paranhos e\u00a0<em>Alexandra Buerlen,\u00a0<\/em>fazem tratativas com gestores p\u00fablicos com o objetivo de se encontrar alternativas para solucionar os problemas identificados.<\/span><\/p>\n<p style=\"text-align: justify;\" align=\"JUSTIFY\"><span style=\"font-size: 14pt;\">\u201cA situa\u00e7\u00e3o se agravou e n\u00e3o podemos mais conceder novos prazos. Esperamos que, agora, a\u00a0<em>Secretaria<\/em><em>\u00a0<\/em>de Estado de\u00a0<em>Ressocializa\u00e7\u00e3o<\/em><em>\u00a0<\/em>e Inclus\u00e3o Social encontre um lugar mais decente para manter os jovens sob cust\u00f3dia. E, em paralelo a esse pedido, tamb\u00e9m solicitamos que o juiz Ney Alc\u00e2ntara encaminhasse todos os autos dessa a\u00e7\u00e3o para o procurador-geral de Justi\u00e7a, S\u00e9rgio Juc\u00e1. A chefia do Minist\u00e9rio P\u00fablico dever\u00e1 avaliar se o caso \u00e9 de desobedi\u00eancia e de propositura de uma a\u00e7\u00e3o por ato de improbidade administrativa\u201d, acrescentou Rog\u00e9rio Paranhos.<\/span><\/p>\n<\/div>\n<\/div>\n<\/div>\n<\/div>\n<\/div>\n<\/div>\n<\/div>\n<\/div>\n<\/div>\n<\/div>\n<div class=\"content-wrapper-b1\">\n<div class=\"content-wrapper-b2\" style=\"text-align: justify;\"><\/div>\n<\/div>\n","protected":false},"excerpt":{"rendered":"<p> [&hellip;]<\/p>\n","protected":false},"author":4,"featured_media":11937,"comment_status":"open","ping_status":"open","sticky":false,"template":"","format":"standard","meta":{"om_disable_all_campaigns":false,"_monsterinsights_skip_tracking":false,"_monsterinsights_sitenote_active":false,"_monsterinsights_sitenote_note":"","_monsterinsights_sitenote_category":0,"_uf_show_specific_survey":0,"_uf_disable_surveys":false,"footnotes":""},"categories":[2],"tags":[],"class_list":["post-11930","post","type-post","status-publish","format-standard","has-post-thumbnail","hentry","category-not_mpal"],"aioseo_notices":[],"_links":{"self":[{"href":"https:\/\/www.mpal.mp.br\/index.php?rest_route=\/wp\/v2\/posts\/11930","targetHints":{"allow":["GET"]}}],"collection":[{"href":"https:\/\/www.mpal.mp.br\/index.php?rest_route=\/wp\/v2\/posts"}],"about":[{"href":"https:\/\/www.mpal.mp.br\/index.php?rest_route=\/wp\/v2\/types\/post"}],"author":[{"embeddable":true,"href":"https:\/\/www.mpal.mp.br\/index.php?rest_route=\/wp\/v2\/users\/4"}],"replies":[{"embeddable":true,"href":"https:\/\/www.mpal.mp.br\/index.php?rest_route=%2Fwp%2Fv2%2Fcomments&post=11930"}],"version-history":[{"count":1,"href":"https:\/\/www.mpal.mp.br\/index.php?rest_route=\/wp\/v2\/posts\/11930\/revisions"}],"predecessor-version":[{"id":11938,"href":"https:\/\/www.mpal.mp.br\/index.php?rest_route=\/wp\/v2\/posts\/11930\/revisions\/11938"}],"wp:featuredmedia":[{"embeddable":true,"href":"https:\/\/www.mpal.mp.br\/index.php?rest_route=\/wp\/v2\/media\/11937"}],"wp:attachment":[{"href":"https:\/\/www.mpal.mp.br\/index.php?rest_route=%2Fwp%2Fv2%2Fmedia&parent=11930"}],"wp:term":[{"taxonomy":"category","embeddable":true,"href":"https:\/\/www.mpal.mp.br\/index.php?rest_route=%2Fwp%2Fv2%2Fcategories&post=11930"},{"taxonomy":"post_tag","embeddable":true,"href":"https:\/\/www.mpal.mp.br\/index.php?rest_route=%2Fwp%2Fv2%2Ftags&post=11930"}],"curies":[{"name":"wp","href":"https:\/\/api.w.org\/{rel}","templated":true}]}}