{"id":11921,"date":"2013-09-12T12:44:39","date_gmt":"2013-09-12T15:44:39","guid":{"rendered":"https:\/\/www.mpal.mp.br\/?p=11921"},"modified":"2022-07-11T12:45:36","modified_gmt":"2022-07-11T15:45:36","slug":"fpi-da-dengue-balanco-e-considerado-positivo-80-locais-foram-alvos-das-fiscalizacoes","status":"publish","type":"post","link":"https:\/\/www.mpal.mp.br\/?p=11921","title":{"rendered":"FPI da Dengue: balan\u00e7o \u00e9 considerado positivo; 80 locais foram alvos das fiscaliza\u00e7\u00f5es"},"content":{"rendered":"<p style=\"text-align: justify;\" align=\"JUSTIFY\"><span style=\"font-size: 14pt;\">O resultado de todas as a\u00e7\u00f5es que foram desenvolvidas e quais flagrantes acabaram sendo registrados pelo trabalho desenvolvido pela Fiscaliza\u00e7\u00e3o Preventiva Integrada de Combate \u00e0 Dengue \u2013 FPI da Dengue, que aconteceu durante as duas \u00faltimas semanas, foi apresentado na manh\u00e3 desta quinta-feira (12), no audit\u00f3rio da Procuradoria Geral de Justi\u00e7a de Alagoas. A audi\u00eancia p\u00fablica, que contou com a presen\u00e7a de representantes dos \u00f3rg\u00e3os envolvidos na a\u00e7\u00e3o, avaliou de forma positiva os resultados das incurs\u00f5es feitas pela FPI.<\/span><\/p>\n<p style=\"text-align: justify;\"><span style=\"font-size: 14pt;\">Na \u00faltima segunda-feira (09), equipes do MPE\/AL, do Conselho Regional de Engenharia e Arquitetura (CREA\/AL) e das Secretarias Municipal e Estadual de Sa\u00fade se reuniram para fazer a condensa\u00e7\u00e3o dos dados. Eles se concentraram na compila\u00e7\u00e3o das informa\u00e7\u00f5es e separam, detalhadamente, quais ocorr\u00eancias foram registradas em cada local visitado pela FPI da Dengue. Mais de 80 lugares, entre \u00f3rg\u00e3os p\u00fablicos, ferros-velhos e propriedades privadas foram alvos da Fiscaliza\u00e7\u00e3o e, em todos os locais, foram encontrados focos com larvas do mosquito <em>Aedes Aegypti,\u00a0<\/em><em>vetor respons\u00e1vel pela transmiss\u00e3o dos v\u00edrus da dengue.<\/em><\/span><\/p>\n<p style=\"text-align: justify;\"><span style=\"font-size: 14pt;\"><em>\u201cA FPI alcan\u00e7ou um resultado bem maior do que aquele que esper\u00e1vamos. Apresentamos um balan\u00e7o das atividades que desenvolvemos durante os \u00faltimos 15 dias e, ap\u00f3s divulgarmos esse levantamento, daremos in\u00edcio agora aos procedimentos administrativos que ser\u00e3o adotados no sentindo de combater, de forma definitiva, o quadro ca\u00f3tico que encontramos. Inqu\u00e9ritos civis ser\u00e3o instaurados, expediremos recomenda\u00e7\u00f5es e, claro, naqueles casos em que for poss\u00edvel, vamos celebrar TACs. O mais importante n\u00e3o \u00e9 ofertar uma demanda judicial contra os alvos e, sim, promover a conscientiza\u00e7\u00e3o dos respons\u00e1veis por cada lugar visitado\u201d, explicou Alberto Fonseca, promotor do N\u00facleo de Prote\u00e7\u00e3o ao Meio Ambiente do Minist\u00e9rio P\u00fablico Estadual de Alagoas.<\/em><\/span><\/p>\n<p style=\"text-align: justify;\"><span style=\"font-size: 14pt;\">\u201cA FPI \u00e9 a realiza\u00e7\u00e3o de um sonho antigo, temos a obriga\u00e7\u00e3o de perseverar com essas a\u00e7\u00f5es. Os primeiros resultados afirmam que \u00e9 poss\u00edvel um combate efetivo \u00e0 dengue.\u201d afirmou Celso Tavares, coordenador epidemiol\u00f3gico da Secretaria Municipal de Sa\u00fade (SMS).<\/span><\/p>\n<p style=\"text-align: justify;\"><span style=\"font-size: 14pt;\"><em>\u201cO resultado desse trabalho realmente nos surpreendeu. A situa\u00e7\u00e3o \u00e9, de fato, cerca de 70% mais grave do que imagin\u00e1vamos\u201d, disse Paulo Carvalho, coordenador de endemias da Secretaria Municipal de Sa\u00fade (SMS).<\/em><\/span><\/p>\n<p style=\"text-align: justify;\"><span style=\"font-size: 14pt;\"><strong>Casos encontrados<\/strong><\/span><\/p>\n<p style=\"text-align: justify;\"><span style=\"font-size: 14pt;\"><em>Durante<\/em><em>\u00a0<\/em>a primeira a\u00e7\u00e3o da FPI Dengue,<em>\u00a0<\/em><em>foram encontradas<\/em><em>\u00a0<\/em><em>d<\/em>ezenas\u00a0de focos com larvas do inseto transmissor da dengue, o mosquito Aedes Aegypti, espalhados entre os p\u00e1tios que acumulavam carca\u00e7as e ve\u00edculos apreendidos, ninhos de rato e ossadas de animais. A fiscaliza\u00e7\u00e3o aconteceu nos pr\u00e9dios do Departamento Estadual de Tr\u00e2nsito de Alagoas (Detran\/AL) e da Delegacia de Roubos e Furtos de Ve\u00edculos da capital (DRFV), instalada dentro do Detran\/AL. Foram lavrados autos de infra\u00e7\u00e3o e aplicadas multas contra o Estado, que ter\u00e1 prazo para regularizar a situa\u00e7\u00e3o.<\/span><\/p>\n<p style=\"text-align: justify;\"><span style=\"font-size: 14pt;\">Numa segunda a\u00e7\u00e3o, desta vez, realizada no bairro do Jaragu\u00e1, a FPI flagrou uma empresa lavando ton\u00e9is possivelmente contaminados por subst\u00e2ncias qu\u00edmicas na Rua Bar\u00e3o do Jaragu\u00e1. A empresa poder\u00e1 ser alvo de procedimento MPE\/AL em virtude do mau uso de subst\u00e2ncia controlada, j\u00e1 que os qu\u00edmicos estavam sendo despejados em via p\u00fablica sem o menor cuidado, ainda mais porque a \u00e1gua com tais subst\u00e2ncia amea\u00e7ava o meio ambiente ao contaminar len\u00e7\u00f3is fre\u00e1ticos e o mar.<\/span><\/p>\n<p style=\"text-align: justify;\"><span style=\"font-size: 14pt;\">J\u00e1 na empresa Nacional Reciclagem, localizada no bairro do Po\u00e7o, foram encontradas dezenas de larvas do mosquito\u00a0<em>Aedes Aegypti<\/em>, tr\u00eas morteiros &#8211; armamento de alto poder de destrui\u00e7\u00e3o -, chorume exposto a c\u00e9u aberto e at\u00e9 uma liga\u00e7\u00e3o clandestina de \u00e1gua. No mesmo dia, a equipe visitou a garagem da empresa de via\u00e7\u00e3o de \u00f4nibus Piedade e se deparou com uma grande quantidade de focos do mesmo mosquito, al\u00e9m de exemplares do caramujo africano\u00a0<em>Achatina Fulica<\/em>, predador capaz de transmitir um tipo raro de meningite e de inflama\u00e7\u00e3o abdominal.<\/span><\/p>\n<p style=\"text-align: justify;\"><span style=\"font-size: 14pt;\">\u201cOs caramujos africanos s\u00e3o predadores que podem transmitir a meningite eosinof\u00edlica &#8211; causada por um verme -, que passa pelo sistema nervoso central, antes de se alojar nos pulm\u00f5es. Eles tamb\u00e9m podem provocar a angiostrangil\u00edase abdominal, uma doen\u00e7a que chega a levar o paciente a \u00f3bito por perfura\u00e7\u00e3o intestinal e peritonite\u201d, esclareceu o m\u00e9dico Celso Tavares.<\/span><\/p>\n<p style=\"text-align: justify;\"><span style=\"font-size: 14pt;\">A \u00e1rea da empresa de via\u00e7\u00e3o at\u00e9 tem licen\u00e7a ambiental para funcionar, por\u00e9m, de acordo com o Minist\u00e9rio P\u00fablico, estava cheia de n\u00e3o-conformidades, o que desrespeita a Resolu\u00e7\u00e3o n\u00ba 273\/2000, do Conselho Nacional de Prote\u00e7\u00e3o ao Meio Ambiente. \u00c0 ela, foi dado prazo para as adequa\u00e7\u00f5es necess\u00e1rias.<\/span><\/p>\n<p style=\"text-align: justify;\"><span style=\"font-size: 14pt;\"><strong>Quem integra a FPI da Dengue<\/strong><\/span><\/p>\n<p style=\"text-align: justify;\"><span style=\"font-size: 14pt;\">Al\u00e9m do Minist\u00e9rio P\u00fablico Estadual, participam do coletivo a Secretaria Municipal de Sa\u00fade, Vigil\u00e2ncia Epidemiol\u00f3gica da Secretaria de Estado da Sa\u00fade, Conselho Regional de Engenharia e Arquitetura (CREA\/AL), Secretaria Municipal de Prote\u00e7\u00e3o ao Meio Ambiente (Sempma), Sindicato da Ind\u00fastria da Constru\u00e7\u00e3o do Estado de Alagoas (Sinduscon), Superintend\u00eancia de Limpeza Urbana de Macei\u00f3 (Slum), Superintend\u00eancia Municipal de Controle do Conv\u00edvio Urbano (SCMMU) e o Batalh\u00e3o Ambiental de Pol\u00edcia Militar.<\/span><\/p>\n<p style=\"text-align: justify;\"><span style=\"font-size: 14pt;\"><strong>A dengue em Alagoas<\/strong><\/span><\/p>\n<p style=\"text-align: justify;\"><span style=\"font-size: 14pt;\">De acordo com o infectologista Celso Tavares, Alagoas j\u00e1 registrou, s\u00f3 este ano, quase 10 mil casos da doen\u00e7a. \u201c1\/3 desses pacientes est\u00e1 em Macei\u00f3 e 98% dos casos graves ocorrem em pessoas que foram contaminadas pela 2\u00aa vez. Esse \u00e9 um dado grave, j\u00e1 que, como o mosquito infesta a nossa capital, a tend\u00eancia \u00e9 que a enfermidade surja de uma forma mais forte e debilite, ainda mais, a v\u00edtima. \u00c9 importante ressaltar, por\u00e9m, que somente uma parcela m\u00ednima desses pacientes vai apresentar as formas graves da doen\u00e7a\u201d, explicou ele.<\/span><\/p>\n<p style=\"text-align: justify;\"><span style=\"font-size: 14pt;\">A dengue \u00e9 uma doen\u00e7a infecciosa febril aguda causada por um v\u00edrus e \u00e9 transmitida, no Brasil, atrav\u00e9s do mosquito\u00a0<em>Aedes Aegypti<\/em>, tamb\u00e9m infectado pelo v\u00edrus. Atualmente, ela \u00e9 considerada um dos principais problemas de sa\u00fade p\u00fablica de todo o mundo.<\/span><\/p>\n<p style=\"text-align: justify;\"><span style=\"font-size: 14pt;\">O v\u00edrus da dengue possui quatro sorotipos diferentes e todos eles podem causar infec\u00e7\u00e3o: ela vai se manifestar de diversas formas, desde aquela inaparente, quando o paciente n\u00e3o apresenta sintomas, at\u00e9 quadros de hemorragia, que podem levar o doente ao choque e ao \u00f3bito.<\/span><\/p>\n<p style=\"text-align: justify;\"><span style=\"font-size: 14pt;\">Seus principais sintomas s\u00e3o: febre com dura\u00e7\u00e3o de at\u00e9 7 dias, dor de cabe\u00e7a, dor atr\u00e1s dos olhos, dores musculares, dores nas juntas, prostra\u00e7\u00e3o e vermelhid\u00e3o no corpo.<\/span><br \/>\n<span style=\"font-size: 14pt;\">A dengue hemorr\u00e1gica, forma mais grave da doen\u00e7a, inicia-se com os sintomas semelhantes aos da dengue cl\u00e1ssica, por\u00e9m, ap\u00f3s o terceiro ou quarto dia de evolu\u00e7\u00e3o, surgem hemorragias em virtude do sangramento de pequenos vasos na pele e nos \u00f3rg\u00e3os internos. Ela pode provocar hemorragias nasais, gengivais, urin\u00e1rias, gastrointestinais ou uterinas.<\/span><\/p>\n<p style=\"text-align: justify;\"><span style=\"font-size: 14pt;\">A a\u00e7\u00e3o mais simples para preven\u00e7\u00e3o da dengue \u00e9 evitar o nascimento do mosquito, j\u00e1 que n\u00e3o existem vacinas ou medicamentos que combatam a contamina\u00e7\u00e3o. Para isso, \u00e9 preciso eliminar os lugares que eles escolhem para a reprodu\u00e7\u00e3o. A regra b\u00e1sica \u00e9 n\u00e3o deixar a \u00e1gua, principalmente limpa, parada em qualquer tipo de recipiente.<\/span><\/p>\n<p style=\"text-align: justify;\"><span style=\"font-size: 14pt;\">\u201cPor isso \u00e9 t\u00e3o importante manter recipientes, como caixas d\u2019\u00e1gua, barris, tambores tanques e cisternas, devidamente fechados, bem como n\u00e3o deixar \u00e1gua parada em locais como vidros, potes, pratos e vasos de plantas ou flores, garrafas, latas, pneus, panelas, calhas de telhados, bandejas, bacias, drenos de escoamento, canaletas, folhas de plantas ou quaisquer outros locais em que a \u00e1gua da chuva \u00e9 coletada ou armazenada. A dengue mata e temos que unir no combate \u00e0 ela\u201d, alertou Alberto Fonseca.<\/span><\/p>\n","protected":false},"excerpt":{"rendered":"<p> [&hellip;]<\/p>\n","protected":false},"author":2,"featured_media":11922,"comment_status":"open","ping_status":"open","sticky":false,"template":"","format":"standard","meta":{"om_disable_all_campaigns":false,"_monsterinsights_skip_tracking":false,"_monsterinsights_sitenote_active":false,"_monsterinsights_sitenote_note":"","_monsterinsights_sitenote_category":0,"_uf_show_specific_survey":0,"_uf_disable_surveys":false,"footnotes":""},"categories":[38],"tags":[],"class_list":["post-11921","post","type-post","status-publish","format-standard","has-post-thumbnail","hentry","category-not_fpi"],"aioseo_notices":[],"_links":{"self":[{"href":"https:\/\/www.mpal.mp.br\/index.php?rest_route=\/wp\/v2\/posts\/11921","targetHints":{"allow":["GET"]}}],"collection":[{"href":"https:\/\/www.mpal.mp.br\/index.php?rest_route=\/wp\/v2\/posts"}],"about":[{"href":"https:\/\/www.mpal.mp.br\/index.php?rest_route=\/wp\/v2\/types\/post"}],"author":[{"embeddable":true,"href":"https:\/\/www.mpal.mp.br\/index.php?rest_route=\/wp\/v2\/users\/2"}],"replies":[{"embeddable":true,"href":"https:\/\/www.mpal.mp.br\/index.php?rest_route=%2Fwp%2Fv2%2Fcomments&post=11921"}],"version-history":[{"count":1,"href":"https:\/\/www.mpal.mp.br\/index.php?rest_route=\/wp\/v2\/posts\/11921\/revisions"}],"predecessor-version":[{"id":11923,"href":"https:\/\/www.mpal.mp.br\/index.php?rest_route=\/wp\/v2\/posts\/11921\/revisions\/11923"}],"wp:featuredmedia":[{"embeddable":true,"href":"https:\/\/www.mpal.mp.br\/index.php?rest_route=\/wp\/v2\/media\/11922"}],"wp:attachment":[{"href":"https:\/\/www.mpal.mp.br\/index.php?rest_route=%2Fwp%2Fv2%2Fmedia&parent=11921"}],"wp:term":[{"taxonomy":"category","embeddable":true,"href":"https:\/\/www.mpal.mp.br\/index.php?rest_route=%2Fwp%2Fv2%2Fcategories&post=11921"},{"taxonomy":"post_tag","embeddable":true,"href":"https:\/\/www.mpal.mp.br\/index.php?rest_route=%2Fwp%2Fv2%2Ftags&post=11921"}],"curies":[{"name":"wp","href":"https:\/\/api.w.org\/{rel}","templated":true}]}}