{"id":11903,"date":"2014-11-07T12:32:34","date_gmt":"2014-11-07T14:32:34","guid":{"rendered":"https:\/\/www.mpal.mp.br\/?p=11903"},"modified":"2022-07-11T12:33:22","modified_gmt":"2022-07-11T15:33:22","slug":"fpi-do-sao-francisco-interdita-matadouro-de-girau-do-ponciano","status":"publish","type":"post","link":"https:\/\/www.mpal.mp.br\/?p=11903","title":{"rendered":"FPI do S\u00e3o Francisco interdita matadouro de Girau do Ponciano"},"content":{"rendered":"<p style=\"text-align: justify;\"><span style=\"font-size: 14pt;\">O matadouro municipal de Girau do Ponciano foi interditado, no in\u00edcio da noite desta sexta-feira (7), pelo IMA e pela Adeal por falta de licen\u00e7a ambiental, lan\u00e7amento de efluentes no meio ambiente e maus tratos animais. A equipe da FPI do S\u00e3o Francisco tamb\u00e9m retirou de comercializa\u00e7\u00e3o cerca de duas toneladas de carne. Parte dela ser\u00e1 doada para os animais do Ibama e outra ter\u00e1 como destino a incinera\u00e7\u00e3o.<\/span><\/p>\n<p style=\"text-align: justify;\"><span style=\"font-size: 14pt;\">Por funcionar sem licenciamento ambiental, a Prefeitura de Girau do Ponciano ter\u00e1 de pagar uma multa de R$ 38 mil e procurar o Instituto para regularizar a situa\u00e7\u00e3o antes de retomar o trabalho.<\/span><\/p>\n<p style=\"text-align: justify;\"><span style=\"font-size: 14pt;\">J\u00e1 o lan\u00e7amento de res\u00edduos s\u00f3lidos e afluentes no solo terminavam por chegar num a\u00e7ude pr\u00f3ximo ao matadouro. Esse descaso com a polui\u00e7\u00e3o do meio ambiente tamb\u00e9m foi alvo do IMA e do BPA.<\/span><\/p>\n<p style=\"text-align: justify;\"><span style=\"font-size: 14pt;\">Os policias lavraram uma Comunica\u00e7\u00e3o de Ocorr\u00eancia Policial pelas irregularidades identificadas.<\/span><\/p>\n<p style=\"text-align: justify;\"><span style=\"font-size: 14pt;\"><strong>Abate clandestino<\/strong><\/span><\/p>\n<p style=\"text-align: justify;\"><span style=\"font-size: 14pt;\">J\u00e1 a Adeal autuou a Prefeitura por pr\u00e1tica de abate clandestino. &#8220;Eles matavam o animal do modo mais cruel, pelo chuncho, que \u00e9 um golpe de punhal na medula espinhal. Eles sangram at\u00e9 morrer, o que configura hipovolemia. O modo correto de abat\u00ea-lo seria por pistola pneum\u00e1tica, pois o mataria sem tanta dor&#8221;, explicou Andr\u00e9 Sandes, fiscal da Adeal.<\/span><\/p>\n<p style=\"text-align: justify;\"><span style=\"font-size: 14pt;\">Porcos tamb\u00e9m eram abatidos no local, que dispunha a carne em contato direto com o ch\u00e3o sujo de sangue e v\u00edsceras dos animais.<\/span><\/p>\n<p style=\"text-align: justify;\"><span style=\"font-size: 14pt;\">Segundo o secret\u00e1rio de Agricultura de Girau, La\u00e9lson Lima dos Santos, o matadouro distribu\u00eda a carne em pontos de venda nas cidades de Traipu, Lagoa da Canoa, Campo Grande e Olho D`\u00e1gua Grande, al\u00e9m do pr\u00f3prio munic\u00edpio que ajuda a gerenciar. &#8220;No s\u00e1bado mesmo, boa parte da carne iria para a feira de Campo Grande, que \u00e9 a maior da regi\u00e3o. Temos uma das \u00faltimas casas de abate da localidade junto com a de Arapiraca&#8221;, alegou.<\/span><\/p>\n<p style=\"text-align: justify;\"><span style=\"font-size: 14pt;\">O Crea tamb\u00e9m notificou o Munic\u00edpio para que ele apresente em 10 dias um projeto de instala\u00e7\u00e3o el\u00e9trica, h\u00eddrico-sanit\u00e1ria e de combate \u00e0 inc\u00eandio e p\u00e2nico.<\/span><\/p>\n<p style=\"text-align: justify;\"><span style=\"font-size: 14pt;\">O Conselho Regional de Medicina Veterin\u00e1ria, por sua vez, lavrou um auto de infra\u00e7\u00e3o em virtude do estabelecimento n\u00e3o estar registrado no \u00f3rg\u00e3o e por aus\u00eancia de um m\u00e9dico-veterin\u00e1rio respons\u00e1vel. A multa pela infra\u00e7\u00e3o pode chegar a R$ 3 mil.<\/span><\/p>\n<p style=\"text-align: justify;\"><span style=\"font-size: 14pt;\"><strong>Animais silvestres<\/strong><\/span><\/p>\n<p style=\"text-align: justify;\"><span style=\"font-size: 14pt;\">Pr\u00f3ximo ao local tamb\u00e9m foram resgatados sete galos de campina, um pintassilgo, quatro cutias e dos tatus-peba.<\/span><br \/>\n<span style=\"font-size: 14pt;\">Tamb\u00e9m participaram da opera\u00e7\u00e3o o MPE\/AL, PRF, Vigil\u00e2ncia Sanit\u00e1ria Estadual, 3\u00b0 BPM e Ibama<\/span><\/p>\n","protected":false},"excerpt":{"rendered":"<p> [&hellip;]<\/p>\n","protected":false},"author":2,"featured_media":11904,"comment_status":"open","ping_status":"open","sticky":false,"template":"","format":"standard","meta":{"om_disable_all_campaigns":false,"_monsterinsights_skip_tracking":false,"_monsterinsights_sitenote_active":false,"_monsterinsights_sitenote_note":"","_monsterinsights_sitenote_category":0,"_uf_show_specific_survey":0,"_uf_disable_surveys":false,"footnotes":""},"categories":[38],"tags":[],"class_list":["post-11903","post","type-post","status-publish","format-standard","has-post-thumbnail","hentry","category-not_fpi"],"aioseo_notices":[],"_links":{"self":[{"href":"https:\/\/www.mpal.mp.br\/index.php?rest_route=\/wp\/v2\/posts\/11903","targetHints":{"allow":["GET"]}}],"collection":[{"href":"https:\/\/www.mpal.mp.br\/index.php?rest_route=\/wp\/v2\/posts"}],"about":[{"href":"https:\/\/www.mpal.mp.br\/index.php?rest_route=\/wp\/v2\/types\/post"}],"author":[{"embeddable":true,"href":"https:\/\/www.mpal.mp.br\/index.php?rest_route=\/wp\/v2\/users\/2"}],"replies":[{"embeddable":true,"href":"https:\/\/www.mpal.mp.br\/index.php?rest_route=%2Fwp%2Fv2%2Fcomments&post=11903"}],"version-history":[{"count":1,"href":"https:\/\/www.mpal.mp.br\/index.php?rest_route=\/wp\/v2\/posts\/11903\/revisions"}],"predecessor-version":[{"id":11905,"href":"https:\/\/www.mpal.mp.br\/index.php?rest_route=\/wp\/v2\/posts\/11903\/revisions\/11905"}],"wp:featuredmedia":[{"embeddable":true,"href":"https:\/\/www.mpal.mp.br\/index.php?rest_route=\/wp\/v2\/media\/11904"}],"wp:attachment":[{"href":"https:\/\/www.mpal.mp.br\/index.php?rest_route=%2Fwp%2Fv2%2Fmedia&parent=11903"}],"wp:term":[{"taxonomy":"category","embeddable":true,"href":"https:\/\/www.mpal.mp.br\/index.php?rest_route=%2Fwp%2Fv2%2Fcategories&post=11903"},{"taxonomy":"post_tag","embeddable":true,"href":"https:\/\/www.mpal.mp.br\/index.php?rest_route=%2Fwp%2Fv2%2Ftags&post=11903"}],"curies":[{"name":"wp","href":"https:\/\/api.w.org\/{rel}","templated":true}]}}