{"id":11900,"date":"2014-11-13T12:31:09","date_gmt":"2014-11-13T14:31:09","guid":{"rendered":"https:\/\/www.mpal.mp.br\/?p=11900"},"modified":"2022-07-11T12:31:33","modified_gmt":"2022-07-11T15:31:33","slug":"fpi-flagra-matadouros-clandestinos-em-sao-bras-animais-eram-abatidos-sem-quaisquer-condicoes-sanitarias-e-de-higiene","status":"publish","type":"post","link":"https:\/\/www.mpal.mp.br\/?p=11900","title":{"rendered":"FPI flagra matadouros clandestinos em S\u00e3o Br\u00e1s; animais eram abatidos sem quaisquer condi\u00e7\u00f5es sanit\u00e1rias e de higiene"},"content":{"rendered":"<p style=\"text-align: justify;\"><span style=\"font-size: 14pt;\">Peda\u00e7os de carne pendurados em ganchos improvisados no telhado de uma casa, v\u00edsceras expostas e cheias de moscas, sangue espalhado pelo ch\u00e3o, machado sujo que foi utilizado para matar os animais e ao lado da cabe\u00e7a de um boi, mau cheiro. Esse foi o cen\u00e1rio encontrado num matadouro clandestino situado no munic\u00edpio de S\u00e3o Br\u00e1s, na tarde desta quinta-feira (13), durante o trabalho da Fiscaliza\u00e7\u00e3o Preventiva Integrada do S\u00e3o Francisco\/Alagoas. O dono da resid\u00eancia foi autuado pela Adeal. J\u00e1 o Conselho Regional de Medicina Veterin\u00e1ria expediu auto de infra\u00e7\u00e3o contra a Prefeitura local, que tem conhecimento do crime contra a sa\u00fade p\u00fablica e n\u00e3o age.<\/span><\/p>\n<p style=\"text-align: justify;\"><span style=\"font-size: 14pt;\">A a\u00e7\u00e3o de hoje da FPI teve dois alvos clandestinos. No primeiro, Gilvan Alegre Ferreira identificou-se como dono da resid\u00eancia que funcionava como matadouro e alegou que excetuva esse tipo de trabalho h\u00e1 cinco meses. &#8220;Eu sei que estou errado, mas, essa foi a forma que encontrei para sobreviver&#8221;, disse ele.<\/span><\/p>\n<p style=\"text-align: justify;\"><span style=\"font-size: 14pt;\">A carne encontrada com o marchante estava sem a devida refrigera\u00e7\u00e3o, com peda\u00e7os espalhados por quase todos os lugares do casa. At\u00e9 a cabe\u00e7a estava depositada sobre o ch\u00e3o.<\/span><\/p>\n<p style=\"text-align: justify;\"><span style=\"font-size: 14pt;\">&#8220;A carne n\u00e3o tem proced\u00eancia e n\u00e3o sabemos em que situa\u00e7\u00e3o sanit\u00e1ria estava o animal antes do abate. Por enquanto o que posso afirmar \u00e9 que o matadouro funcionava com aus\u00eancia total de higiene e sem os devidos cuidados sanit\u00e1rios&#8221;, explicou a m\u00e9dica veterin\u00e1ria Mariana Macedo.<\/span><\/p>\n<p style=\"text-align: justify;\"><span style=\"font-size: 14pt;\"><strong>Infra\u00e7\u00f5es<\/strong><\/span><\/p>\n<p style=\"text-align: justify;\"><span style=\"font-size: 14pt;\">&#8220;A pr\u00e1tica de abate clandestino \u00e9 infra\u00e7\u00e3o sanit\u00e1ria prevista na lei n\u00ba 6.608\/2005, regulamentada pelo Decreto n\u00ba 2.991\/2005&#8221;, informou o fiscal da Adeal, Andr\u00e9 Sandes.<\/span><\/p>\n<p style=\"text-align: justify;\"><span style=\"font-size: 14pt;\">&#8220;Expedimos um auto de infra\u00e7\u00e3o pela pr\u00e1tica de abate clandestino, j\u00e1 que o dono do im\u00f3vel adaptou a estrutura da casa para torn\u00e1-la um matadouro, com o abate acontecendo sobre o solo. N\u00e3o pudemos aceitar o argumento de que n\u00e3o h\u00e1 matadouro nas proximidades porque, h\u00e1 15 quil\u00f4metros, em Propri\u00e1, existe um matadouro oficial com selo do SIF- Servi\u00e7o de Inspe\u00e7\u00e3o Federal&#8221;, acrescentou o fiscal.<\/span><\/p>\n<p style=\"text-align: justify;\"><span style=\"font-size: 14pt;\">J\u00e1 o Conselho Regional de Medicina Veterin\u00e1ria autuou a Prefeitura de S\u00e3o Br\u00e1s. &#8220;A Prefeitura deveria disponibilizar um m\u00e9dico veterin\u00e1rio para fazer a inspe\u00e7\u00e3o dessas carnes antes de ela ser vendida no mercado p\u00fablico. Al\u00e9m disso, o Munic\u00edpio recolhe imposto sobre toda a carne vendida, o que significa dizer que ela sabe do matadouro clandestino&#8221;, acrescentou Mariana Macedo.<\/span><\/p>\n<p style=\"text-align: justify;\"><span style=\"font-size: 14pt;\">&#8220;\u00c9 preciso que a popula\u00e7\u00e3o tenha conhecimento da carne que est\u00e1 sendo comercializada. A situa\u00e7\u00e3o \u00e9 grave e as m\u00e1s condi\u00e7\u00f5es do armazenamento do produto significam risco eminentes de zoonoses. S\u00e3o doen\u00e7as que podem ser transmitidas para o homem, a exemplo de tuberculose, raiva, brucelose e cistircesose. Qualquer uma delas, se n\u00e3o for descoberta logo, pode levar o consumidor ao \u00f3bito&#8221;, alertou a m\u00e9dica veterin\u00e1ria.<\/span><\/p>\n<p style=\"text-align: justify;\"><span style=\"font-size: 14pt;\"><strong>Outro matadouro<\/strong><\/span><\/p>\n<p style=\"text-align: justify;\"><span style=\"font-size: 14pt;\">No total, foram dois flagrantes de abate clandestino de animais. No segundo local, ele acontecia no quintal de uma resid\u00eancia, tamb\u00e9m sem quaisquer condi\u00e7\u00f5es sanit\u00e1rias e de higiene. O propriet\u00e1rio tamb\u00e9m foi autuado.<\/span><\/p>\n<p style=\"text-align: justify;\"><span style=\"font-size: 14pt;\">&#8220;O crime ambiental tamb\u00e9m ficou configurado porque os efluentes e os res\u00edduos s\u00f3lidos do abate estavam sendo descartados no meio ambiente, sem qualquer tipo de tratamento. E ainda houve o flagrante do crime de maus tratos, j\u00e1 que o gado era sacrificado atrav\u00e9s de um instrumento conhecido como chuncho, cujo golpe secciona a medula do animal. O bicho \u00e9 obrigado a assistir o seu pr\u00f3prio esquartejamento. Isso \u00e9 uma forma cruel de abate&#8221;, informou o promotor de Justi\u00e7a Alberto Fonseca.<\/span><\/p>\n<p style=\"text-align: justify;\"><span style=\"font-size: 14pt;\">&#8220;Essas situa\u00e7\u00f5es ser\u00e3o relatadas pelas equipes da FPI e, depois, v\u00e3o ser encaminhadas \u00e0 Promotoria de Justi\u00e7a de S\u00e3o Br\u00e1s para a instaura\u00e7\u00e3o de inqu\u00e9rito civil&#8221;, explicou a promotora Lav\u00ednia Fragoso, coordenadora da Fiscaliza\u00e7\u00e3o Preventiva Integrada.<\/span><\/p>\n<p style=\"text-align: justify;\"><span style=\"font-size: 14pt;\">Toda a carne apreendida foi recolhida e colocada no interior de um caminh\u00e3o da PRF para, posteriormente, sofrer destrui\u00e7\u00e3o.<\/span><\/p>\n<p style=\"text-align: justify;\"><span style=\"font-size: 14pt;\">Os trabalhos foram acompanhados pela promotora da cidade, Elo\u00e1 de Carvalho Melo e ainda por representantes do Crea, IMA, PRF,Vigil\u00e2ncia Sanit\u00e1ria e Batalh\u00e3o de Pol\u00edcia Ambiental.<\/span><\/p>\n","protected":false},"excerpt":{"rendered":"<p> [&hellip;]<\/p>\n","protected":false},"author":2,"featured_media":11901,"comment_status":"open","ping_status":"open","sticky":false,"template":"","format":"standard","meta":{"om_disable_all_campaigns":false,"_monsterinsights_skip_tracking":false,"_monsterinsights_sitenote_active":false,"_monsterinsights_sitenote_note":"","_monsterinsights_sitenote_category":0,"_uf_show_specific_survey":0,"_uf_disable_surveys":false,"footnotes":""},"categories":[38],"tags":[],"class_list":["post-11900","post","type-post","status-publish","format-standard","has-post-thumbnail","hentry","category-not_fpi"],"aioseo_notices":[],"_links":{"self":[{"href":"https:\/\/www.mpal.mp.br\/index.php?rest_route=\/wp\/v2\/posts\/11900","targetHints":{"allow":["GET"]}}],"collection":[{"href":"https:\/\/www.mpal.mp.br\/index.php?rest_route=\/wp\/v2\/posts"}],"about":[{"href":"https:\/\/www.mpal.mp.br\/index.php?rest_route=\/wp\/v2\/types\/post"}],"author":[{"embeddable":true,"href":"https:\/\/www.mpal.mp.br\/index.php?rest_route=\/wp\/v2\/users\/2"}],"replies":[{"embeddable":true,"href":"https:\/\/www.mpal.mp.br\/index.php?rest_route=%2Fwp%2Fv2%2Fcomments&post=11900"}],"version-history":[{"count":1,"href":"https:\/\/www.mpal.mp.br\/index.php?rest_route=\/wp\/v2\/posts\/11900\/revisions"}],"predecessor-version":[{"id":11902,"href":"https:\/\/www.mpal.mp.br\/index.php?rest_route=\/wp\/v2\/posts\/11900\/revisions\/11902"}],"wp:featuredmedia":[{"embeddable":true,"href":"https:\/\/www.mpal.mp.br\/index.php?rest_route=\/wp\/v2\/media\/11901"}],"wp:attachment":[{"href":"https:\/\/www.mpal.mp.br\/index.php?rest_route=%2Fwp%2Fv2%2Fmedia&parent=11900"}],"wp:term":[{"taxonomy":"category","embeddable":true,"href":"https:\/\/www.mpal.mp.br\/index.php?rest_route=%2Fwp%2Fv2%2Fcategories&post=11900"},{"taxonomy":"post_tag","embeddable":true,"href":"https:\/\/www.mpal.mp.br\/index.php?rest_route=%2Fwp%2Fv2%2Ftags&post=11900"}],"curies":[{"name":"wp","href":"https:\/\/api.w.org\/{rel}","templated":true}]}}