{"id":11894,"date":"2015-05-18T12:28:30","date_gmt":"2015-05-18T15:28:30","guid":{"rendered":"https:\/\/www.mpal.mp.br\/?p=11894"},"modified":"2022-07-11T12:29:18","modified_gmt":"2022-07-11T15:29:18","slug":"fpi-do-sao-francisco-laticinio-e-interditado-meia-tolenada-de-queijo-e-apreendida-e-empresario-e-autuado-por-falsificar-selo-oficial-passaros-silvestres-sao-recolhidos-de-feiras-livres","status":"publish","type":"post","link":"https:\/\/www.mpal.mp.br\/?p=11894","title":{"rendered":"FPI do S\u00e3o Francisco: latic\u00ednio \u00e9 interditado, meia tolenada de queijo \u00e9 apreendida e empres\u00e1rio \u00e9 autuado por falsificar selo oficial; p\u00e1ssaros silvestres s\u00e3o recolhidos de feiras livres"},"content":{"rendered":"<p style=\"text-align: justify;\"><span style=\"font-size: 14pt;\">Os trabalhos que deram in\u00edcio \u00e0 3\u00aa etapa da Fiscaliza\u00e7\u00e3o Preventiva Integrada do Rio S\u00e3o Francisco (FPI do S\u00e3o Francisco), no in\u00edcio da manh\u00e3 desta segunda-feira (18), resultaram em apreens\u00f5es de dezenas de p\u00e1ssaros silvestres e de produtos de origem animal, na interdi\u00e7\u00e3o de um estabelecimento comercial e na lavratura de v\u00e1rios autos de infra\u00e7\u00e3o.<\/span><\/p>\n<p style=\"text-align: justify;\"><span style=\"font-size: 14pt;\">No munic\u00edpio de Monteir\u00f3polis, no Sert\u00e3o de Alagoas, a f\u00e1brica Latic\u00ednio Sert\u00e3o foi punida com quatro autos de infra\u00e7\u00e3o. Pela Ag\u00eancia de Defesa e Inspe\u00e7\u00e3o Agropecu\u00e1ria de Alagoas (Adeal), a empresa foi punida de forma dupla. De acordo com os fiscais agropecu\u00e1rios presentes \u00e0 opera\u00e7\u00e3o, o com\u00e9rcio estava funcionando sem o devido registro no \u00f3rg\u00e3o sanit\u00e1rio competente e utilizava um selo falso de inspe\u00e7\u00e3o.<\/span><\/p>\n<p style=\"text-align: justify;\"><span style=\"font-size: 14pt;\">Ainda segundo a Adeal, a chancela verdadeira garante a inocuidade do produto, j\u00e1 que a sua exist\u00eancia assegura que a empresa, necessariamente, foi submetida a uma inspe\u00e7\u00e3o dos \u00f3rg\u00e3os sanit\u00e1rios.<\/span><\/p>\n<p style=\"text-align: justify;\"><span style=\"font-size: 14pt;\"><strong>Aus\u00eancia de m\u00e9dico veterin\u00e1rio e produtos recolhidos<\/strong><\/span><\/p>\n<p style=\"text-align: justify;\"><span style=\"font-size: 14pt;\">O Conselho Regional de Medicina Veterin\u00e1ria aplicou auto de infra\u00e7\u00e3o contra o latic\u00ednio. &#8220;O propriet\u00e1rio Carlos Alberto Bezerra de Barros foi autuado por desobedecer a lei federal n\u00b0 5.517\/68, que diz que \u00e9 grave infra\u00e7\u00e3o produzir produtos de origem animal sem o registro nos \u00f3rg\u00e3os sanit\u00e1rios. Al\u00e9m disso, a f\u00e1brica funciona sem um m\u00e9dico veterin\u00e1rio&#8221;, explicou Mariana Macedo , m\u00e9dica veterin\u00e1ria.<\/span><\/p>\n<p style=\"text-align: justify;\"><span style=\"font-size: 14pt;\">&#8220;Tamb\u00e9m \u00e9 muito importante alertar a popula\u00e7\u00e3o sobre os riscos \u00e0 sa\u00fade p\u00fablica, haja vista que queijos feitos assim, sem qualquer proced\u00eancia, podem transmitir v\u00e1rias doen\u00e7as, j\u00e1 que n\u00e3o se pode garantir a origem sadia desses animais. Dentre as enfermidades mais graves, est\u00e3o a tuberculose e a brucelose, que podem at\u00e9 matar&#8221;, destacou Mariana Macedo.<\/span><\/p>\n<p style=\"text-align: justify;\"><span style=\"font-size: 14pt;\">Todo o material que estava no interior do latic\u00ednio foi apreendido. Foram 425 quilos de queijo tipo mu\u00e7arela, 52 quilos de queijo tipo coalho e 320 quilos de massa para preparo de diferentes queijos. Tudo ser\u00e1 incinerado na Mafrips, em Macei\u00f3.<\/span><\/p>\n<p style=\"text-align: justify;\"><span style=\"font-size: 14pt;\"><strong>Inexist\u00eancia de licen\u00e7a ambiental e depoimento \u00e0 pol\u00edcia<\/strong><\/span><\/p>\n<p style=\"text-align: justify;\"><span style=\"font-size: 14pt;\">Pelo Instituto do Meio Ambiente (IMA), a empresa foi autuada por n\u00e3o possuir licen\u00e7a ambiental para o seu funcionamento, o que configura crime contra o meio ambiente.<\/span><\/p>\n<p style=\"text-align: justify;\"><span style=\"font-size: 14pt;\">J\u00e1 o Batalh\u00e3o de Pol\u00edcia Ambiental conduziu Carlos Alberto \u00e0 delegacia de Batalha. O empres\u00e1rio dever\u00e1 ser autuado em flagrante pelos crimes contra a sa\u00fade p\u00fablica, ambiental e de falsifica\u00e7\u00e3o de selo oficial. Este \u00faltimo tem previs\u00e3o legal no artigo 296 do C\u00f3digo Penal.<\/span><\/p>\n<p style=\"text-align: justify;\"><span style=\"font-size: 14pt;\"><strong>P\u00e1ssaros apreendidos<\/strong><\/span><\/p>\n<p style=\"text-align: justify;\"><span style=\"font-size: 14pt;\">Nas feiras livres de Olho D&#8217;\u00c1gua das Flores e P\u00e3o de A\u00e7\u00facar, dezenas de p\u00e1ssaros silvestres foram apreendidos. Os animais estavam em gaiolas e, alguns deles, apresentavam sinais de maus tratos.<\/span><\/p>\n<p style=\"text-align: justify;\"><span style=\"font-size: 14pt;\">Foram recolhidas esp\u00e9cies diferentes, a exemplo de Galo de Campina &#8211; que inclusive est\u00e1 em extin\u00e7\u00e3o -, Xex\u00e9u, Golinha, Sanha\u00e7o e at\u00e9 uma Arara Azul.<\/span><\/p>\n<p style=\"text-align: justify;\"><span style=\"font-size: 14pt;\">As aves ser\u00e3o encaminhadas para reservas ecol\u00f3gicas, onde ser\u00e3o devolvidas \u00e0 natureza.<\/span><\/p>\n<p style=\"text-align: justify;\"><span style=\"font-size: 14pt;\"><strong>FPI do S\u00e3o Francisco<\/strong><\/span><\/p>\n<p style=\"text-align: justify;\"><span style=\"font-size: 14pt;\">Sob a coordena\u00e7\u00e3o dos promotores do N\u00facleo de Defesa do Meio Ambiente do Minist\u00e9rio P\u00fablico do Estado de Alagoas, Lav\u00ednia Fragoso e Alberto Fonseca, a 3\u00aa etapa da FPI do Rio S\u00e3o Francisco tem como objetivos diagnosticar os danos ambientais em munic\u00edpios dependentes do \u201cVelho Chico\u201d e adotar medidas de preven\u00e7\u00e3o ao meio ambiente. A a\u00e7\u00e3o ter\u00e1 o protagonismo de 24 \u00f3rg\u00e3os estaduais e federais e seguir\u00e1 at\u00e9 o dia 29 de maio.<\/span><\/p>\n<p style=\"text-align: justify;\"><span style=\"font-size: 14pt;\">Nesta edi\u00e7\u00e3o, a novidade ser\u00e1 a equipe de Educa\u00e7\u00e3o Ambiental. O grupo visitar\u00e1 escolas da rede p\u00fablica municipal e estadual para realizar din\u00e2micas com os estudantes, a exemplo de jogos interativos e gincanas relacionadas \u00e0 prote\u00e7\u00e3o do meio ambiente. Na ocasi\u00e3o, os alunos receber\u00e3o kits dos \u201cguardi\u00f5es da natureza\u201d, que contar\u00e3o com camisetas, bottons e cartilhas educativas. A promotora tamb\u00e9m acompanhar\u00e1 o plantio de mudas nas cidades por onde a FPI do S\u00e3o Francisco passar e promover\u00e1 palestras voltadas para os gestores p\u00fablicos municipais.<\/span><\/p>\n","protected":false},"excerpt":{"rendered":"<p> [&hellip;]<\/p>\n","protected":false},"author":2,"featured_media":11895,"comment_status":"open","ping_status":"open","sticky":false,"template":"","format":"standard","meta":{"om_disable_all_campaigns":false,"_monsterinsights_skip_tracking":false,"_monsterinsights_sitenote_active":false,"_monsterinsights_sitenote_note":"","_monsterinsights_sitenote_category":0,"_uf_show_specific_survey":0,"_uf_disable_surveys":false,"footnotes":""},"categories":[38],"tags":[],"class_list":["post-11894","post","type-post","status-publish","format-standard","has-post-thumbnail","hentry","category-not_fpi"],"aioseo_notices":[],"_links":{"self":[{"href":"https:\/\/www.mpal.mp.br\/index.php?rest_route=\/wp\/v2\/posts\/11894","targetHints":{"allow":["GET"]}}],"collection":[{"href":"https:\/\/www.mpal.mp.br\/index.php?rest_route=\/wp\/v2\/posts"}],"about":[{"href":"https:\/\/www.mpal.mp.br\/index.php?rest_route=\/wp\/v2\/types\/post"}],"author":[{"embeddable":true,"href":"https:\/\/www.mpal.mp.br\/index.php?rest_route=\/wp\/v2\/users\/2"}],"replies":[{"embeddable":true,"href":"https:\/\/www.mpal.mp.br\/index.php?rest_route=%2Fwp%2Fv2%2Fcomments&post=11894"}],"version-history":[{"count":1,"href":"https:\/\/www.mpal.mp.br\/index.php?rest_route=\/wp\/v2\/posts\/11894\/revisions"}],"predecessor-version":[{"id":11896,"href":"https:\/\/www.mpal.mp.br\/index.php?rest_route=\/wp\/v2\/posts\/11894\/revisions\/11896"}],"wp:featuredmedia":[{"embeddable":true,"href":"https:\/\/www.mpal.mp.br\/index.php?rest_route=\/wp\/v2\/media\/11895"}],"wp:attachment":[{"href":"https:\/\/www.mpal.mp.br\/index.php?rest_route=%2Fwp%2Fv2%2Fmedia&parent=11894"}],"wp:term":[{"taxonomy":"category","embeddable":true,"href":"https:\/\/www.mpal.mp.br\/index.php?rest_route=%2Fwp%2Fv2%2Fcategories&post=11894"},{"taxonomy":"post_tag","embeddable":true,"href":"https:\/\/www.mpal.mp.br\/index.php?rest_route=%2Fwp%2Fv2%2Ftags&post=11894"}],"curies":[{"name":"wp","href":"https:\/\/api.w.org\/{rel}","templated":true}]}}