{"id":11887,"date":"2015-05-19T12:25:30","date_gmt":"2015-05-19T15:25:30","guid":{"rendered":"https:\/\/www.mpal.mp.br\/?p=11887"},"modified":"2022-07-11T12:26:18","modified_gmt":"2022-07-11T15:26:18","slug":"prefeitura-de-sao-jose-da-tapera-e-multada-em-r-450-mil-unidade-de-saude-sofre-auto-de-infracao-e-mais-um-laticinio-e-interditado","status":"publish","type":"post","link":"https:\/\/www.mpal.mp.br\/?p=11887","title":{"rendered":"Prefeitura de S\u00e3o Jos\u00e9 da Tapera \u00e9 multada em R$ 450 mil; unidade de sa\u00fade sofre auto de infra\u00e7\u00e3o e mais um latic\u00ednio \u00e9 interditado"},"content":{"rendered":"<p style=\"text-align: justify;\"><span style=\"font-size: 14pt;\">Uma multa de R$ 450 mil. Essa foi a puni\u00e7\u00e3o dada \u00e0 Prefeitura de S\u00e3o Jos\u00e9 da Tapera, no Sert\u00e3o de Alagoas, por manter um lix\u00e3o sem licen\u00e7a ambiental. Al\u00e9m disso, outros agravantes culminaram para o valor elevado da pena. Tamb\u00e9m nesta ter\u00e7a-feira (19), um centro de sa\u00fade foi autuado pelo descarte ilegal de lixo hospitalar e mais um latic\u00ednio foi interditado.<\/span><\/p>\n<p style=\"text-align: justify;\"><span style=\"font-size: 14pt;\">No lix\u00e3o, o Instituto do Meio Ambiente (IMA) multou a Prefeitura de S\u00e3o Jos\u00e9 Tapera pelo cometimento de tr\u00eas irregulares ambientais: falta de licen\u00e7a, descarte ilegal de res\u00edduos hospitalares e combust\u00e3o. Este \u00faltimo, caracterizado pela elimina\u00e7\u00e3o de g\u00e1s carb\u00f4nico, capaz de produzir v\u00e1rios problemas respirat\u00f3rios.<\/span><\/p>\n<p style=\"text-align: justify;\"><span style=\"font-size: 14pt;\"><strong>Lixo hospitalar<\/strong><\/span><\/p>\n<p style=\"text-align: justify;\"><span style=\"font-size: 14pt;\">Na Unidade Mista Enio Ricardo Gomes, tamb\u00e9m em S\u00e3o Jos\u00e9 da Tapera, o IMA e o Conselho Regional de Engenharia e Agronomia de Alagoas (Crea\/AL) emitiram autos de infra\u00e7\u00e3o por aus\u00eancia de plano de gerenciamento de res\u00edduos de servi\u00e7os de sa\u00fade e projeto de preven\u00e7\u00e3o contra inc\u00eandio. O promotor de Justi\u00e7a do munic\u00edpio, Lu\u00eds Ten\u00f3rio, que acompanhou a visita \u00e0 unidade junto aos promotores Lav\u00ednia Fragoso e Alberto Fonseca, receber\u00e1 do IMA o documento emitido para tomar as medidas judicais cab\u00edveis.<\/span><\/p>\n<p style=\"text-align: justify;\"><span style=\"font-size: 14pt;\">&#8220;Flagramos descarte irregular de material hospitalar contaminado e, tamb\u00e9m, o condicionamento errado de instrumentos p\u00e9rfuro-cortantes, a exemplo de centenas de agulhas. Por \u00faltimo, recolhemos medicamentos vencidos&#8221;, explicou o tenente Wenderson Viana, do Batalh\u00e3o de Pol\u00edcia Ambiental.<\/span><\/p>\n<p style=\"text-align: justify;\"><span style=\"font-size: 14pt;\"><strong>Apreens\u00e3o de carv\u00e3o<\/strong><\/span><\/p>\n<p style=\"text-align: justify;\"><span style=\"font-size: 14pt;\">A FPI do S\u00e3o Francisco tamb\u00e9m apreendeu 80 sacos de carv\u00e3o. O produto estava guardado num galp\u00e3o comercial que vendia bebidas. O propriet\u00e1rio do dep\u00f3sito alegou que a mercadoria n\u00e3o era dele, mas sim, de feirantes de Tapera.<\/span><\/p>\n<p style=\"text-align: justify;\"><span style=\"font-size: 14pt;\">O carv\u00e3o foi recolhido e ser\u00e1 levado pela Pol\u00edcia Rodovi\u00e1ria Federal para o IMA, que dar\u00e1 a destina\u00e7\u00e3o correta aos sacos. Os policiais tamb\u00e9m levar\u00e3o para Macei\u00f3 o restande dos queijos apreendidos.<\/span><\/p>\n<p style=\"text-align: justify;\"><span style=\"font-size: 14pt;\"><strong>Pit\u00fas soltos, multas e apreens\u00f5es no Rio S\u00e3o Francisco<\/strong><\/span><\/p>\n<p style=\"text-align: justify;\"><span style=\"font-size: 14pt;\">A Equipe Aqu\u00e1tica percorreu 30km do Rio S\u00e3o Francisco entre os munic\u00edpios de P\u00e3o de A\u00e7\u00facar e Piranhas. Durante a fiscaliza\u00e7\u00e3o, os \u00f3rg\u00e3os integrantes apreenderam 2.300m de rede de emalhe de espera com malha de 80mm, inferior ao permitido (100mm), um barco com motor de rabeta e 220 covos com espa\u00e7amento entre talas inferior ao permitido, alguns deles n\u00e3o tinham espa\u00e7amento nenhum.<\/span><\/p>\n<p style=\"text-align: justify;\"><span style=\"font-size: 14pt;\">Na ocasi\u00e3o, tamb\u00e9m foram soltos aproximadamente 350 esp\u00e9cimes de pit\u00fa (Macrobrachium Carcinus). A equipe autuou um infrator que pescava com malha proibida. Ele recebeu uma multa de R$ 1.500 por conta da irregularidade. O grupo da Ag\u00eancia Fluvial de Penedo inspecionou duas embarca\u00e7\u00f5es, que resultou em notifica\u00e7\u00f5es devido \u00e0 falta de habilita\u00e7\u00e3o do condutor e de equipamentos obrigat\u00f3rios para a navega\u00e7\u00e3o.<\/span><\/p>\n<p style=\"text-align: justify;\"><span style=\"font-size: 14pt;\"><strong>FPI do S\u00e3o Francisco<\/strong><\/span><\/p>\n<p style=\"text-align: justify;\"><span style=\"font-size: 14pt;\">Sob a coordena\u00e7\u00e3o dos promotores do N\u00facleo de Defesa do Meio Ambiente do Minist\u00e9rio P\u00fablico do Estado de Alagoas (MPE\/AL), Lav\u00ednia Fragoso e Alberto Fonseca, a 3\u00aa etapa da FPI do Rio S\u00e3o Francisco tem como objetivos diagnosticar os danos ambientais em munic\u00edpios dependentes do \u201cVelho Chico\u201d e adotar medidas de preven\u00e7\u00e3o ao meio ambiente. A a\u00e7\u00e3o ter\u00e1 o protagonismo de 24 \u00f3rg\u00e3os estaduais e federais e seguir\u00e1 at\u00e9 o dia 29 de maio.<\/span><\/p>\n<p style=\"text-align: justify;\"><span style=\"font-size: 14pt;\">Al\u00e9m do MPE\/AL, integram a FPI do S\u00e3o Francisco o Minist\u00e9rio P\u00fablico Federal, Minist\u00e9rio P\u00fablico do Trabalho, Secretaria de Estado de Meio Ambiente e Recursos H\u00eddricos, Secretaria da Fazenda do Estado de Alagoas, Secretaria de Estado da Sa\u00fade de Alagoas, Secretaria de Estado da Agricultura e Desenvolvimento Agr\u00e1rio, Secretaria de Estado da Pesca e da Aquicultura, Pol\u00edcia Militar de Alagoas e Conselho Regional de Engenharia e Agronomia de Alagoas.<\/span><\/p>\n<p style=\"text-align: justify;\"><span style=\"font-size: 14pt;\">Tamb\u00e9m fazem parte o Instituto Brasileiro de Meio Ambiente e dos Recursos Naturais Renov\u00e1veis, Departamento Nacional de Produ\u00e7\u00e3o Mineral, Pol\u00edcia Rodovi\u00e1ria Federal, Superintend\u00eancia do Patrim\u00f4nio da Uni\u00e3o, Instituto do Meio Ambiente, Comit\u00ea da Bacia Hidrogr\u00e1fica do Rio S\u00e3o Francisco, Marinha do Brasil, Funda\u00e7\u00e3o Nacional da Sa\u00fade, Funda\u00e7\u00e3o Nacional do \u00cdndio, Instituto do Patrim\u00f4nio Hist\u00f3rico e Art\u00edstico Nacional, Ag\u00eancia de Defesa e Inspe\u00e7\u00e3o Agropecu\u00e1ria de Alagoas e Conselho Regional de Medicina Veterin\u00e1ria do Estado de Alagoas.<\/span><\/p>\n","protected":false},"excerpt":{"rendered":"<p> [&hellip;]<\/p>\n","protected":false},"author":2,"featured_media":11888,"comment_status":"open","ping_status":"open","sticky":false,"template":"","format":"standard","meta":{"om_disable_all_campaigns":false,"_monsterinsights_skip_tracking":false,"_monsterinsights_sitenote_active":false,"_monsterinsights_sitenote_note":"","_monsterinsights_sitenote_category":0,"_uf_show_specific_survey":0,"_uf_disable_surveys":false,"footnotes":""},"categories":[38],"tags":[],"class_list":["post-11887","post","type-post","status-publish","format-standard","has-post-thumbnail","hentry","category-not_fpi"],"aioseo_notices":[],"_links":{"self":[{"href":"https:\/\/www.mpal.mp.br\/index.php?rest_route=\/wp\/v2\/posts\/11887","targetHints":{"allow":["GET"]}}],"collection":[{"href":"https:\/\/www.mpal.mp.br\/index.php?rest_route=\/wp\/v2\/posts"}],"about":[{"href":"https:\/\/www.mpal.mp.br\/index.php?rest_route=\/wp\/v2\/types\/post"}],"author":[{"embeddable":true,"href":"https:\/\/www.mpal.mp.br\/index.php?rest_route=\/wp\/v2\/users\/2"}],"replies":[{"embeddable":true,"href":"https:\/\/www.mpal.mp.br\/index.php?rest_route=%2Fwp%2Fv2%2Fcomments&post=11887"}],"version-history":[{"count":1,"href":"https:\/\/www.mpal.mp.br\/index.php?rest_route=\/wp\/v2\/posts\/11887\/revisions"}],"predecessor-version":[{"id":11889,"href":"https:\/\/www.mpal.mp.br\/index.php?rest_route=\/wp\/v2\/posts\/11887\/revisions\/11889"}],"wp:featuredmedia":[{"embeddable":true,"href":"https:\/\/www.mpal.mp.br\/index.php?rest_route=\/wp\/v2\/media\/11888"}],"wp:attachment":[{"href":"https:\/\/www.mpal.mp.br\/index.php?rest_route=%2Fwp%2Fv2%2Fmedia&parent=11887"}],"wp:term":[{"taxonomy":"category","embeddable":true,"href":"https:\/\/www.mpal.mp.br\/index.php?rest_route=%2Fwp%2Fv2%2Fcategories&post=11887"},{"taxonomy":"post_tag","embeddable":true,"href":"https:\/\/www.mpal.mp.br\/index.php?rest_route=%2Fwp%2Fv2%2Ftags&post=11887"}],"curies":[{"name":"wp","href":"https:\/\/api.w.org\/{rel}","templated":true}]}}