{"id":11884,"date":"2015-05-22T12:23:27","date_gmt":"2015-05-22T15:23:27","guid":{"rendered":"https:\/\/www.mpal.mp.br\/?p=11884"},"modified":"2022-07-11T12:24:12","modified_gmt":"2022-07-11T15:24:12","slug":"durante-fpi-loteamento-de-vereador-e-embargado-no-municipio-de-batalha-carlos-silva-foi-multado-em-quase-r-36-mil","status":"publish","type":"post","link":"https:\/\/www.mpal.mp.br\/?p=11884","title":{"rendered":"Durante FPI, loteamento de vereador \u00e9 embargado no munic\u00edpio de Batalha; Carlos Silva foi multado em quase R$ 36 mil"},"content":{"rendered":"<p style=\"text-align: justify;\"><span style=\"font-size: 14pt;\">A FPI do S\u00e3o Francisco, na manh\u00e3 desta sexta-feira (22), embargou e multou o loteamento S\u00e3o Luiz, localizado no munic\u00edpio de Batalha, cidade que integra a Bacia Hidrogr\u00e1fica do Rio S\u00e3o Francisco. O empreendimento pertence a um vereador, que ter\u00e1 prazo de 15 dias para regularizar a situa\u00e7\u00e3o do parcelamento do solo urbano.<\/span><\/p>\n<p style=\"text-align: justify;\"><span style=\"font-size: 14pt;\">\u00c9 o vereador Tony Carlos Silva de Medeiros o dono do loteamento S\u00e3o Luiz. De acordo com o CREA e o BPA, o parlamentar come\u00e7ou a construir casas e a vender terrenos sem as licen\u00e7as e projetos exigidos por lei. &#8220;O Batalh\u00e3o de Pol\u00edcia Ambiental lavrou uma Comunica\u00e7\u00e3o de Ocorr\u00eancia Policial (COP) por falta de licen\u00e7a ambiental e vai enviar esse documento ao Minist\u00e9rio P\u00fablico&#8221;, informou o cabo Wilams Jos\u00e9 da Silva.<\/span><\/p>\n<p style=\"text-align: justify;\"><span style=\"font-size: 14pt;\">J\u00e1 o IMA embargou a obra. &#8220;O propriet\u00e1rio do terreno est\u00e1 impedido de continuar as constru\u00e7\u00f5es para n\u00e3o afetar ainda mais as \u00e1reas de vegeta\u00e7\u00e3o do entorno do empreendimento. Tamb\u00e9m aplicamos uma multa no valor de R$ 35.690 por conta da aus\u00eancia do licenciamento ambiental e em fun\u00e7\u00e3o da degrada\u00e7\u00e3o do meio ambiente&#8221;, explicou o gerente de fiscaliza\u00e7\u00e3o do Instituto, Woney Pereira Lima.<\/span><\/p>\n<p style=\"text-align: justify;\"><span style=\"font-size: 14pt;\">O IMA notificou ainda o vereador para a imediata desobstru\u00e7\u00e3o do Riacho da Vaca, parcialmente atingido pelo descarte do esgoto das casas j\u00e1 constru\u00eddas.<\/span><\/p>\n<p style=\"text-align: justify;\"><span style=\"font-size: 14pt;\"><strong>Penalidade pelo CREA<\/strong><\/span><\/p>\n<p style=\"text-align: justify;\"><span style=\"font-size: 14pt;\">E o CREA lavrou um auto de infra\u00e7\u00e3o pela falta do levantamento topogr\u00e1fico, de terraplenagem, de drenagem, de esgotamento sanit\u00e1rio e de instala\u00e7\u00f5es el\u00e9tricas. Uma muita tamb\u00e9m ser\u00e1 gerada em fun\u00e7\u00e3o das irregulares encontradas. &#8220;O empreendimento tinha apenas o projeto urban\u00edstico registrado por uma arquiteta, n\u00e3o tendo obedecido as demais exig\u00eancias da lei de parcelamento de solo, uma norma federal&#8221;, esclareceu o fiscal do Conselho Regional de Engenharia e Agronomia, C\u00edcero Borges.<\/span><\/p>\n","protected":false},"excerpt":{"rendered":"<p> [&hellip;]<\/p>\n","protected":false},"author":2,"featured_media":11885,"comment_status":"open","ping_status":"open","sticky":false,"template":"","format":"standard","meta":{"om_disable_all_campaigns":false,"_monsterinsights_skip_tracking":false,"_monsterinsights_sitenote_active":false,"_monsterinsights_sitenote_note":"","_monsterinsights_sitenote_category":0,"_uf_show_specific_survey":0,"_uf_disable_surveys":false,"footnotes":""},"categories":[38],"tags":[],"class_list":["post-11884","post","type-post","status-publish","format-standard","has-post-thumbnail","hentry","category-not_fpi"],"aioseo_notices":[],"_links":{"self":[{"href":"https:\/\/www.mpal.mp.br\/index.php?rest_route=\/wp\/v2\/posts\/11884","targetHints":{"allow":["GET"]}}],"collection":[{"href":"https:\/\/www.mpal.mp.br\/index.php?rest_route=\/wp\/v2\/posts"}],"about":[{"href":"https:\/\/www.mpal.mp.br\/index.php?rest_route=\/wp\/v2\/types\/post"}],"author":[{"embeddable":true,"href":"https:\/\/www.mpal.mp.br\/index.php?rest_route=\/wp\/v2\/users\/2"}],"replies":[{"embeddable":true,"href":"https:\/\/www.mpal.mp.br\/index.php?rest_route=%2Fwp%2Fv2%2Fcomments&post=11884"}],"version-history":[{"count":1,"href":"https:\/\/www.mpal.mp.br\/index.php?rest_route=\/wp\/v2\/posts\/11884\/revisions"}],"predecessor-version":[{"id":11886,"href":"https:\/\/www.mpal.mp.br\/index.php?rest_route=\/wp\/v2\/posts\/11884\/revisions\/11886"}],"wp:featuredmedia":[{"embeddable":true,"href":"https:\/\/www.mpal.mp.br\/index.php?rest_route=\/wp\/v2\/media\/11885"}],"wp:attachment":[{"href":"https:\/\/www.mpal.mp.br\/index.php?rest_route=%2Fwp%2Fv2%2Fmedia&parent=11884"}],"wp:term":[{"taxonomy":"category","embeddable":true,"href":"https:\/\/www.mpal.mp.br\/index.php?rest_route=%2Fwp%2Fv2%2Fcategories&post=11884"},{"taxonomy":"post_tag","embeddable":true,"href":"https:\/\/www.mpal.mp.br\/index.php?rest_route=%2Fwp%2Fv2%2Ftags&post=11884"}],"curies":[{"name":"wp","href":"https:\/\/api.w.org\/{rel}","templated":true}]}}