{"id":11860,"date":"2015-05-25T12:10:09","date_gmt":"2015-05-25T15:10:09","guid":{"rendered":"https:\/\/www.mpal.mp.br\/?p=11860"},"modified":"2022-07-11T12:10:22","modified_gmt":"2022-07-11T15:10:22","slug":"fpi-do-sao-francisco-define-medidas-de-preservacao-de-sitios-arqueologicos-em-pao-de-acucar-casarao-historico-corre-risco-de-desabamento","status":"publish","type":"post","link":"https:\/\/www.mpal.mp.br\/?p=11860","title":{"rendered":"FPI do S\u00e3o Francisco define medidas de preserva\u00e7\u00e3o de s\u00edtios arqueol\u00f3gicos em P\u00e3o de A\u00e7\u00facar; casar\u00e3o hist\u00f3rico corre risco de desabamento"},"content":{"rendered":"<p style=\"text-align: justify;\"><span style=\"font-size: 14pt;\">Mesmo com toda a repercuss\u00e3o da atua\u00e7\u00e3o da Fiscaliza\u00e7\u00e3o Preventiva Integrada do Rio S\u00e3o Francisco em defesa dos s\u00edtios arqueol\u00f3gicos de P\u00e3o de A\u00e7\u00facar, o patrim\u00f4nio hist\u00f3rico foi v\u00edtima de novos atos de degrada\u00e7\u00f5es nesta segunda-feira (25).<\/span><\/p>\n<p style=\"text-align: justify;\"><span style=\"font-size: 14pt;\">Durante nova visita ao s\u00edtio, integrantes da FPI ouviram o som met\u00e1lico da extra\u00e7\u00e3o. Ao chegar no local de onde vinha o barulho, foram encontrados ponteiros, p\u00f3lvora e restos de uma marreta que os infratores usaram para extrair pedra. No local, havia resqu\u00edcios de extra\u00e7\u00e3o recente.<\/span><\/p>\n<p style=\"text-align: justify;\"><span style=\"font-size: 14pt;\">A promotora de Justi\u00e7a Lav\u00ednia Fragoso e a procuradora da Rep\u00fablica Aldirla Albuquerque, junto com integrantes do Ibama, BPA e Iphan, reuniram-se no in\u00edcio da tarde, com representantes da Prefeitura Municipal para definir medidas imediatas de preserva\u00e7\u00e3o do patrim\u00f4nio hist\u00f3rico.<\/span><\/p>\n<p style=\"text-align: justify;\"><span style=\"font-size: 14pt;\">No encontro, os membros do Minist\u00e9rio P\u00fablico exigiram que o Munic\u00edpio cercasse o local, com o acompanhamento de t\u00e9cnicos do Iphan, para impedir o acesso de infratores, tal como para a realiza\u00e7\u00e3o de uma per\u00edcia mais aprofundada sobre o dano provocado ao bem da Uni\u00e3o.<\/span><\/p>\n<p style=\"text-align: justify;\"><span style=\"font-size: 14pt;\">Ap\u00f3s o cercamento, caber\u00e1 ao Munic\u00edpio fiscalizar o local permanentemente e dar in\u00edcio a um trabalho de educa\u00e7\u00e3o ambiental \u00e0 popula\u00e7\u00e3o. &#8220;\u00c9 necess\u00e1rio que algu\u00e9m zele pelo patrim\u00f4nio, e \u00e9 o Munic\u00edpio quem deve faz\u00ea-lo. Infelizmente, o preju\u00edzo j\u00e1 se encontra num est\u00e1gio irrevers\u00edvel. Vamos agora cuidar para resolver o problema&#8221;, disse a procuradora.<\/span><\/p>\n<p style=\"text-align: justify;\"><span style=\"font-size: 14pt;\">E se continuar nesse ritmo de degrada\u00e7\u00e3o o preju\u00edzo hist\u00f3rico s\u00f3 vai aumentar. \u00c9 o que avalia o arque\u00f3logo P\u00e9trius da Silva. &#8220;De segunda-feira para c\u00e1, foi expressivo a quantidade de granito subtra\u00edda do local. Se n\u00e3o houver uma mudan\u00e7a s\u00e9ria no combate \u00e0 pr\u00e1tica, daqui a tr\u00eas anos n\u00e3o teremos mais este s\u00edtio arqueol\u00f3gico&#8221;, alertou.<\/span><\/p>\n<p style=\"text-align: justify;\"><span style=\"font-size: 14pt;\">&#8220;Vamos repassar ao Minist\u00e9rio P\u00fablico Federal todas as informa\u00e7\u00f5es relacionadas \u00e0 constata\u00e7\u00e3o de dano ambiental, partindo do conceito de que meio ambiente n\u00e3o \u00e9 apenas natural, mas tamb\u00e9m patrim\u00f4nios hist\u00f3rico, paisag\u00edstico, art\u00edstico e cultural&#8221;, disse a promotora de Justi\u00e7a Lav\u00ednia Fragoso.<\/span><\/p>\n<p style=\"text-align: justify;\"><span style=\"font-size: 14pt;\">A procuradora da Rep\u00fablica afirmou que os dados ser\u00e3o acrescentados a um inqu\u00e9rito civil p\u00fablico j\u00e1 em andamento sobre a situa\u00e7\u00e3o dos s\u00edtios arqueol\u00f3gicos. &#8220;Tomaremos as provid\u00eancias necess\u00e1rias nos \u00e2mbitos civil e criminal para responsabilizar os que provocaram o dano ambiental&#8221;, respondeu.<\/span><\/p>\n<p style=\"text-align: justify;\"><span style=\"font-size: 14pt;\"><strong>Ocupa\u00e7\u00e3o irregular de orla fluvial<\/strong><\/span><\/p>\n<p style=\"text-align: justify;\"><span style=\"font-size: 14pt;\">A FPI do S\u00e3o Francisco tamb\u00e9m se deparou com dois empreendimentos e alguns im\u00f3veis particulares ocupando de modo irregular a orla do Velho Chico, no Centro de P\u00e3o de A\u00e7\u00facar. Em uma delas, o IMA embargou um aterro fora do contexto ambiental, o que acarretou numa multa de R$ 35 mil para o propriet\u00e1rio. O valor pode aumentar porque h\u00e1 dois agravantes: capta\u00e7\u00e3o de \u00e1gua sem autoriza\u00e7\u00e3o e lan\u00e7amento de res\u00edduos l\u00edquidos nas margens do rio.<\/span><\/p>\n<p style=\"text-align: justify;\"><span style=\"font-size: 14pt;\">O assunto tamb\u00e9m foi pauta da reuni\u00e3o com os gestores municipais, que se comprometeram a notificar os ocupantes da orla e providenciar a retirada deles de l\u00e1.<\/span><\/p>\n<p style=\"text-align: justify;\"><span style=\"font-size: 14pt;\">Pr\u00f3ximo \u00e0 esta\u00e7\u00e3o da balsa, ainda no centro da cidade, o Munic\u00edpio n\u00e3o fez valer o pr\u00f3prio Plano Diretor de Desenvolvimento Sustent\u00e1vel, muito menos o C\u00f3digo Florestal. A mata ciliar estava destru\u00edda, sem nenhum sinal de recupera\u00e7\u00e3o. Para completar, representantes da Prefeitura n\u00e3o souberam explicar quem estava extraindo areia do leito do Rio S\u00e3o Francisco.<\/span><\/p>\n<p style=\"text-align: justify;\"><span style=\"font-size: 14pt;\"><strong>Casar\u00e3o abandonado<\/strong><\/span><\/p>\n<p style=\"text-align: justify;\"><span style=\"font-size: 14pt;\">Ao sair da Prefeitura Municipal, a equipe da FPI foi abordada por populares que denunciaram o abandono do casar\u00e3o onde Dom Pedro II se hospedou quando veio a P\u00e3o de A\u00e7\u00facar. Doado ao Munic\u00edpio, o im\u00f3vel est\u00e1 deteriorado, cheio de insetos e animais nocivos e sob risco de desabamento.<\/span><\/p>\n<p style=\"text-align: justify;\"><span style=\"font-size: 14pt;\">As vizinhas do pr\u00e9dio, Elza Pinheiro e Lucilene Feitosa, mostraram as infiltra\u00e7\u00f5es nas paredes que separam suas resid\u00eancias do casar\u00e3o. &#8220;Durmo com medo de que a estrutura caia em cima de onde vivo h\u00e1 anos&#8221;, relata Elza, que arrumou um modo de fechar o acesso ao interior do im\u00f3vel, tamanho o abandono do poder p\u00fablico.<\/span><\/p>\n<p style=\"text-align: justify;\"><span style=\"font-size: 14pt;\">Questionada sobre o problema, a Prefeitura afirmou que j\u00e1 possui um projeto de recupera\u00e7\u00e3o do casar\u00e3o, mas que, por falta de dinheiro, ele nunca saiu do papel.<\/span><\/p>\n<p style=\"text-align: justify;\"><span style=\"font-size: 14pt;\"><strong>Mais p\u00e1ssaros livres<\/strong><\/span><\/p>\n<p style=\"text-align: justify;\"><span style=\"font-size: 14pt;\">Em Arapiraca, o promotor de Justi\u00e7a Alberto Fonseca participou de mais uma entrega volunt\u00e1ria de animais silvestres. Dessa vez, foram mais de 500 p\u00e1ssaros apreendidos, alguns deles depois de seis flagrantes. A equipe da FPI do S\u00e3o Francisco destruiu as gaiolas onde eles estavam presos.<\/span><\/p>\n","protected":false},"excerpt":{"rendered":"<p> [&hellip;]<\/p>\n","protected":false},"author":2,"featured_media":11861,"comment_status":"open","ping_status":"open","sticky":false,"template":"","format":"standard","meta":{"om_disable_all_campaigns":false,"_monsterinsights_skip_tracking":false,"_monsterinsights_sitenote_active":false,"_monsterinsights_sitenote_note":"","_monsterinsights_sitenote_category":0,"_uf_show_specific_survey":0,"_uf_disable_surveys":false,"footnotes":""},"categories":[38],"tags":[],"class_list":["post-11860","post","type-post","status-publish","format-standard","has-post-thumbnail","hentry","category-not_fpi"],"aioseo_notices":[],"_links":{"self":[{"href":"https:\/\/www.mpal.mp.br\/index.php?rest_route=\/wp\/v2\/posts\/11860","targetHints":{"allow":["GET"]}}],"collection":[{"href":"https:\/\/www.mpal.mp.br\/index.php?rest_route=\/wp\/v2\/posts"}],"about":[{"href":"https:\/\/www.mpal.mp.br\/index.php?rest_route=\/wp\/v2\/types\/post"}],"author":[{"embeddable":true,"href":"https:\/\/www.mpal.mp.br\/index.php?rest_route=\/wp\/v2\/users\/2"}],"replies":[{"embeddable":true,"href":"https:\/\/www.mpal.mp.br\/index.php?rest_route=%2Fwp%2Fv2%2Fcomments&post=11860"}],"version-history":[{"count":1,"href":"https:\/\/www.mpal.mp.br\/index.php?rest_route=\/wp\/v2\/posts\/11860\/revisions"}],"predecessor-version":[{"id":11862,"href":"https:\/\/www.mpal.mp.br\/index.php?rest_route=\/wp\/v2\/posts\/11860\/revisions\/11862"}],"wp:featuredmedia":[{"embeddable":true,"href":"https:\/\/www.mpal.mp.br\/index.php?rest_route=\/wp\/v2\/media\/11861"}],"wp:attachment":[{"href":"https:\/\/www.mpal.mp.br\/index.php?rest_route=%2Fwp%2Fv2%2Fmedia&parent=11860"}],"wp:term":[{"taxonomy":"category","embeddable":true,"href":"https:\/\/www.mpal.mp.br\/index.php?rest_route=%2Fwp%2Fv2%2Fcategories&post=11860"},{"taxonomy":"post_tag","embeddable":true,"href":"https:\/\/www.mpal.mp.br\/index.php?rest_route=%2Fwp%2Fv2%2Ftags&post=11860"}],"curies":[{"name":"wp","href":"https:\/\/api.w.org\/{rel}","templated":true}]}}