{"id":11851,"date":"2015-05-27T12:05:47","date_gmt":"2015-05-27T15:05:47","guid":{"rendered":"https:\/\/www.mpal.mp.br\/?p=11851"},"modified":"2022-07-11T12:06:28","modified_gmt":"2022-07-11T15:06:28","slug":"fpi-do-sao-francisco-dono-de-laticinio-e-preso-por-crime-ambiental-multa-por-irregularidades-chega-a-r-55-mil","status":"publish","type":"post","link":"https:\/\/www.mpal.mp.br\/?p=11851","title":{"rendered":"FPI do S\u00e3o Francisco: Dono de latic\u00ednio \u00e9 preso por crime ambiental; Multa por irregularidades chega a R$ 55 mil"},"content":{"rendered":"<p style=\"text-align: justify;\"><span style=\"font-size: 14pt;\">A FPI do S\u00e3o Francisco identificou, nesta quarta-feira (27), a ocorr\u00eancia de crime ambiental e diversas outras irregularidades num grande latic\u00ednio localizado no munic\u00edpio de Batalha. O propriet\u00e1rio do estabelecimento foi preso em flagrante de delito e encaminhado \u00e0 Delegacia Regional do Munic\u00edpio pelo Batalh\u00e3o de Pol\u00edcia Ambiental e pela Pol\u00edcia Rodovi\u00e1ria Federal, ap\u00f3s a constata\u00e7\u00e3o de lan\u00e7amento de efluentes sem tratamento no terreno da f\u00e1brica. A pena pelo crime pode chegar a cinco anos.<\/span><\/p>\n<p style=\"text-align: justify;\"><span style=\"font-size: 14pt;\">No total, as institui\u00e7\u00f5es que integram o programa tamb\u00e9m multaram a empresa em mais de R$ 55 mil, al\u00e9m de lavrarem notifica\u00e7\u00f5es e autos de infra\u00e7\u00e3o com pedido de provid\u00eancias e adequa\u00e7\u00f5es \u00e0 legisla\u00e7\u00e3o.<\/span><\/p>\n<p style=\"text-align: justify;\"><span style=\"font-size: 14pt;\">&#8220;O trabalho da FPI do S\u00e3o Francisco implica em desdobramentos nas esferas c\u00edvel, criminal e administrativa. O mais importante \u00e9 que a efetividade dos resultados demonstre a necessidade da regulariza\u00e7\u00e3o da atividade desenvolvida perante os \u00f3rg\u00e3os competentes, sob pena de responsabiliza\u00e7\u00e3o nas tr\u00eas \u00e1reas&#8221;, destacou a promotora de Justi\u00e7a Lav\u00ednia Fragoso.<\/span><\/p>\n<p style=\"text-align: justify;\"><span style=\"font-size: 14pt;\">Por se tratar de um latic\u00ednio com registro do Servi\u00e7o de Inspe\u00e7\u00e3o Ambiental Federal (SIF), o Minist\u00e9rio da Agricultura, Pecu\u00e1ria e Abastecimento (Mapa) participou da fiscaliza\u00e7\u00e3o. Os fiscais federais lavraram um auto de infra\u00e7\u00e3o devido ao sumi\u00e7o de produtos apreendidos, sob cust\u00f3dia, em inspe\u00e7\u00e3o anterior.<\/span><\/p>\n<p style=\"text-align: justify;\"><span style=\"font-size: 14pt;\">J\u00e1 o Instituto do Meio Ambiente (IMA) multou o estabelecimento em R$ 50.791 por operar sem licen\u00e7a ambiental e lan\u00e7ar efluentes (esgoto) sem tratamento no leito do rio federal Ipanema, que se encontra seco. O latic\u00ednio despejava o soro do leite numa pocilga, que aumentava o caldo de polui\u00e7\u00e3o com dejetos dos animais. A pr\u00f3pria cria\u00e7\u00e3o de porcos foi objeto do auto de infra\u00e7\u00e3o porque ocorria sem autoriza\u00e7\u00e3o do IMA.<\/span><\/p>\n<p style=\"text-align: justify;\"><span style=\"font-size: 14pt;\">O \u00f3rg\u00e3o tamb\u00e9m pediu uma comprova\u00e7\u00e3o de 20m\u00b3 de lenha encontrados no terreno da f\u00e1brica. &#8220;Se a proced\u00eancia n\u00e3o tiver justificativa, poder\u00e1 haver nova multa&#8221;, disse um representante do IMA, que ressaltou a possibilidade do latic\u00ednio ser interditado em virtude do conjunto de irregularidades.<\/span><\/p>\n<p style=\"text-align: justify;\"><span style=\"font-size: 14pt;\"><strong>Aus\u00eancia de registros e exerc\u00edcio ilegal da profiss\u00e3o<\/strong><\/span><\/p>\n<p style=\"text-align: justify;\"><span style=\"font-size: 14pt;\">O Conselho Regional de Medicina Veterin\u00e1ria em Alagoas, por sua vez, lavrou um auto de infra\u00e7\u00e3o em desfavor do latic\u00ednio pela falta de registro no \u00f3rg\u00e3o colegiado e de contrato de Responsabilidade T\u00e9cnica. Se a situa\u00e7\u00e3o n\u00e3o for regularizada em 30 dias, a empresa pagar\u00e1 uma multa de R$ 3 mil, podendo chegar a R$ 24 mil em caso de reincid\u00eancia.<\/span><\/p>\n<p style=\"text-align: justify;\"><span style=\"font-size: 14pt;\">O prazo foi o mesmo que o Instituto Brasileiro do Meio Ambiente (Ibama) determinou para que a empresa realize o cadastro t\u00e9cnico federal junto ao \u00f3rg\u00e3o. Sem o procedimento, o latic\u00ednio pode ter de pagar multa, ser alvo de embargo e ver suas atividades suspensas.<\/span><\/p>\n<p style=\"text-align: justify;\"><span style=\"font-size: 14pt;\">Coube ao Conselho Regional de Engenharia e Agronomia em Alagoas lavrar auto de infra\u00e7\u00e3o com multa de R$ 5 mil em desfavor da empresa pelo exerc\u00edcio ilegal da profiss\u00e3o de engenheiro mec\u00e2nico e el\u00e9trico na manuten\u00e7\u00e3o dos equipamentos.<\/span><\/p>\n<p style=\"text-align: justify;\"><span style=\"font-size: 14pt;\">Al\u00e9m das institui\u00e7\u00f5es citadas, tamb\u00e9m estiveram presentes a Ag\u00eancia de Defesa e Inspe\u00e7\u00e3o Agropecu\u00e1ria de Alagoas, a Secretaria de Estado da Sa\u00fade e o Minist\u00e9rio P\u00fablico do Estado de Alagoas.<\/span><\/p>\n","protected":false},"excerpt":{"rendered":"<p> [&hellip;]<\/p>\n","protected":false},"author":2,"featured_media":11852,"comment_status":"open","ping_status":"open","sticky":false,"template":"","format":"standard","meta":{"om_disable_all_campaigns":false,"_monsterinsights_skip_tracking":false,"_monsterinsights_sitenote_active":false,"_monsterinsights_sitenote_note":"","_monsterinsights_sitenote_category":0,"_uf_show_specific_survey":0,"_uf_disable_surveys":false,"footnotes":""},"categories":[38],"tags":[],"class_list":["post-11851","post","type-post","status-publish","format-standard","has-post-thumbnail","hentry","category-not_fpi"],"aioseo_notices":[],"_links":{"self":[{"href":"https:\/\/www.mpal.mp.br\/index.php?rest_route=\/wp\/v2\/posts\/11851","targetHints":{"allow":["GET"]}}],"collection":[{"href":"https:\/\/www.mpal.mp.br\/index.php?rest_route=\/wp\/v2\/posts"}],"about":[{"href":"https:\/\/www.mpal.mp.br\/index.php?rest_route=\/wp\/v2\/types\/post"}],"author":[{"embeddable":true,"href":"https:\/\/www.mpal.mp.br\/index.php?rest_route=\/wp\/v2\/users\/2"}],"replies":[{"embeddable":true,"href":"https:\/\/www.mpal.mp.br\/index.php?rest_route=%2Fwp%2Fv2%2Fcomments&post=11851"}],"version-history":[{"count":1,"href":"https:\/\/www.mpal.mp.br\/index.php?rest_route=\/wp\/v2\/posts\/11851\/revisions"}],"predecessor-version":[{"id":11853,"href":"https:\/\/www.mpal.mp.br\/index.php?rest_route=\/wp\/v2\/posts\/11851\/revisions\/11853"}],"wp:featuredmedia":[{"embeddable":true,"href":"https:\/\/www.mpal.mp.br\/index.php?rest_route=\/wp\/v2\/media\/11852"}],"wp:attachment":[{"href":"https:\/\/www.mpal.mp.br\/index.php?rest_route=%2Fwp%2Fv2%2Fmedia&parent=11851"}],"wp:term":[{"taxonomy":"category","embeddable":true,"href":"https:\/\/www.mpal.mp.br\/index.php?rest_route=%2Fwp%2Fv2%2Fcategories&post=11851"},{"taxonomy":"post_tag","embeddable":true,"href":"https:\/\/www.mpal.mp.br\/index.php?rest_route=%2Fwp%2Fv2%2Ftags&post=11851"}],"curies":[{"name":"wp","href":"https:\/\/api.w.org\/{rel}","templated":true}]}}