{"id":11841,"date":"2015-05-29T12:01:48","date_gmt":"2015-05-29T15:01:48","guid":{"rendered":"https:\/\/www.mpal.mp.br\/?p=11841"},"modified":"2022-07-11T12:02:47","modified_gmt":"2022-07-11T15:02:47","slug":"fpi-do-sao-francisco-realiza-audiencia-publica-nesta-sexta-feira-em-olho-dagua-das-flores-1858-animais-foram-resgatados-na-terceira-etapa-do-programa","status":"publish","type":"post","link":"https:\/\/www.mpal.mp.br\/?p=11841","title":{"rendered":"FPI do S\u00e3o Francisco realiza audi\u00eancia p\u00fablica nesta sexta-feira em Olho D&#8217;\u00c1gua das Flores; 1858 animais foram resgatados na terceira etapa do programa"},"content":{"rendered":"<p style=\"text-align: justify;\"><span style=\"font-size: 14pt;\">A Fiscaliza\u00e7\u00e3o Preventiva Integrada da Bacia Hidrogr\u00e1fica do Rio S\u00e3o Francisco realiza, nesta sexta-feira (29), a partir das 14h, uma audi\u00eancia p\u00fablica no Clube Social Municipal de Olho D&#8217;\u00e1gua da Flores para relatar as atividades que desenvolveu nas cidades sertanejas nas \u00faltimas duas semanas. O encontro tamb\u00e9m tem como objetivo orientar gestores p\u00fablicos, empres\u00e1rios e trabalhadores a exercerem seus servi\u00e7os sem danificar o meio ambiente, em especial, o \u201cVelho Chico\u201d.<\/span><\/p>\n<p style=\"text-align: justify;\"><span style=\"font-size: 14pt;\">\u201cA audi\u00eancia p\u00fablica \u00e9 a oportunidade para a popula\u00e7\u00e3o e os gestores terem conhecimento do trabalho feito pela FPI na regi\u00e3o. Ser\u00e3o divulgados todos os dados e informa\u00e7\u00f5es coletadas durante a opera\u00e7\u00e3o. Al\u00e9m disso, \u00e9 uma oportunidade de se esclarecer a import\u00e2ncia de que as atividades econ\u00f4micas sejam desenvolvidas dentro dos ditames legais. Por fim, todos os \u00f3rg\u00e3os integrantes da FPI se colocam \u00e0 disposi\u00e7\u00e3o para os esclarecimentos que se fizerem necess\u00e1rios\u201d, explica a promotora de Justi\u00e7a Lav\u00ednia Fragoso.<\/span><\/p>\n<p style=\"text-align: justify;\"><span style=\"font-size: 14pt;\">Entre os n\u00fameros e relatos mencionados pela coordenadora do programa, encontram-se os da Equipe Fauna. Ao todo, a FPI resgatou 1858 animais silvestres e ex\u00f3ticos, sendo que 94% deles foram soltos em \u00e1reas de prote\u00e7\u00e3o ambiental de Alagoas. Outras 4% esp\u00e9cimes foram encaminhadas a centros de triagem de animais silvestres para recupera\u00e7\u00e3o e posterior soltura. Os 2% restantes vieram a \u00f3bito por conta das m\u00e1s condi\u00e7\u00f5es em que se encontravam.<\/span><\/p>\n<p style=\"text-align: justify;\"><span style=\"font-size: 14pt;\">\u201cPor mais encantador que seja o canto do galo-de-campina, ele sempre soa triste dentro de uma gaiola. Os animais silvestres t\u00eam de viver no seu habitat natural. Eles s\u00e3o diferentes dos animais dom\u00e9sticos, isso \u00e9 fato. No entanto, vale ressaltar que a soltura sem controle representa um risco para as esp\u00e9cimes. Por isso, tal como ocorreu na liberta\u00e7\u00e3o dos primeiros animais resgatados, nessa e nas etapas anteriores da FPI, tomamos uma s\u00e9rie de cuidados pr\u00e9vios. H\u00e1 a triagem, com identifica\u00e7\u00e3o de problemas f\u00edsicos e de comportamento, o tratamento para a reabilita\u00e7\u00e3o de cada animal e, s\u00f3 ent\u00e3o, a reintrodu\u00e7\u00e3o no habitat, caso avaliemos que ele est\u00e1 em condi\u00e7\u00e3o de voltar para as matas\u201d, lembrou o promotor de Justi\u00e7a Alberto Fonseca.<\/span><\/p>\n<p style=\"text-align: justify;\"><span style=\"font-size: 14pt;\">Foram 468 entregas volunt\u00e1rias e 1.390 resgates por meio de for\u00e7a policial. Entre as esp\u00e9cies resgatadas, encontram-se tatu-peba, macaco-prego, jabutis e diversos tipos de aves, como golinha, galo-de-campina, xex\u00e9u, papa-capim, extravagante e cardeal. Os animais foram encontrados nos munic\u00edpios de Santana do Ipanema, Olho D&#8217;\u00e1gua das Flores, Batalha, S\u00e3o Jos\u00e9 da Tapera, P\u00e3o de A\u00e7\u00facar, Palestina, Monteir\u00f3polis, Olho D&#8217;\u00c1gua do Casado, Oliven\u00e7a, Jacar\u00e9 dos Homens, Tanque D&#8217;Arca, Carneiro e Arapiraca.<\/span><\/p>\n<p style=\"text-align: justify;\"><span style=\"font-size: 14pt;\">\u201cParabenizo a todos os integrantes da FPI do S\u00e3o Francisco, principalmente a Equipe Fauna. O que fizemos nesses dias est\u00e1 muito al\u00e9m de simplesmente trabalhar: n\u00f3s doamos nosso sangue, suor e alma em prol de um objetivo \u00fanico, que \u00e9 salvar vidas. Poucas vezes vi profissionais deixarem seus problemas particulares no fim da fila para agirem de acordo com a constru\u00e7\u00e3o de um planeta melhor\u201d, exaltou o m\u00e9dico-veterin\u00e1rio e membro da Comiss\u00e3o Nacional de Animais Selvagens do Conselho Federal de Medicina Veterinaria, Isaac Albuquerque.<\/span><\/p>\n<p style=\"text-align: justify;\"><span style=\"font-size: 14pt;\"><strong>Maior entrega volunt\u00e1ria<\/strong><\/span><\/p>\n<p style=\"text-align: justify;\"><span style=\"font-size: 14pt;\">Em Monteirop\u00f3lis, ocorreu a maior entrega volunt\u00e1ria de animais silvestres da 3\u00aa edi\u00e7\u00e3o da FPI do S\u00e3o Francisco. Foram 180 animais, sendo 34 deles jabutis. A Equipe Fauna resgatou outras 73 esp\u00e9cimes de aves em resid\u00eancias localizadas \u00e0s margens da rodovodia BR-316. O repasse dos animais \u00e0s autoridades competentes ocorreu em todos os munic\u00edpios sertanejos por onde a Fiscaliza\u00e7\u00e3o passou e realizou atividades de educa\u00e7\u00e3o ambiental.<\/span><\/p>\n<p style=\"text-align: justify;\"><span style=\"font-size: 14pt;\">O m\u00e9todo de resgate foi o mesmo. At\u00e9 \u00e0s 16h, os detentores de animais silvestres poderiam repass\u00e1-los para o caminh\u00e3o que a Pol\u00edcia Rodovi\u00e1ria Federal disponibilizou para o programa e que ficava estacionado em local central da cidade. Depois disso, quem fosse pego com animal silvestre seria preso em flagrante de delito. A exce\u00e7\u00e3o foi Arapiraca onde os animais foram resgatados numa das feiras livres da cidade.<\/span><\/p>\n<p style=\"text-align: justify;\"><span style=\"font-size: 14pt;\">As crian\u00e7as que contribu\u00edram com a entrega volunt\u00e1ria dos animais receberam o kit dos \u201cGuardi\u00f5es da Natureza\u201d, com camiseta, botton e cartilhas educativas. \u201cOs kits n\u00e3o s\u00e3o apenas mais um presente, mas tamb\u00e9m um compromisso de voc\u00eas com a m\u00e3e-natureza\u201d, combinou a promotora de Justi\u00e7a Lav\u00ednia Fragoso com o p\u00fablico infanto-juvenil que a ouvia.<\/span><\/p>\n<p style=\"text-align: justify;\"><span style=\"font-size: 14pt;\">\u201cNosso trabalho aqui \u00e9 conscientizar a popula\u00e7\u00e3o de que preservar os animais nos seus habitats naturais tamb\u00e9m se trata de uma quest\u00e3o de sa\u00fade p\u00fablica. Quando eles permanecem nas matas, a natureza fica em equil\u00edbro, evitando assim a prolifera\u00e7\u00e3o de pragas. Queremos que todos os presentes repassem essa informa\u00e7\u00e3o para seus vizinhos, amigos e familiares, de modo a trazer mais pessoas para a defesa do meio ambiente\u201d, completou o bi\u00f3logo Giuliano Nascimento, do Instituto de Preserva\u00e7\u00e3o da Mata Atl\u00e2ntica (IPMA).<\/span><\/p>\n<p style=\"text-align: justify;\"><span style=\"font-size: 14pt;\"><strong>Gincana de educa\u00e7\u00e3o ambiental<\/strong><\/span><\/p>\n<p style=\"text-align: justify;\"><span style=\"font-size: 14pt;\">Durante a passagem da FPI do S\u00e3o Francisco em Monteirop\u00f3lis, a Secretaria de Estado do Meio Ambiente e de Recursos H\u00eddricos (SEMARH) promoveu uma gincana ambiental com estudantes da Escola Municipal de Ensino Fundamental Professora Ivone Mendes da Silva. O Instituto do Meio Ambiente (IMA), Batalh\u00e3o de Policiamento Ambiental (BPA), IPMA e Minist\u00e9rio P\u00fablico do Estado de Alagoas (MPE\/AL) tamb\u00e9m integraram a atividade.<\/span><\/p>\n<p style=\"text-align: justify;\"><span style=\"font-size: 14pt;\">\u201cA gincana teve diversos jogos de educa\u00e7\u00e3o ambiental, &#8216;cine ambiente&#8217; [exibi\u00e7\u00e3o de filme relacionado ao meio ambiente], palestras repletas de informa\u00e7\u00e3o e a produ\u00e7\u00e3o de reda\u00e7\u00f5es. No final do dia, destribu\u00edmos um jogo de mem\u00f3ria com diversos temas que envolvem a preserva\u00e7\u00e3o da natureza\u201d, descreveu Dom\u00eanica Didier, bi\u00f3loga e gerente de integra\u00e7\u00e3o de Integra\u00e7\u00e3o do Meio Ambiente da SEMARH.<\/span><\/p>\n<p style=\"text-align: justify;\"><span style=\"font-size: 14pt;\">Acompanhada da diretora-geral da escola, Edineide Novaes, a coordenadora pedag\u00f3gica Susy Cl\u00e9a Lisboa elogiou a iniciativa da Fiscaliza\u00e7\u00e3o Preventiva Integrada da Bacia Hidrogr\u00e1fica do S\u00e3o Francisco e defendeu a manuten\u00e7\u00e3o dos espa\u00e7os de forma\u00e7\u00e3o em educa\u00e7\u00e3o ambiental como um processo cont\u00ednuo.<\/span><\/p>\n<p style=\"text-align: justify;\"><span style=\"font-size: 14pt;\">\u201cO trabalho de conscientiza\u00e7\u00e3o da FPI funciona porque traz para as escolas informa\u00e7\u00f5es e valores que partem da realidade dos estudantes, e n\u00e3o apenas de conceitos importantes, por\u00e9m distantes do universo em que eles vivem. Nessa visita, os nossos alunos puderem conhecer um pouco mais sobre diversos assuntos relacionados ao meio ambiente, a exemplo das consequ\u00eancias do desperd\u00edcio de \u00e1gua. Tivemos um dia muito proveitoso que, com certeza, contribuiu com a forma\u00e7\u00e3o cidad\u00e3 dos nossos alunos\u201d, comemorou a educadora, ao lado da chefe que era s\u00f3 sorriso.<\/span><\/p>\n","protected":false},"excerpt":{"rendered":"<p> [&hellip;]<\/p>\n","protected":false},"author":2,"featured_media":11842,"comment_status":"open","ping_status":"open","sticky":false,"template":"","format":"standard","meta":{"om_disable_all_campaigns":false,"_monsterinsights_skip_tracking":false,"_monsterinsights_sitenote_active":false,"_monsterinsights_sitenote_note":"","_monsterinsights_sitenote_category":0,"_uf_show_specific_survey":0,"_uf_disable_surveys":false,"footnotes":""},"categories":[38],"tags":[],"class_list":["post-11841","post","type-post","status-publish","format-standard","has-post-thumbnail","hentry","category-not_fpi"],"aioseo_notices":[],"_links":{"self":[{"href":"https:\/\/www.mpal.mp.br\/index.php?rest_route=\/wp\/v2\/posts\/11841","targetHints":{"allow":["GET"]}}],"collection":[{"href":"https:\/\/www.mpal.mp.br\/index.php?rest_route=\/wp\/v2\/posts"}],"about":[{"href":"https:\/\/www.mpal.mp.br\/index.php?rest_route=\/wp\/v2\/types\/post"}],"author":[{"embeddable":true,"href":"https:\/\/www.mpal.mp.br\/index.php?rest_route=\/wp\/v2\/users\/2"}],"replies":[{"embeddable":true,"href":"https:\/\/www.mpal.mp.br\/index.php?rest_route=%2Fwp%2Fv2%2Fcomments&post=11841"}],"version-history":[{"count":1,"href":"https:\/\/www.mpal.mp.br\/index.php?rest_route=\/wp\/v2\/posts\/11841\/revisions"}],"predecessor-version":[{"id":11843,"href":"https:\/\/www.mpal.mp.br\/index.php?rest_route=\/wp\/v2\/posts\/11841\/revisions\/11843"}],"wp:featuredmedia":[{"embeddable":true,"href":"https:\/\/www.mpal.mp.br\/index.php?rest_route=\/wp\/v2\/media\/11842"}],"wp:attachment":[{"href":"https:\/\/www.mpal.mp.br\/index.php?rest_route=%2Fwp%2Fv2%2Fmedia&parent=11841"}],"wp:term":[{"taxonomy":"category","embeddable":true,"href":"https:\/\/www.mpal.mp.br\/index.php?rest_route=%2Fwp%2Fv2%2Fcategories&post=11841"},{"taxonomy":"post_tag","embeddable":true,"href":"https:\/\/www.mpal.mp.br\/index.php?rest_route=%2Fwp%2Fv2%2Ftags&post=11841"}],"curies":[{"name":"wp","href":"https:\/\/api.w.org\/{rel}","templated":true}]}}