{"id":11838,"date":"2015-11-16T11:59:00","date_gmt":"2015-11-16T13:59:00","guid":{"rendered":"https:\/\/www.mpal.mp.br\/?p=11838"},"modified":"2022-07-11T12:01:05","modified_gmt":"2022-07-11T15:01:05","slug":"fiscalizacao-preventiva-integrada-apreende-mais-de-500-animais-silvestres-em-feiras-livres","status":"publish","type":"post","link":"https:\/\/www.mpal.mp.br\/?p=11838","title":{"rendered":"Fiscaliza\u00e7\u00e3o Preventiva Integrada apreende mais de 500 animais silvestres em feiras livres"},"content":{"rendered":"<p style=\"text-align: justify;\"><span style=\"font-size: 14pt;\">Mais de 490 aves, seis iguanas e quatro jabutis. Esse foi o resultado das primeiras a\u00e7\u00f5es da Fiscaliza\u00e7\u00e3o Preventiva Integrada (FPI) do S\u00e3o Francisco, ocorridas nesse domingo e no in\u00edcio da manh\u00e3 desta segunda-feira (16), em tr\u00eas cidades do interior. O programa, coordenado pelo Minist\u00e9rio P\u00fablico Estadual de Alagoas e que conta com a participa\u00e7\u00e3o de outras 23 institui\u00e7\u00f5es, seguir\u00e1 pelos pr\u00f3ximos 15 dias e visa combater os mais diversos tipos de crimes ambientais praticados em munic\u00edpios da Bacia Hidrogr\u00e1fica do &#8220;Velho Chico&#8221;.<\/span><\/p>\n<p style=\"text-align: justify;\"><span style=\"font-size: 14pt;\">Na feira livre de Arapiraca foram recolhidas dezenas de esp\u00e9cies de p\u00e1ssaros, a exemplo de Galo-de-campina, Caboclinho, Papa-capim, Can\u00e1rio-da-terra, Gralha-cancan, Arara-canind\u00e9, Xex\u00e9u, Veludo e Garibaldi. L\u00e1, a FPI chegou por volta das 06h da manh\u00e3 com PM&#8217;s \u00e0 paisana, que foram a campo para identificar os principais pontos de com\u00e9rcio ilegal de aves. Ap\u00f3s esse trabalho, os demais integrantes chegaram para fazer a apreens\u00e3o.<\/span><\/p>\n<p style=\"text-align: justify;\"><span style=\"font-size: 14pt;\">&#8220;N\u00e3o houve resist\u00eancia. Um homem foi preso pelo crime de manter em cativeiro animais silvestres, j\u00e1 que ele estava com uma quantidade enorme de p\u00e1ssaros. Esse cidad\u00e3o dever\u00e1 ser enquadrado no artigo 29 da Lei federal n\u00b0 9.605\/98, que \u00e9 a norma que trata dos crimes ambientais&#8221;, informou o promotor de Justi\u00e7a Alberto Fonseca, coordenador da FPI.<\/span><\/p>\n<p style=\"text-align: justify;\"><span style=\"font-size: 14pt;\">&#8220;Muitas vezes essas pessoas n\u00e3o sabem o mal que est\u00e3o fazendo ao meio ambiente. No caso dos p\u00e1ssaros, eles t\u00eam fun\u00e7\u00f5es importantes na natureza, como a perpetua\u00e7\u00e3o da esp\u00e9cie, o controle de pragas e a dissemina\u00e7\u00e3o de sementes&#8221;, explicou o m\u00e9dico veterin\u00e1rio Isaac Albuquerque.<\/span><\/p>\n<p style=\"text-align: justify;\"><span style=\"font-size: 14pt;\"><strong>Apreens\u00f5es do domingo<\/strong><\/span><\/p>\n<p style=\"text-align: justify;\"><span style=\"font-size: 14pt;\">Nesse domingo, a FPI tamb\u00e9m esteve nas cidades de Maribondo e Anadia, onde recolheu 148 aves, quatro jabutis e uma iguana.<\/span><\/p>\n<p style=\"text-align: justify;\"><span style=\"font-size: 14pt;\">&#8220;Nas duas feiras n\u00f3s encontramos animais machucados, com sinais de maus tratos. E, a grande maioria deles, estava amontoada em &#8216;viajantes&#8217;, esp\u00e9cie de pequenas caixas de madeira com capacidade para um animal, onde normalmente se guardam tr\u00eas ou quatro. Outra parte estava em gaiolas e viveiros, que tamb\u00e9m guardavam mais p\u00e1ssaros do que a capacidade permite&#8221;, acrescentou Isaac Albuquerque.<\/span><\/p>\n<p style=\"text-align: justify;\"><span style=\"font-size: 14pt;\">Essas a\u00e7\u00f5es foram realizadas pela equipe da fauna, um dos nove grupos que comp\u00f5em a FPI do S\u00e3o Francisco. &#8220;\u00c9 importante que a popula\u00e7\u00e3o entenda que esse trabalho \u00e9 desenvolvido em prol da manuten\u00e7\u00e3o do equil\u00edbrio ambiental do Rio S\u00e3o Francisco. E esse equil\u00edbrio envolve flora, fauna, recursos h\u00eddricos e minerais e res\u00edduos s\u00f3lidos. Tudo isso sendo trabalhado de maneira ambientalmente correta, o meio ambiente n\u00e3o estar\u00e1 mais pedindo socorro e as pessoas ter\u00e3o melhor qualidade de vida&#8221;, detalhou Alberto Fonseca.<\/span><\/p>\n","protected":false},"excerpt":{"rendered":"<p> [&hellip;]<\/p>\n","protected":false},"author":2,"featured_media":11839,"comment_status":"open","ping_status":"open","sticky":false,"template":"","format":"standard","meta":{"om_disable_all_campaigns":false,"_monsterinsights_skip_tracking":false,"_monsterinsights_sitenote_active":false,"_monsterinsights_sitenote_note":"","_monsterinsights_sitenote_category":0,"_uf_show_specific_survey":0,"_uf_disable_surveys":false,"footnotes":""},"categories":[38],"tags":[],"class_list":["post-11838","post","type-post","status-publish","format-standard","has-post-thumbnail","hentry","category-not_fpi"],"aioseo_notices":[],"_links":{"self":[{"href":"https:\/\/www.mpal.mp.br\/index.php?rest_route=\/wp\/v2\/posts\/11838","targetHints":{"allow":["GET"]}}],"collection":[{"href":"https:\/\/www.mpal.mp.br\/index.php?rest_route=\/wp\/v2\/posts"}],"about":[{"href":"https:\/\/www.mpal.mp.br\/index.php?rest_route=\/wp\/v2\/types\/post"}],"author":[{"embeddable":true,"href":"https:\/\/www.mpal.mp.br\/index.php?rest_route=\/wp\/v2\/users\/2"}],"replies":[{"embeddable":true,"href":"https:\/\/www.mpal.mp.br\/index.php?rest_route=%2Fwp%2Fv2%2Fcomments&post=11838"}],"version-history":[{"count":1,"href":"https:\/\/www.mpal.mp.br\/index.php?rest_route=\/wp\/v2\/posts\/11838\/revisions"}],"predecessor-version":[{"id":11840,"href":"https:\/\/www.mpal.mp.br\/index.php?rest_route=\/wp\/v2\/posts\/11838\/revisions\/11840"}],"wp:featuredmedia":[{"embeddable":true,"href":"https:\/\/www.mpal.mp.br\/index.php?rest_route=\/wp\/v2\/media\/11839"}],"wp:attachment":[{"href":"https:\/\/www.mpal.mp.br\/index.php?rest_route=%2Fwp%2Fv2%2Fmedia&parent=11838"}],"wp:term":[{"taxonomy":"category","embeddable":true,"href":"https:\/\/www.mpal.mp.br\/index.php?rest_route=%2Fwp%2Fv2%2Fcategories&post=11838"},{"taxonomy":"post_tag","embeddable":true,"href":"https:\/\/www.mpal.mp.br\/index.php?rest_route=%2Fwp%2Fv2%2Ftags&post=11838"}],"curies":[{"name":"wp","href":"https:\/\/api.w.org\/{rel}","templated":true}]}}