{"id":11828,"date":"2014-07-16T11:50:52","date_gmt":"2014-07-16T14:50:52","guid":{"rendered":"https:\/\/www.mpal.mp.br\/?p=11828"},"modified":"2022-07-11T11:52:06","modified_gmt":"2022-07-11T14:52:06","slug":"promotoria-de-justica-apura-denuncia-de-maus-tratos-a-menores-em-abrigo-de-penedo","status":"publish","type":"post","link":"https:\/\/www.mpal.mp.br\/?p=11828","title":{"rendered":"Promotoria de Justi\u00e7a apura den\u00fancia de maus tratos a menores em abrigo de Penedo"},"content":{"rendered":"<p style=\"text-align: justify;\" align=\"justify\"><span style=\"font-size: 14pt;\">A 1\u00aa Promotoria de Justi\u00e7a de Penedo instaurou um procedimento preparat\u00f3rio para apurar poss\u00edveis irregularidades administrativas e maus tratos a crian\u00e7as e adolescente na Institui\u00e7\u00e3o Lar de Nazar\u00e9, que abriga menores em situa\u00e7\u00e3o de risco no munic\u00edpio. A portaria que oficializa o procedimento foi publicada no Di\u00e1rio Oficial do Estado desta quarta-feira (16).<\/span><\/p>\n<p style=\"text-align: justify;\" align=\"justify\"><span style=\"font-size: 14pt;\">Foi a conselheira Tutelar Cla\u00fadia Val\u00e9ria Campos de Oliveira quem denunciou o fato ao Minist\u00e9rio P\u00fablico do Estado de Alagoas (MPE\/AL), no in\u00edcio de julho, em depoimento registrado pelo promotor de Justi\u00e7a Jos\u00e9 Alves de S\u00e1. A imprensa local tamb\u00e9m repercutiu a den\u00fancia e destacou a exist\u00eancia de um suposto processo administrativo instaurado no \u00e2mbito da Procuradoria-Geral do Munic\u00edpio do Penedo para tratar do caso.<\/span><\/p>\n<p style=\"text-align: justify;\" align=\"justify\"><span style=\"font-size: 14pt;\">\u201cAs mat\u00e9rias referentes \u00e0 Inf\u00e2ncia e \u00e0 Juventude s\u00e3o de car\u00e1ter priorit\u00e1rio, a serem envidados todos os esfor\u00e7os no sentido de garantir o efetivo cumprimento do Estatuto da Crian\u00e7a e do Adolescente, que preconiza o princ\u00edpio da prote\u00e7\u00e3o integral \u00e0 crian\u00e7a e ao adolescente\u201d, considerou o representante do Minist\u00e9rio P\u00fablico.<\/span><\/p>\n<p style=\"text-align: justify;\" align=\"justify\"><span style=\"font-size: 14pt;\">Jos\u00e9 Alves de S\u00e1 notificou a diretora do Lar de Nazar\u00e9, Maria Solange Rap\u00f4so Costa, a comparecer \u00e0 1\u00aa Promotoria de Justi\u00e7a de Penedo para prestar depoimento. Uma equipe formada por um psic\u00f3logo e um assistente social do MPE\/AL deve realizar uma visita \u00e0 institui\u00e7\u00e3o com o prop\u00f3sito de elaborar um relat\u00f3rio t\u00e9cnico, avaliando a situa\u00e7\u00e3o dos menores. As informa\u00e7\u00f5es da gestora e da equipe ministerial servir\u00e3o de subs\u00eddio para o promotor emitir um parecer.<\/span><\/p>\n","protected":false},"excerpt":{"rendered":"<p> [&hellip;]<\/p>\n","protected":false},"author":4,"featured_media":2857,"comment_status":"open","ping_status":"open","sticky":false,"template":"","format":"standard","meta":{"om_disable_all_campaigns":false,"_monsterinsights_skip_tracking":false,"_monsterinsights_sitenote_active":false,"_monsterinsights_sitenote_note":"","_monsterinsights_sitenote_category":0,"_uf_show_specific_survey":0,"_uf_disable_surveys":false,"footnotes":""},"categories":[2],"tags":[],"class_list":["post-11828","post","type-post","status-publish","format-standard","has-post-thumbnail","hentry","category-not_mpal"],"aioseo_notices":[],"_links":{"self":[{"href":"https:\/\/www.mpal.mp.br\/index.php?rest_route=\/wp\/v2\/posts\/11828","targetHints":{"allow":["GET"]}}],"collection":[{"href":"https:\/\/www.mpal.mp.br\/index.php?rest_route=\/wp\/v2\/posts"}],"about":[{"href":"https:\/\/www.mpal.mp.br\/index.php?rest_route=\/wp\/v2\/types\/post"}],"author":[{"embeddable":true,"href":"https:\/\/www.mpal.mp.br\/index.php?rest_route=\/wp\/v2\/users\/4"}],"replies":[{"embeddable":true,"href":"https:\/\/www.mpal.mp.br\/index.php?rest_route=%2Fwp%2Fv2%2Fcomments&post=11828"}],"version-history":[{"count":1,"href":"https:\/\/www.mpal.mp.br\/index.php?rest_route=\/wp\/v2\/posts\/11828\/revisions"}],"predecessor-version":[{"id":11830,"href":"https:\/\/www.mpal.mp.br\/index.php?rest_route=\/wp\/v2\/posts\/11828\/revisions\/11830"}],"wp:featuredmedia":[{"embeddable":true,"href":"https:\/\/www.mpal.mp.br\/index.php?rest_route=\/wp\/v2\/media\/2857"}],"wp:attachment":[{"href":"https:\/\/www.mpal.mp.br\/index.php?rest_route=%2Fwp%2Fv2%2Fmedia&parent=11828"}],"wp:term":[{"taxonomy":"category","embeddable":true,"href":"https:\/\/www.mpal.mp.br\/index.php?rest_route=%2Fwp%2Fv2%2Fcategories&post=11828"},{"taxonomy":"post_tag","embeddable":true,"href":"https:\/\/www.mpal.mp.br\/index.php?rest_route=%2Fwp%2Fv2%2Ftags&post=11828"}],"curies":[{"name":"wp","href":"https:\/\/api.w.org\/{rel}","templated":true}]}}