{"id":11822,"date":"2015-11-19T11:49:50","date_gmt":"2015-11-19T13:49:50","guid":{"rendered":"https:\/\/www.mpal.mp.br\/?p=11822"},"modified":"2022-07-11T11:50:17","modified_gmt":"2022-07-11T14:50:17","slug":"na-fpi-do-sao-francisco-equipe-aquatica-combate-pesca-predatoria-e-promove-fiscalizacao-do-trafego-aquaviario","status":"publish","type":"post","link":"https:\/\/www.mpal.mp.br\/?p=11822","title":{"rendered":"Na FPI do S\u00e3o Francisco, equipe aqu\u00e1tica combate pesca predat\u00f3ria e promove fiscaliza\u00e7\u00e3o do tr\u00e1fego aquavi\u00e1rio"},"content":{"rendered":"<p style=\"text-align: justify;\"><span style=\"font-size: 14pt;\">Um dos destaques desta edi\u00e7\u00e3o da Fiscaliza\u00e7\u00e3o Preventiva Integrada na Bacia Hidrogr\u00e1fica do Rio S\u00e3o Francisco (FPI do S\u00e3o Francisco), a equipe aqu\u00e1tica possui n\u00fameros que impressionam. Em apenas quatro dias de trabalho, ela j\u00e1 devolveu ao \u201cVelho Chico\u201d 5,5 mil esp\u00e9cimes de camar\u00e3o pescados de modo ilegal, al\u00e9m de ter apreendido 2800 armadilhas aqu\u00e1ticas (covos), 700 metros de redes de emalhe e quatro embarca\u00e7\u00f5es.<\/span><\/p>\n<p style=\"text-align: justify;\"><span style=\"font-size: 14pt;\">Nada disso seria poss\u00edvel, sem o apoio das institui\u00e7\u00f5es que comp\u00f5em a equipe. Trata-se da Marinha do Brasil, Instituto Brasileiro do Meio Ambiente e dos Recursos Naturais Renov\u00e1veis (Ibama), Instituto do Meio Ambiente de Alagoas (IMA), Batalh\u00e3o de Policiamento Ambiental (BPA) e Minist\u00e9rio P\u00fablico do Estado de Alagoas (MPE\/AL), que atuam em defesa da fauna e da flora do Rio S\u00e3o Francisco, com aten\u00e7\u00e3o refor\u00e7ada, nestes dias de fiscaliza\u00e7\u00e3o.<\/span><\/p>\n<p style=\"text-align: justify;\"><span style=\"font-size: 14pt;\">\u201cA participa\u00e7\u00e3o da Marinha do Brasil na FPI \u00e9 de grande import\u00e2ncia para a Institui\u00e7\u00e3o, pois nesse per\u00edodo nossas atividades de inspe\u00e7\u00e3o naval s\u00e3o intensificadas em todo o Baixo S\u00e3o Francisco, visando a seguran\u00e7a da navega\u00e7\u00e3o, a salvaguarda da vida humana e a preven\u00e7\u00e3o a polui\u00e7\u00e3o h\u00eddrica causada por embarca\u00e7\u00f5es. Ademais, as a\u00e7\u00f5es conjuntas com outros \u00f3rg\u00e3os permitem a maximiza\u00e7\u00e3o dos resultados de todas as institui\u00e7\u00f5es envolvidas em prol da sociedade\u201d, destacou o capit\u00e3o Rafael Velasquez.<\/span><\/p>\n<p style=\"text-align: justify;\"><span style=\"font-size: 14pt;\"><strong>Piracema<\/strong><\/span><\/p>\n<p style=\"text-align: justify;\"><span style=\"font-size: 14pt;\">O combate \u00e0 pesca predat\u00f3ria ocorre em pleno per\u00edodo da piracema, de 15 de novembro a 28 de fevereiro, quando os peixes e crust\u00e1ceos s\u00e3o preservados pela legisla\u00e7\u00e3o brasileira para sua reprodu\u00e7\u00e3o natural. Os covos recolhidos tamb\u00e9m representam um risco para a fauna fluvial porque prendem camar\u00f5es e pitus muito pequenos.<\/span><\/p>\n<p style=\"text-align: justify;\"><span style=\"font-size: 14pt;\">&#8220;Todos de idade juvenil, que n\u00e3o atingiram a sua maturidade sexual e, consequentemente, nunca se reproduziram. Portanto uma pesca altamente predat\u00f3ria, que est\u00e1 dizimando o estoque pesqueiro no Rio S\u00e3o Francisco\u201d, explicou o coordenador da equipe, Rivaldo Couto, que trabalha como analista ambiental do Ibama.<\/span><\/p>\n<p style=\"text-align: justify;\"><span style=\"font-size: 14pt;\">Foram encontrados covos de garrafa pet sem nenhum espa\u00e7amento, tela pl\u00e1stica e talas com espa\u00e7amento inferior ao permitindo. A norma determina que para captura de camar\u00e3o durante a piracema, os covos devem ser confeccionados com talas e com espa\u00e7amento de 2 cm.<\/span><\/p>\n<p style=\"text-align: justify;\"><span style=\"font-size: 14pt;\"><strong>Tr\u00e1fego aquavi\u00e1rio<\/strong><\/span><\/p>\n<p style=\"text-align: justify;\"><span style=\"font-size: 14pt;\">A Marinha do Brasil, que atua por meio da Capitania dos Portos de Alagoas e da Ag\u00eancia Fluvial de Penedo, realizou fiscaliza\u00e7\u00f5es do tr\u00e1fego aquavi\u00e1rio no Baixo S\u00e3o Francisco. Todas as embarca\u00e7\u00f5es que faziam a travessia intermunicipal entre Penedo e Ne\u00f3polis (SE) foram inspecionadas no que se refere as condi\u00e7\u00f5es de seguran\u00e7a para navegar. Especial aten\u00e7\u00e3o foi dada ao material de salvatagem.<\/span><\/p>\n<p style=\"text-align: justify;\"><span style=\"font-size: 14pt;\">Na regi\u00e3o, a Marinha tamb\u00e9m realizou sondagem da l\u00e2mina d&#8217;\u00e1gua nos trechos de travessia das balsas entre as duas cidades, al\u00e9m de realizar vistoria na sinaliza\u00e7\u00e3o n\u00e1utica da ponte de Propri\u00e1 (SE). Ao todo, 16 embarca\u00e7\u00f5es j\u00e1 foram inspecionadas pelos militares, sendo oito alvos de notifica\u00e7\u00f5es e uma de apreens\u00e3o.<\/span><\/p>\n<p style=\"text-align: justify;\"><span style=\"font-size: 14pt;\">A equipe aqu\u00e1tica tamb\u00e9m promove atividades de fiscaliza\u00e7\u00e3o do tr\u00e1fego aquavi\u00e1rio na foz do Rio S\u00e3o Francisco. Foram verificadas as condi\u00e7\u00f5es de seguran\u00e7a de sete embarca\u00e7\u00f5es que faziam passeio tur\u00edstico naquela regi\u00e3o.<\/span><\/p>\n","protected":false},"excerpt":{"rendered":"<p> [&hellip;]<\/p>\n","protected":false},"author":2,"featured_media":11823,"comment_status":"open","ping_status":"open","sticky":false,"template":"","format":"standard","meta":{"om_disable_all_campaigns":false,"_monsterinsights_skip_tracking":false,"_monsterinsights_sitenote_active":false,"_monsterinsights_sitenote_note":"","_monsterinsights_sitenote_category":0,"_uf_show_specific_survey":0,"_uf_disable_surveys":false,"footnotes":""},"categories":[38],"tags":[],"class_list":["post-11822","post","type-post","status-publish","format-standard","has-post-thumbnail","hentry","category-not_fpi"],"aioseo_notices":[],"_links":{"self":[{"href":"https:\/\/www.mpal.mp.br\/index.php?rest_route=\/wp\/v2\/posts\/11822","targetHints":{"allow":["GET"]}}],"collection":[{"href":"https:\/\/www.mpal.mp.br\/index.php?rest_route=\/wp\/v2\/posts"}],"about":[{"href":"https:\/\/www.mpal.mp.br\/index.php?rest_route=\/wp\/v2\/types\/post"}],"author":[{"embeddable":true,"href":"https:\/\/www.mpal.mp.br\/index.php?rest_route=\/wp\/v2\/users\/2"}],"replies":[{"embeddable":true,"href":"https:\/\/www.mpal.mp.br\/index.php?rest_route=%2Fwp%2Fv2%2Fcomments&post=11822"}],"version-history":[{"count":1,"href":"https:\/\/www.mpal.mp.br\/index.php?rest_route=\/wp\/v2\/posts\/11822\/revisions"}],"predecessor-version":[{"id":11824,"href":"https:\/\/www.mpal.mp.br\/index.php?rest_route=\/wp\/v2\/posts\/11822\/revisions\/11824"}],"wp:featuredmedia":[{"embeddable":true,"href":"https:\/\/www.mpal.mp.br\/index.php?rest_route=\/wp\/v2\/media\/11823"}],"wp:attachment":[{"href":"https:\/\/www.mpal.mp.br\/index.php?rest_route=%2Fwp%2Fv2%2Fmedia&parent=11822"}],"wp:term":[{"taxonomy":"category","embeddable":true,"href":"https:\/\/www.mpal.mp.br\/index.php?rest_route=%2Fwp%2Fv2%2Fcategories&post=11822"},{"taxonomy":"post_tag","embeddable":true,"href":"https:\/\/www.mpal.mp.br\/index.php?rest_route=%2Fwp%2Fv2%2Ftags&post=11822"}],"curies":[{"name":"wp","href":"https:\/\/api.w.org\/{rel}","templated":true}]}}