{"id":11821,"date":"2014-09-22T11:48:54","date_gmt":"2014-09-22T14:48:54","guid":{"rendered":"https:\/\/www.mpal.mp.br\/?p=11821"},"modified":"2022-07-11T11:50:46","modified_gmt":"2022-07-11T14:50:46","slug":"11a-e-12a-promotorias-ajuizam-acao-pedindo-a-interdicao-da-unidade-de-internacao-de-jovens-e-adultos-uija","status":"publish","type":"post","link":"https:\/\/www.mpal.mp.br\/?p=11821","title":{"rendered":"11\u00aa e 12\u00aa Promotorias aju\u00edzam a\u00e7\u00e3o pedindo a interdi\u00e7\u00e3o da Unidade de Interna\u00e7\u00e3o de Jovens e Adultos (UIJA)"},"content":{"rendered":"<p style=\"text-align: justify;\"><span style=\"font-size: 14pt;\">Com o objetivo de for\u00e7ar o Estado a oferecer uma oportunidade digna de ressocializa\u00e7\u00e3o aos adolescentes infratores, o Minist\u00e9rio P\u00fablico Estadual de Alagoas (MPE\/AL) ajuizou, nesta segunda-feira (22), uma a\u00e7\u00e3o civil p\u00fablica contra o Estado. O MPE\/AL quer que a Justi\u00e7a conceda liminar e determine, j\u00e1 de imediato, a interdi\u00e7\u00e3o da Unidade de Interna\u00e7\u00e3o de Jovens e Adultos (UIJA).<\/span><\/p>\n<p style=\"text-align: justify;\"><span style=\"font-size: 14pt;\">A a\u00e7\u00e3o foi ajuizada pelos promotores de Justi\u00e7a Rog\u00e9rio Paranhos e Alexandra Beurlen, titulares das 11\u00aa e 12\u00aa Promotorias de Justi\u00e7a da Capital. Atrav\u00e9s dela, os promotores pedem que o Ju\u00edzo da Inf\u00e2ncia e Juventude interdite a UIJA provisoriamente e obrigue o Poder Executivo a fazer uma reforma naquela unidade ou que ele construa um novo espa\u00e7o para abrigar os adolescentes infratores entre 18 e 21 anos.<\/span><\/p>\n<p style=\"text-align: justify;\"><span style=\"font-size: 14pt;\">\u201cQueremos uma unidade que atenda as normas do Sistema Nacional de Atendimento Socioeducativo (Sinase), que \u00e9 o conjunto ordenado de princ\u00edpios, regras e crit\u00e9rios que se destinam \u00e0 regulamenta\u00e7\u00e3o do cumprimento de medidas socioeducativas destinadas ao adolescente a quem se atribuiu a pr\u00e1tica de a\u00e7\u00e3o conflitante com a lei. O Estado reiteradamente vem descumprindo a legisla\u00e7\u00e3o e o Minist\u00e9rio P\u00fablico n\u00e3o pode aceitar essa neglig\u00eancia. Os gestores p\u00fablicos precisam cumprir com o seu papel\u201d, defendeu Rog\u00e9rio Paranhos.<\/span><\/p>\n<p style=\"text-align: justify;\"><span style=\"font-size: 14pt;\"><strong>Transfer\u00eancia<\/strong><\/span><\/p>\n<p style=\"text-align: justify;\"><span style=\"font-size: 14pt;\">E o pedido das 11\u00aa e 12\u00aa Promotorias de Justi\u00e7a tamb\u00e9m aconteceu no sentindo de cobrar a transfer\u00eancia imediata dos internos. \u201cRequeremos, na mesma a\u00e7\u00e3o, que todos os adolescentes sejam transferidos para outra unidade, desde que esse novo espa\u00e7o possua instala\u00e7\u00f5es adequadas. Tamb\u00e9m \u00e9 necess\u00e1rio que seja respeitada a sua capacidade f\u00edsica. Al\u00e9m disso, pedimos ainda a disponibiliza\u00e7\u00e3o da quantidade adequada de agentes socioeducativos para garantir o cumprimento das atividades inerentes \u00e0 medida de interna\u00e7\u00e3o\u201d, explicou Alexandra Beurlen.<\/span><\/p>\n<p style=\"text-align: justify;\"><span style=\"font-size: 14pt;\"><strong>Fugas<\/strong><\/span><\/p>\n<p style=\"text-align: justify;\"><span style=\"font-size: 14pt;\">Os promotores Rog\u00e9rio Paranhos e Alexandra Beurlen tamb\u00e9m informaram que aguardam resposta da Secretaria de Ressocializa\u00e7\u00e3o e Inclus\u00e3o Social sobre os of\u00edcios enviados por eles que cobram explica\u00e7\u00f5es sobre a fuga de 18 jovens da UIJA ocorrida na semana passada. \u201cRecomendamos a apura\u00e7\u00e3o, no \u00e2mbito administrativo, da fuga dos adolescentes e tamb\u00e9m a aplica\u00e7\u00e3o das san\u00e7\u00f5es por ventura cab\u00edveis. J\u00e1 \u00e0 autoridade policial, requisitamos a instaura\u00e7\u00e3o de inqu\u00e9rito. Queremos saber se houve conduta criminosa por parte de algum funcion\u00e1rio da unidade\u201d, declarou Paranhos.<\/span><\/p>\n<p style=\"text-align: justify;\"><span style=\"font-size: 14pt;\">\u201cO Estado precisa saber que o Minist\u00e9rio P\u00fablico est\u00e1 vigilante e continuar\u00e1 atuando dentro das suas prerrogativas. N\u00e3o est\u00e1 descartada a possibilidade de ajuizamento de novos pedidos de interdi\u00e7\u00e3o. Caso as reformas prometidas n\u00e3o comecem logo, vamos fazer a propositura de mais a\u00e7\u00f5es. E n\u00e3o s\u00f3 cobrando a reforma e constru\u00e7\u00e3o de unidades. Tamb\u00e9m queremos que aconte\u00e7a de imediato o processo seletivo simplificado para contrata\u00e7\u00e3o de agentes socioeducativos, o que j\u00e1 est\u00e1, inclusive, determinado pela 17\u00aa Vara da Fazenda Estadual\u201d, alertou Alexandra Beurlen.<\/span><\/p>\n","protected":false},"excerpt":{"rendered":"<p> [&hellip;]<\/p>\n","protected":false},"author":4,"featured_media":2857,"comment_status":"open","ping_status":"open","sticky":false,"template":"","format":"standard","meta":{"om_disable_all_campaigns":false,"_monsterinsights_skip_tracking":false,"_monsterinsights_sitenote_active":false,"_monsterinsights_sitenote_note":"","_monsterinsights_sitenote_category":0,"_uf_show_specific_survey":0,"_uf_disable_surveys":false,"footnotes":""},"categories":[2],"tags":[],"class_list":["post-11821","post","type-post","status-publish","format-standard","has-post-thumbnail","hentry","category-not_mpal"],"aioseo_notices":[],"_links":{"self":[{"href":"https:\/\/www.mpal.mp.br\/index.php?rest_route=\/wp\/v2\/posts\/11821","targetHints":{"allow":["GET"]}}],"collection":[{"href":"https:\/\/www.mpal.mp.br\/index.php?rest_route=\/wp\/v2\/posts"}],"about":[{"href":"https:\/\/www.mpal.mp.br\/index.php?rest_route=\/wp\/v2\/types\/post"}],"author":[{"embeddable":true,"href":"https:\/\/www.mpal.mp.br\/index.php?rest_route=\/wp\/v2\/users\/4"}],"replies":[{"embeddable":true,"href":"https:\/\/www.mpal.mp.br\/index.php?rest_route=%2Fwp%2Fv2%2Fcomments&post=11821"}],"version-history":[{"count":1,"href":"https:\/\/www.mpal.mp.br\/index.php?rest_route=\/wp\/v2\/posts\/11821\/revisions"}],"predecessor-version":[{"id":11825,"href":"https:\/\/www.mpal.mp.br\/index.php?rest_route=\/wp\/v2\/posts\/11821\/revisions\/11825"}],"wp:featuredmedia":[{"embeddable":true,"href":"https:\/\/www.mpal.mp.br\/index.php?rest_route=\/wp\/v2\/media\/2857"}],"wp:attachment":[{"href":"https:\/\/www.mpal.mp.br\/index.php?rest_route=%2Fwp%2Fv2%2Fmedia&parent=11821"}],"wp:term":[{"taxonomy":"category","embeddable":true,"href":"https:\/\/www.mpal.mp.br\/index.php?rest_route=%2Fwp%2Fv2%2Fcategories&post=11821"},{"taxonomy":"post_tag","embeddable":true,"href":"https:\/\/www.mpal.mp.br\/index.php?rest_route=%2Fwp%2Fv2%2Ftags&post=11821"}],"curies":[{"name":"wp","href":"https:\/\/api.w.org\/{rel}","templated":true}]}}