{"id":11814,"date":"2014-10-01T11:47:25","date_gmt":"2014-10-01T14:47:25","guid":{"rendered":"https:\/\/www.mpal.mp.br\/?p=11814"},"modified":"2022-07-11T11:48:47","modified_gmt":"2022-07-11T14:48:47","slug":"mpe-al-investigara-viagem-de-criancas-e-jovens-para-o-rj-sob-promessa-de-participarem-de-selecao-em-clubes-de-futebol","status":"publish","type":"post","link":"https:\/\/www.mpal.mp.br\/?p=11814","title":{"rendered":"MPE\/AL investigar\u00e1 viagem de crian\u00e7as e jovens para o RJ sob promessa de participarem de sele\u00e7\u00e3o em clubes de futebol"},"content":{"rendered":"<p style=\"text-align: justify;\"><span style=\"font-size: 14pt;\">A 13\u00aa Promotoria de Justi\u00e7a da Capital, com atribui\u00e7\u00e3o para atuar na prote\u00e7\u00e3o jur\u00eddico-social da inf\u00e2ncia e da juventude \u2013 vai instaurar procedimento investigat\u00f3rio para apurar a ida de crian\u00e7as e adolescentes para uma cidade do interior do Rio de Janeiro sob promessa de que eles participariam de testes para se tornar jogadores de futebol de clubes famosos. O Minist\u00e9rio P\u00fablico Estadual do Rio de Janeiro j\u00e1 ajuizou uma a\u00e7\u00e3o civil p\u00fablica contra o respons\u00e1vel pela viagem das v\u00edtimas e vai encaminhar c\u00f3pia da ACP para o MPE\/AL para que a institui\u00e7\u00e3o, aqui no Estado, possa ter subs\u00eddios para adotar as medidas cab\u00edveis.<\/span><\/p>\n<p style=\"text-align: justify;\"><span style=\"font-size: 14pt;\">A investiga\u00e7\u00e3o em Alagoas ficar\u00e1 a cargo do promotor de Justi\u00e7a Luiz Medeiros, titular da 13\u00aa Promotoria de Justi\u00e7a da Capital. Ele vai convocar as crian\u00e7as e os adolescentes que foram ao RJ com a promessa de participar da sele\u00e7\u00e3o para ingressar nos times de futebol, os pais deles e a pessoa respons\u00e1vel pela viagem. O homem foi identificado como Alan Nunes Silva.<\/span><\/p>\n<p style=\"text-align: justify;\"><span style=\"font-size: 14pt;\">\u201cComo se deu a abordagem a esses meninos? Os pais deram autoriza\u00e7\u00e3o por escrito, permitindo a viagem? De que forma eles estavam sendo tratados? Havia alimenta\u00e7\u00e3o? Estavam matriculados em alguma escola da cidade? E a empresa de \u00f4nibus que os transportou, verificou a situa\u00e7\u00e3o da autoriza\u00e7\u00e3o? Ser\u00e1 que esse ve\u00edculo n\u00e3o era clandestino? Todas essas s\u00e3o perguntas que precisam ser respondidas. Queremos ouvir os pais, as v\u00edtimas e o respons\u00e1vel por tudo isso\u201d, explicou o Luiz Medeiros.<\/span><\/p>\n<p style=\"text-align: justify;\"><span style=\"font-size: 14pt;\">Segundo ele, o procedimento ser\u00e1 instaurado a partir da chegada da c\u00f3pia da a\u00e7\u00e3o civil p\u00fablica proposta pelo MP do Rio de Janeiro. \u201cEsse material nos ajudar\u00e1 a dar os encaminhamentos necess\u00e1rios. Ser\u00e1 atrav\u00e9s dele que teremos mais detalhes a respeito do caso\u201d, acrescentou.<\/span><\/p>\n<p style=\"text-align: justify;\"><span style=\"font-size: 14pt;\"><strong>Desdobramentos<\/strong><\/span><\/p>\n<p style=\"text-align: justify;\"><span style=\"font-size: 14pt;\">Como tem a miss\u00e3o de proteger crian\u00e7as e adolescentes, Luiz Medeiros tamb\u00e9m informou que a 13\u00aa Promotoria de Justi\u00e7a da Capital poder\u00e1 adotar provid\u00eancias em desfavor dos respons\u00e1veis pelas v\u00edtimas. \u201cComo medida extrema, caso fique comprovado que os pais autorizaram a viagem sem conhecer o tipo de tratamento que seria dado aos seus filhos, submetendo-os a riscos, poderemos pedir a suspens\u00e3o ou a extin\u00e7\u00e3o do poder familiar. J\u00e1 com rela\u00e7\u00e3o ao homem acusado de ter levado as crian\u00e7as e os adolescentes para o Rio, se constatarmos que houve m\u00e1-f\u00e9 e dolo por parte dele, tendo o mesmo enganado a todo mundo, vamos encaminhar os autos a uma promotoria criminal para que ele seja responsabilizado na forma da lei\u201d, detalhou o promotor de Justi\u00e7a.<\/span><\/p>\n<p style=\"text-align: justify;\"><span style=\"font-size: 14pt;\">Dentre as 38 crian\u00e7as, adolescentes e jovens, tamb\u00e9m h\u00e1 maiores de idade. Sobre estes, a 13\u00aa Promotoria de Justi\u00e7a da Capital encaminhar\u00e1 detalhes sobre o caso para uma Promotoria de Justi\u00e7a de Fam\u00edlia.<\/span><\/p>\n","protected":false},"excerpt":{"rendered":"<p> [&hellip;]<\/p>\n","protected":false},"author":4,"featured_media":11815,"comment_status":"open","ping_status":"open","sticky":false,"template":"","format":"standard","meta":{"om_disable_all_campaigns":false,"_monsterinsights_skip_tracking":false,"_monsterinsights_sitenote_active":false,"_monsterinsights_sitenote_note":"","_monsterinsights_sitenote_category":0,"_uf_show_specific_survey":0,"_uf_disable_surveys":false,"footnotes":""},"categories":[2],"tags":[],"class_list":["post-11814","post","type-post","status-publish","format-standard","has-post-thumbnail","hentry","category-not_mpal"],"aioseo_notices":[],"_links":{"self":[{"href":"https:\/\/www.mpal.mp.br\/index.php?rest_route=\/wp\/v2\/posts\/11814","targetHints":{"allow":["GET"]}}],"collection":[{"href":"https:\/\/www.mpal.mp.br\/index.php?rest_route=\/wp\/v2\/posts"}],"about":[{"href":"https:\/\/www.mpal.mp.br\/index.php?rest_route=\/wp\/v2\/types\/post"}],"author":[{"embeddable":true,"href":"https:\/\/www.mpal.mp.br\/index.php?rest_route=\/wp\/v2\/users\/4"}],"replies":[{"embeddable":true,"href":"https:\/\/www.mpal.mp.br\/index.php?rest_route=%2Fwp%2Fv2%2Fcomments&post=11814"}],"version-history":[{"count":1,"href":"https:\/\/www.mpal.mp.br\/index.php?rest_route=\/wp\/v2\/posts\/11814\/revisions"}],"predecessor-version":[{"id":11817,"href":"https:\/\/www.mpal.mp.br\/index.php?rest_route=\/wp\/v2\/posts\/11814\/revisions\/11817"}],"wp:featuredmedia":[{"embeddable":true,"href":"https:\/\/www.mpal.mp.br\/index.php?rest_route=\/wp\/v2\/media\/11815"}],"wp:attachment":[{"href":"https:\/\/www.mpal.mp.br\/index.php?rest_route=%2Fwp%2Fv2%2Fmedia&parent=11814"}],"wp:term":[{"taxonomy":"category","embeddable":true,"href":"https:\/\/www.mpal.mp.br\/index.php?rest_route=%2Fwp%2Fv2%2Fcategories&post=11814"},{"taxonomy":"post_tag","embeddable":true,"href":"https:\/\/www.mpal.mp.br\/index.php?rest_route=%2Fwp%2Fv2%2Ftags&post=11814"}],"curies":[{"name":"wp","href":"https:\/\/api.w.org\/{rel}","templated":true}]}}