{"id":11805,"date":"2015-11-23T11:45:38","date_gmt":"2015-11-23T13:45:38","guid":{"rendered":"https:\/\/www.mpal.mp.br\/?p=11805"},"modified":"2022-07-11T11:45:58","modified_gmt":"2022-07-11T14:45:58","slug":"fpi-faz-coleta-de-agua-no-sao-francisco-para-analisar-se-ainda-existem-os-efeitos-da-mancha-escura","status":"publish","type":"post","link":"https:\/\/www.mpal.mp.br\/?p=11805","title":{"rendered":"FPI faz coleta de \u00e1gua no S\u00e3o Francisco para analisar se ainda existem os efeitos da mancha escura"},"content":{"rendered":"<p style=\"text-align: justify;\"><span style=\"font-size: 14pt;\">Se a Fiscaliza\u00e7\u00e3o Preventiva Integrada (FPI) da Bacia Hidrogr\u00e1fica do Rio S\u00e3o Francisco existe para proteger o rio considerado da integra\u00e7\u00e3o nacional, tamb\u00e9m \u00e9 sua atribui\u00e7\u00e3o cuidar da qualidade da \u00e1gua desse manancial que corta cinco estados brasileiros: Minas Gerais, Bahia, Sergipe, Pernambuco e Alagoas. Neste domingo (22), os t\u00e9cnicos da FPI percorreram cerca de 55 quil\u00f4metros do \u201cVelho Chico\u201d, coletaram dezenas de amostras e, agora, essa \u00e1gua ser\u00e1 submetida a an\u00e1lises laboratoriais para confirmar se ela pode mesmo continuar servindo de abastecimento para munic\u00edpios do Sert\u00e3o alagoano. E a boa not\u00edcia que chega com essa fiscaliza\u00e7\u00e3o in locu \u00e9 que aquela mancha escura que surgiu em abril \u00faltimo j\u00e1 n\u00e3o consegue mais ser vista visualmente, o que reacende a esperan\u00e7a de que a qualidade da \u00e1gua, de fato, n\u00e3o est\u00e1 mais sendo t\u00e3o afetada.<\/span><\/p>\n<p style=\"text-align: justify;\"><span style=\"font-size: 14pt;\">Um dos maiores problemas enfrentados pelo povo sertanejo \u00e9 a seca. E se j\u00e1 \u00e9 dif\u00edcil conviver com esse problema, que acaba se tornando social, al\u00e9m de ser clim\u00e1tico, dificuldade ainda maior passam a enfrentar essas comunidades quando o abastecimento de \u00e1gua, que normalmente j\u00e1 \u00e9 deficiente, atinge o dia a dia desse povo. Foi o que ocorreu num passado recente, mais precisamente em abril e junho \u00faltimos, quando uma mancha escura surgiu no Rio S\u00e3o Francisco, nas imedia\u00e7\u00f5es do munic\u00edpio de Delmiro Gouveia. A primeira suspeita foi de que houvera um derramamento de \u00f3leo, por\u00e9m, ap\u00f3s an\u00e1lises feitas em laborat\u00f3rio, descobriu-se que na verdade aquilo eram algas invasoras, antes nunca surgidas nas \u00e1guas no \u201cVelho Chico\u201d.\u00a0<\/span><\/p>\n<p><span style=\"font-size: 14pt;\"><strong>FPI faz coletas<\/strong><\/span><\/p>\n<p style=\"text-align: justify;\"><span style=\"font-size: 14pt;\">O Instituto do Meio Ambiente (IMA) e o Instituto Brasileiro do Meio Ambiente e dos Recursos Naturais Renov\u00e1veis (Ibama) est\u00e3o estudando a causa daquela mancha que obrigou a Companhia de Abastecimento de Alagoas (Casal) a suspender o fornecimento de \u00e1gua para milhares de pessoas por um per\u00edodo de duas semanas, em meses diferentes.\u00a0<\/span><br \/>\n<span style=\"font-size: 14pt;\">E como as investiga\u00e7\u00f5es continuam, j\u00e1 que o estudo ainda n\u00e3o foi conclu\u00eddo, uma nova coleta foi realizada durante esse domingo. Dessa vez, foi a FPI que, aproveitando a presen\u00e7a dos t\u00e9cnicos do Ibama no programa, tomou para si a responsabilidade de fazer a 5\u00aa coleta. Foram percorridos 55 quil\u00f4metros entre as cidades de Piranhas (AL) e Paulo Afonso (BA) e, neles, os analistas ambientais recolheram \u00e1gua em 10 pontos diferentes, todos dentro do reservat\u00f3rio da Usina Hidrel\u00e9trica de Xing\u00f3.\u00a0<\/span><br \/>\n<span style=\"font-size: 14pt;\">O material recolhido ser\u00e1 analisado pelo Laborat\u00f3rio de Hidroqu\u00edmica da Universidade Federal de Alagoas (Ufal) e caber\u00e1 ao professor doutor Paulo Petter, apresentar os resultados.\u00a0<\/span><\/p>\n<p><span style=\"font-size: 14pt;\"><strong>Cianobact\u00e9rias<\/strong><\/span><\/p>\n<p style=\"text-align: justify;\"><span style=\"font-size: 14pt;\">Ap\u00f3s o trabalho deste domingo, a FPI vai querer saber se as cianobact\u00e9rias ainda continuam presentes nas \u00e1guas do Rio S\u00e3o Francisco. \u201cJ\u00e1 hav\u00edamos feito quatro coletas. Isso vem ocorrendo desde abril, quando aconteceu aquele fen\u00f4meno. Todos os relat\u00f3rios apontaram para um processo de eutrofiza\u00e7\u00e3o, que \u00e9 o enriquecimento do ambiente com nutrientes e flora\u00e7\u00e3o de algas de uma esp\u00e9cie de dinoflagelados. Nesse caso, essa esp\u00e9cie invasora conseguiu se multiplicar, dominar aquele ecossistema e sua abund\u00e2ncia modificou a cor da \u00e1gua, dando-a uma colora\u00e7\u00e3o marrom e preta. E o \u00faltimo estudo comprovou um fato ainda mais grave, as cianobact\u00e9rias se proliferaram nas \u00e1guas do Lago do Xing\u00f3\u201d, explicou Rivaldo Couto, analista ambiental do Ibama e integrante do N\u00facleo de Emerg\u00eancias Ambientais do \u00f3rg\u00e3o.\u00a0<\/span><br \/>\n<span style=\"font-size: 14pt;\">\u201cO perigo das cianobact\u00e9rias \u00e9 que elas podem ser extremamente agressivas \u00e0 sa\u00fade humana. S\u00e3o microalgas que podem causar desde uma simples diarreia, passando por problemas no trato intestinal, at\u00e9 a morte. Nesse \u00faltimo caso, isso pode ocorrer se elas forem consumidas em concentra\u00e7\u00e3o elevada\u201d, acrescentou Rivaldo Couto. \u00a0<\/span><\/p>\n<p><span style=\"font-size: 14pt;\"><strong>O que ser\u00e1 analisado<\/strong><\/span><\/p>\n<p style=\"text-align: justify;\"><span style=\"font-size: 14pt;\">A FPI recolheu a \u00e1gua de diferentes formas. Atrav\u00e9s da sonda multiparam\u00e9trica, v\u00e1rios par\u00e2metros ser\u00e3o mensurados, a exemplo de temperatura, satura\u00e7\u00e3o, oxig\u00eanio, PH e turbidez.<\/span><\/p>\n<p style=\"text-align: justify;\"><span style=\"font-size: 14pt;\">J\u00e1 as amostras que foram acondicionadas nos frascos ser\u00e3o avaliadas quanto a clorofila, os s\u00f3lidos em suspens\u00e3o (que aferem todo o material org\u00e2nico e mineral contido na \u00e1gua) e nitrog\u00eanio e f\u00f3sforo (que podem ser ind\u00edcios da entrada de esgoto dentro do rio).\u00a0<\/span><br \/>\n<span style=\"font-size: 14pt;\">Um outro equipamento coletou mais \u00e1gua para que pudesse ser medida a quantidade de fitopl\u00e2ncton no manancial. O resultado apontar\u00e1 as esp\u00e9cies e a densidade das microalgas encontradas.<\/span><\/p>\n<p style=\"text-align: justify;\"><span style=\"font-size: 14pt;\">\u201cTodo esse material ser\u00e1 avaliado para que possamos saber se a \u00e1gua est\u00e1 dentro dos padr\u00f5es estabelecidos em legisla\u00e7\u00e3o pr\u00f3pria para o devido consumo humano. Tanto a Portaria n\u00ba 29 do Minist\u00e9rio da Sa\u00fade (MS), quanto a Resolu\u00e7\u00e3o n\u00ba 357\/07 do Conselho Nacional do Meio Ambiente (Conama) estabelecem os limites permitidos de c\u00e9lulas dentro da \u00e1gua. Caso esses valores estejam alterados, \u00e9 prov\u00e1vel que a \u00e1gua tenha sofrido algum tipo de degrada\u00e7\u00e3o ambiental, tornando-se impr\u00f3pria para o consumo. E se isso ocorrer, \u00e9 necess\u00e1rio um monitoramento mais detalhado a fim de assegurar a sa\u00fade da popula\u00e7\u00e3o\u201d, esclareceu Roberto Wagner, tamb\u00e9m analista ambiental.<\/span><\/p>\n<p style=\"text-align: justify;\"><span style=\"font-size: 14pt;\">\u201cA FPI \u00e9 movida pelo sentimento de proteger o Rio S\u00e3o Francisco. Oferecemo-nos para ajudar nesse processo porque queremos mesmo fazer parte dele. \u00c9 nossa responsabilidade trabalhar para defender os patrim\u00f4nios ambiental, natural e cultural do Velho Chico e quaisquer coisas relacionadas a ele nos interessa, torna-se importante para cada uma das 24 institui\u00e7\u00f5es que comp\u00f5em a Fiscaliza\u00e7\u00e3o Preventiva Integrada. Ficaremos monitorando essa investiga\u00e7\u00e3o quanto a qualidade da \u00e1gua e, t\u00e3o logo ela seja finalizada, vamos discutir de que forma poderemos ajudar. De todo modo, j\u00e1 fomos comunicados que a mancha praticamente pode mais ser vista, o que j\u00e1 \u00e9 um bom sinal. Mas, enquanto o laudo final n\u00e3o fica pronto, seguiremos firmes no prop\u00f3sito de cuidar desse rio que, h\u00e1 tempos, j\u00e1 \u00e9 considerado da integra\u00e7\u00e3o nacional\u201d, finalizou o promotor de Justi\u00e7a Alberto Fonseca, coordenador da FPI do S\u00e3o Francisco.<\/span><\/p>\n","protected":false},"excerpt":{"rendered":"<p> [&hellip;]<\/p>\n","protected":false},"author":2,"featured_media":11806,"comment_status":"open","ping_status":"open","sticky":false,"template":"","format":"standard","meta":{"om_disable_all_campaigns":false,"_monsterinsights_skip_tracking":false,"_monsterinsights_sitenote_active":false,"_monsterinsights_sitenote_note":"","_monsterinsights_sitenote_category":0,"_uf_show_specific_survey":0,"_uf_disable_surveys":false,"footnotes":""},"categories":[38],"tags":[],"class_list":["post-11805","post","type-post","status-publish","format-standard","has-post-thumbnail","hentry","category-not_fpi"],"aioseo_notices":[],"_links":{"self":[{"href":"https:\/\/www.mpal.mp.br\/index.php?rest_route=\/wp\/v2\/posts\/11805","targetHints":{"allow":["GET"]}}],"collection":[{"href":"https:\/\/www.mpal.mp.br\/index.php?rest_route=\/wp\/v2\/posts"}],"about":[{"href":"https:\/\/www.mpal.mp.br\/index.php?rest_route=\/wp\/v2\/types\/post"}],"author":[{"embeddable":true,"href":"https:\/\/www.mpal.mp.br\/index.php?rest_route=\/wp\/v2\/users\/2"}],"replies":[{"embeddable":true,"href":"https:\/\/www.mpal.mp.br\/index.php?rest_route=%2Fwp%2Fv2%2Fcomments&post=11805"}],"version-history":[{"count":2,"href":"https:\/\/www.mpal.mp.br\/index.php?rest_route=\/wp\/v2\/posts\/11805\/revisions"}],"predecessor-version":[{"id":11808,"href":"https:\/\/www.mpal.mp.br\/index.php?rest_route=\/wp\/v2\/posts\/11805\/revisions\/11808"}],"wp:featuredmedia":[{"embeddable":true,"href":"https:\/\/www.mpal.mp.br\/index.php?rest_route=\/wp\/v2\/media\/11806"}],"wp:attachment":[{"href":"https:\/\/www.mpal.mp.br\/index.php?rest_route=%2Fwp%2Fv2%2Fmedia&parent=11805"}],"wp:term":[{"taxonomy":"category","embeddable":true,"href":"https:\/\/www.mpal.mp.br\/index.php?rest_route=%2Fwp%2Fv2%2Fcategories&post=11805"},{"taxonomy":"post_tag","embeddable":true,"href":"https:\/\/www.mpal.mp.br\/index.php?rest_route=%2Fwp%2Fv2%2Ftags&post=11805"}],"curies":[{"name":"wp","href":"https:\/\/api.w.org\/{rel}","templated":true}]}}