{"id":11804,"date":"2014-10-24T11:44:56","date_gmt":"2014-10-24T13:44:56","guid":{"rendered":"https:\/\/www.mpal.mp.br\/?p=11804"},"modified":"2022-07-11T11:47:14","modified_gmt":"2022-07-11T14:47:14","slug":"socioeducacao-projeto-estrategico-debate-integracao-de-liberdade-assistida-e-prestacao-de-servico-a-comunidade-de-maceio","status":"publish","type":"post","link":"https:\/\/www.mpal.mp.br\/?p=11804","title":{"rendered":"Socioeduca\u00e7\u00e3o: Projeto estrat\u00e9gico debate integra\u00e7\u00e3o de liberdade assistida e presta\u00e7\u00e3o de servi\u00e7o \u00e0 comunidade de Macei\u00f3"},"content":{"rendered":"<p style=\"text-align: justify;\"><span style=\"font-size: 14pt;\">Promotores de Justi\u00e7a e servidores do Minist\u00e9rio P\u00fablico do Estado de Alagoas (MPE\/AL) que integram o projeto estrat\u00e9gico \u201cSocioeduca\u00e7\u00e3o: lugar de adolescente \u00e9 em casa\u201d realizaram, nesta sexta-feira (24), uma reuni\u00e3o com entidades governamentais para apresentar uma proposta de integra\u00e7\u00e3o do servi\u00e7o de liberdade assistida (LA) e presta\u00e7\u00e3o de servi\u00e7o \u00e0 comunidade (PSC) em Macei\u00f3 em benef\u00edcio de socioeducandos.<\/span><\/p>\n<p style=\"text-align: justify;\"><span style=\"font-size: 14pt;\">O Minist\u00e9rio P\u00fablico defende que o adolescente e o jovem cumpra medida socioeducativa em meio aberto, com apoio da fam\u00edlia. Para isso, tanto o menor quanto os familiares devem ter garantido pelo poder p\u00fablico o acesso aos servi\u00e7os e pol\u00edticas necess\u00e1rios a ele, a exemplo do Sistema \u00danicos de Sa\u00fade (SUS), Sistema \u00danico de Assist\u00eancia Social (SUAS) e da rede p\u00fablica de educa\u00e7\u00e3o.<\/span><\/p>\n<p style=\"text-align: justify;\"><span style=\"font-size: 14pt;\">Segundo a gerente do projeto, promotora de Justi\u00e7a Alexandra Beurlen, a fam\u00edlia, a sociedade e o Estado precisam ter clareza de sua responsabilidade no cuidado com o socioeducando. \u201cA aten\u00e7\u00e3o aos adolescentes e jovens deve ser integral. N\u00e3o se pode esquecer de que tratamos de um sujeito de direitos, em desenvolvimento, cuja viola\u00e7\u00e3o de quaisquer de seus direitos essenciais interfere profundamente em todo o seu processo socioeducativo\u201d, disse.<\/span><\/p>\n<p style=\"text-align: justify;\"><span style=\"font-size: 14pt;\">O defensor p\u00fablico F\u00e1bio Passos de Abreu, que atua na 1\u00aa Vara Criminal da Inf\u00e2ncia e da Juventude da Capital, e representantes de Centro de Refer\u00eancia Especializado de Assist\u00eancia Social (Creas) e de Centros de Refer\u00eancias de Assist\u00eancia Social (Cras) estiveram presentes na reuni\u00e3o realizada na sede da Procuradoria Geral de Justi\u00e7a, no bairro do Po\u00e7o.<\/span><\/p>\n<p style=\"text-align: justify;\"><span style=\"font-size: 14pt;\">Al\u00e9m de Alexandra Beurlen, fazem parte do projeto os promotores de Justi\u00e7a Adriana Gomes Moreira dos Santos e Rog\u00e9rio Paranhos. Os servidores Ednaldo Miguel da Silva J\u00fanior, Jo\u00e3o Alcides de S\u00e1 Cerqueira, Victor Hugo Lessa Pierre e M\u00e1rcia de Oliveira Barros tamb\u00e9m integram a iniciativa.<\/span><\/p>\n<p style=\"text-align: justify;\"><span style=\"font-size: 14pt;\"><strong>Projeto estrat\u00e9gico<\/strong><\/span><\/p>\n<p style=\"text-align: justify;\"><span style=\"font-size: 14pt;\">Com o apoio da Assessoria de Planejamento e Gest\u00e3o Estrat\u00e9gica do MPE\/AL, por meio do Escrit\u00f3rio de Projetos Estrat\u00e9gicos, a iniciativa foi elaborada com o objetivo de contribuir para a implanta\u00e7\u00e3o, organiza\u00e7\u00e3o, funcionamento e aprimoramento da atua\u00e7\u00e3o do Creas em todo o Estado de Alagoas, em especial, no \u00e2mbito de medidas socioeducativas em meio aberto.<\/span><\/p>\n<p style=\"text-align: justify;\"><span style=\"font-size: 14pt;\">Para isso, o Minist\u00e9rio P\u00fablico vai diagnosticar a abrang\u00eancia e a estrutura dos Creas existentes no estado, bem como a qualidade da liberdade assistida e presta\u00e7\u00e3o de servi\u00e7os comunit\u00e1rios praticados pelos munic\u00edpios.<\/span><\/p>\n<p style=\"text-align: justify;\"><span style=\"font-size: 14pt;\">Durante o desenvolvimento da iniciativa estrat\u00e9gica, a equipe vai ofertar assist\u00eancia e apoio na atua\u00e7\u00e3o dos membros do Minist\u00e9rio P\u00fablico que possuam atribui\u00e7\u00e3o para atuar na \u00e1rea de Inf\u00e2ncia e Juventude, inclusive na ado\u00e7\u00e3o de medidas extrajudiciais e judicias para o aperfei\u00e7oamento dos Creas existentes e implementa\u00e7\u00e3o dos servi\u00e7os de LA e PSC ofertados.<\/span><\/p>\n<p style=\"text-align: justify;\"><span style=\"font-size: 14pt;\">No final do projeto, em mar\u00e7o de 2016, ser\u00e1 apresentado um diagn\u00f3stico final, com elabora\u00e7\u00e3o de relat\u00f3rio, que descrever\u00e1 a situa\u00e7\u00e3o dos Creas em Alagoas, bem como a quantidade e a qualidade dos servi\u00e7os de LA e PSC estaduais.<\/span><\/p>\n","protected":false},"excerpt":{"rendered":"<p> [&hellip;]<\/p>\n","protected":false},"author":4,"featured_media":11809,"comment_status":"open","ping_status":"open","sticky":false,"template":"","format":"standard","meta":{"om_disable_all_campaigns":false,"_monsterinsights_skip_tracking":false,"_monsterinsights_sitenote_active":false,"_monsterinsights_sitenote_note":"","_monsterinsights_sitenote_category":0,"_uf_show_specific_survey":0,"_uf_disable_surveys":false,"footnotes":""},"categories":[2],"tags":[],"class_list":["post-11804","post","type-post","status-publish","format-standard","has-post-thumbnail","hentry","category-not_mpal"],"aioseo_notices":[],"_links":{"self":[{"href":"https:\/\/www.mpal.mp.br\/index.php?rest_route=\/wp\/v2\/posts\/11804","targetHints":{"allow":["GET"]}}],"collection":[{"href":"https:\/\/www.mpal.mp.br\/index.php?rest_route=\/wp\/v2\/posts"}],"about":[{"href":"https:\/\/www.mpal.mp.br\/index.php?rest_route=\/wp\/v2\/types\/post"}],"author":[{"embeddable":true,"href":"https:\/\/www.mpal.mp.br\/index.php?rest_route=\/wp\/v2\/users\/4"}],"replies":[{"embeddable":true,"href":"https:\/\/www.mpal.mp.br\/index.php?rest_route=%2Fwp%2Fv2%2Fcomments&post=11804"}],"version-history":[{"count":1,"href":"https:\/\/www.mpal.mp.br\/index.php?rest_route=\/wp\/v2\/posts\/11804\/revisions"}],"predecessor-version":[{"id":11811,"href":"https:\/\/www.mpal.mp.br\/index.php?rest_route=\/wp\/v2\/posts\/11804\/revisions\/11811"}],"wp:featuredmedia":[{"embeddable":true,"href":"https:\/\/www.mpal.mp.br\/index.php?rest_route=\/wp\/v2\/media\/11809"}],"wp:attachment":[{"href":"https:\/\/www.mpal.mp.br\/index.php?rest_route=%2Fwp%2Fv2%2Fmedia&parent=11804"}],"wp:term":[{"taxonomy":"category","embeddable":true,"href":"https:\/\/www.mpal.mp.br\/index.php?rest_route=%2Fwp%2Fv2%2Fcategories&post=11804"},{"taxonomy":"post_tag","embeddable":true,"href":"https:\/\/www.mpal.mp.br\/index.php?rest_route=%2Fwp%2Fv2%2Ftags&post=11804"}],"curies":[{"name":"wp","href":"https:\/\/api.w.org\/{rel}","templated":true}]}}