{"id":11796,"date":"2014-11-17T11:42:25","date_gmt":"2014-11-17T13:42:25","guid":{"rendered":"https:\/\/www.mpal.mp.br\/?p=11796"},"modified":"2022-07-11T11:44:48","modified_gmt":"2022-07-11T14:44:48","slug":"ministerio-publico-estadual-recebe-socioeducandos-para-aulao-do-enem-exame-para-adolescentes-infratores-acontecera-em-dezembro","status":"publish","type":"post","link":"https:\/\/www.mpal.mp.br\/?p=11796","title":{"rendered":"Minist\u00e9rio P\u00fablico Estadual recebe socioeducandos para aul\u00e3o do Enem; Exame para adolescentes infratores acontecer\u00e1 em dezembro"},"content":{"rendered":"<p style=\"text-align: justify;\"><span style=\"font-size: 14pt;\">Numa iniciativa in\u00e9dita, os adolescentes e jovens que cumprem medida socioeducativa de interna\u00e7\u00e3o na capital e est\u00e3o inscritos para o Exame Nacional do Ensino M\u00e9dio (Enem) participar\u00e3o de um \u201caul\u00e3o\u201d gratuito, nesta segunda-feira (17), no audit\u00f3rio do pr\u00e9dio-sede das Promotorias de Justi\u00e7a da Capital (MPE\/AL), no Barro Duro. O evento ocorre das 14h \u00e0s 17h30 e segue na ter\u00e7a-feira, das 8h \u00e0s 12h.<\/span><\/p>\n<p style=\"text-align: justify;\"><span style=\"font-size: 14pt;\">A ideia partiu da Diretoria de Educa\u00e7\u00e3o da Superintend\u00eancia de Assist\u00eancia Socioeducativa, vinculada \u00e0 Secretaria de Ressocializa\u00e7\u00e3o e Inclus\u00e3o Social (Seris), e contou com o apoio das Promotorias de Justi\u00e7a da Inf\u00e2ncia e da Juventude da Capital, do Juizado da Inf\u00e2ncia e Juventude da Capital e da Defensoria P\u00fablica Estadual.<\/span><\/p>\n<p style=\"text-align: justify;\"><span style=\"font-size: 14pt;\">O col\u00e9gio SEB COC tamb\u00e9m \u00e9 parceiro da iniciativa. A institui\u00e7\u00e3o particular de ensino disponibilizar\u00e1 para a prepara\u00e7\u00e3o dos estudantes uma equipe de professores e material did\u00e1tico, al\u00e9m de camisas do pr\u00f3prio col\u00e9gio.<\/span><\/p>\n<p style=\"text-align: justify;\"><span style=\"font-size: 14pt;\">\u201cA escola demonstra com esse apoio sensibilidade social e compromisso com a causa da inf\u00e2ncia e juventude, uma vez que oferece igualdade de oportunidades aos adolescentes e jovens de Macei\u00f3 que n\u00e3o tiveram um acesso qualificado ao ensino\u201d, disse o promotor de Justi\u00e7a Rog\u00e9rio Paranhos.<\/span><\/p>\n<p style=\"text-align: justify;\"><span style=\"font-size: 14pt;\">Rog\u00e9rio Paranhos afirma que, embora o trabalho educativo ainda esteja no come\u00e7o, \u00e9 poss\u00edvel dar continuidade \u00e0 iniciativa em 2015. \u201cProvavelmente com um maior planejamento e de modo a abranger um per\u00edodo maior de prepara\u00e7\u00e3o\u201d, completa.<\/span><\/p>\n<p style=\"text-align: justify;\"><span style=\"font-size: 14pt;\">No primeiro dia de aul\u00e3o, 18 socioeducandos devem comparecer ao pr\u00e9dio do Minist\u00e9rio P\u00fablico, enquanto na ter\u00e7a-feira, outros 22 acompanhar\u00e3o a revis\u00e3o dos professores. A prova do Enem ser\u00e1 realizada em dezembro para adolescentes e jovens que cumprem medida socioeducativa que incluam priva\u00e7\u00e3o de liberdade.<\/span><\/p>\n","protected":false},"excerpt":{"rendered":"<p> [&hellip;]<\/p>\n","protected":false},"author":4,"featured_media":11799,"comment_status":"open","ping_status":"open","sticky":false,"template":"","format":"standard","meta":{"om_disable_all_campaigns":false,"_monsterinsights_skip_tracking":false,"_monsterinsights_sitenote_active":false,"_monsterinsights_sitenote_note":"","_monsterinsights_sitenote_category":0,"_uf_show_specific_survey":0,"_uf_disable_surveys":false,"footnotes":""},"categories":[2],"tags":[],"class_list":["post-11796","post","type-post","status-publish","format-standard","has-post-thumbnail","hentry","category-not_mpal"],"aioseo_notices":[],"_links":{"self":[{"href":"https:\/\/www.mpal.mp.br\/index.php?rest_route=\/wp\/v2\/posts\/11796","targetHints":{"allow":["GET"]}}],"collection":[{"href":"https:\/\/www.mpal.mp.br\/index.php?rest_route=\/wp\/v2\/posts"}],"about":[{"href":"https:\/\/www.mpal.mp.br\/index.php?rest_route=\/wp\/v2\/types\/post"}],"author":[{"embeddable":true,"href":"https:\/\/www.mpal.mp.br\/index.php?rest_route=\/wp\/v2\/users\/4"}],"replies":[{"embeddable":true,"href":"https:\/\/www.mpal.mp.br\/index.php?rest_route=%2Fwp%2Fv2%2Fcomments&post=11796"}],"version-history":[{"count":1,"href":"https:\/\/www.mpal.mp.br\/index.php?rest_route=\/wp\/v2\/posts\/11796\/revisions"}],"predecessor-version":[{"id":11801,"href":"https:\/\/www.mpal.mp.br\/index.php?rest_route=\/wp\/v2\/posts\/11796\/revisions\/11801"}],"wp:featuredmedia":[{"embeddable":true,"href":"https:\/\/www.mpal.mp.br\/index.php?rest_route=\/wp\/v2\/media\/11799"}],"wp:attachment":[{"href":"https:\/\/www.mpal.mp.br\/index.php?rest_route=%2Fwp%2Fv2%2Fmedia&parent=11796"}],"wp:term":[{"taxonomy":"category","embeddable":true,"href":"https:\/\/www.mpal.mp.br\/index.php?rest_route=%2Fwp%2Fv2%2Fcategories&post=11796"},{"taxonomy":"post_tag","embeddable":true,"href":"https:\/\/www.mpal.mp.br\/index.php?rest_route=%2Fwp%2Fv2%2Ftags&post=11796"}],"curies":[{"name":"wp","href":"https:\/\/api.w.org\/{rel}","templated":true}]}}