{"id":11784,"date":"2015-03-23T11:32:27","date_gmt":"2015-03-23T14:32:27","guid":{"rendered":"https:\/\/www.mpal.mp.br\/?p=11784"},"modified":"2022-07-11T11:34:25","modified_gmt":"2022-07-11T14:34:25","slug":"promotora-de-justica-participa-de-encontro-sobre-rede-de-protecao-a-crianca-e-ao-adolescente","status":"publish","type":"post","link":"https:\/\/www.mpal.mp.br\/?p=11784","title":{"rendered":"Promotora de Justi\u00e7a participa de encontro sobre rede de prote\u00e7\u00e3o \u00e0 crian\u00e7a e ao adolescente"},"content":{"rendered":"<p style=\"text-align: justify;\"><span style=\"font-size: 14pt;\">A promotora de Justi\u00e7a Maria Jos\u00e9 Alves apresentou, nesta segunda-feira (23), o entendimento do Minist\u00e9rio P\u00fablico do Estado de Alagoas (MPE\/AL) sobre a rela\u00e7\u00e3o entre a viol\u00eancia dom\u00e9stica e familiar contra a mulher e a viol\u00eancia contra menores, durante o I Encontro sobre Rede de Prote\u00e7\u00e3o \u00e0 Crian\u00e7a e ao Adolescente. O evento da Secretaria Municipal de Educa\u00e7\u00e3o (Semed), por meio do Centro de Aten\u00e7\u00e3o Integrada \u00e0 Crian\u00e7a e o Adolescente (Caica), ocorreu no audit\u00f3rio da Escola Superior da Magistratura (Esmal).<\/span><\/p>\n<p style=\"text-align: justify;\"><span style=\"font-size: 14pt;\">Para a promotora, quando uma m\u00e3e de fam\u00edlia \u00e9 v\u00edtima de viol\u00eancia, muitas vezes, seus filhos tamb\u00e9m sofrem com agress\u00f5es f\u00edsicas e emocionais. \u201cAs redes de prote\u00e7\u00e3o \u00e0 mulher e \u00e0s crian\u00e7as e adolescente trabalham praticamente com o mesmo p\u00fablico. Esses jovens acompanham o sofrimento da m\u00e3e sem poder fazer nada, perdem aulas porque a respons\u00e1vel machucada n\u00e3o pode lev\u00e1-los \u00e0 escola. H\u00e1, no m\u00ednimo, um impacto psicol\u00f3gico a esses menores. Portanto, a aplica\u00e7\u00e3o da Lei Maria da Penha deve ser acompanhada pela den\u00fancia do agressor junto a \u00f3rg\u00e3os de defesa da inf\u00e2ncia e juventude\u201d, destacou.<\/span><\/p>\n<p style=\"text-align: justify;\"><span style=\"font-size: 14pt;\">A titular Promotoria de Justi\u00e7a de Combate e Preven\u00e7\u00e3o \u00e0 Viol\u00eancia Dom\u00e9stica e Familiar tamb\u00e9m destacou a import\u00e2ncia da Rede de Prote\u00e7\u00e3o \u00e0 Crian\u00e7a e ao Adolescente atuar de forma integrada. \u201cPor que chamam esta organiza\u00e7\u00e3o coletiva de Rede? Porque lembramos muito o instrumento de trabalho de pescadores, cujas redes t\u00eam n\u00f3s bem firmes, sem buracos ou poder central. Todas as partes t\u00eam papel fundamental para impedir que o alvo da pesca escape. A mesma perspectiva se d\u00e1 sobre nosso trabalho. Poder Judici\u00e1rio, Minist\u00e9rio P\u00fablico, Pol\u00edcia Civil, Conselheiro Tutelares e Defensoria P\u00fablica devem atuar juntos em defesa de nossas crian\u00e7as e adolescentes\u201d, disse.<\/span><\/p>\n<p style=\"text-align: justify;\"><span style=\"font-size: 14pt;\">Maria Jos\u00e9 explicou que, a partir do debate de hoje, as institui\u00e7\u00f5es integrantes da Rede v\u00e3o aumentar a cobran\u00e7a sobre o poder p\u00fablico para que a Rede seja de fato implementada nos munic\u00edpios alagoanos. \u201cPara isso, \u00e9 necess\u00e1rio pol\u00edticas p\u00fablicas que garantam o funcionamento do trabalho integrado. Da mesma forma, precisamos de um constante aperfei\u00e7oamento do agir coletivo das institui\u00e7\u00f5es que se predispuseram a atuar juntas em prol da inf\u00e2ncia e juventude\u201d, completou a promotora de Justi\u00e7a.<\/span><\/p>\n<p style=\"text-align: justify;\"><span style=\"font-size: 14pt;\"><strong>O encontro<\/strong><\/span><\/p>\n<p style=\"text-align: justify;\"><span style=\"font-size: 14pt;\">Al\u00e9m do tema abordado pela promotora de Justi\u00e7\u00e7a, tamb\u00e9m se discutiu a constru\u00e7\u00e3o de cidadania de crian\u00e7as e adolescentes e o papel do conselheiro tutelar, a articula\u00e7\u00e3o da rede de prote\u00e7\u00e3o e poss\u00edveis solu\u00e7\u00f5es para a burocracia na prote\u00e7\u00e3o integral ao menor. Estiveram presentes na plateia coordenadores da Secretaria, conselheiros tutelares, assistentes sociais e t\u00e9cnicos de equipes multidisciplinares do Poder Judici\u00e1rio.<\/span><\/p>\n<p style=\"text-align: justify;\"><span style=\"font-size: 14pt;\">Durante o evento foram disponibilizados v\u00e1rios exemplares atualizados do Estatuto da Crian\u00e7a e do Adolescente (ECA) para todas as escolas da rede. O coordenador-geral de promo\u00e7\u00e3o dos direitos da crian\u00e7a e do adolescente, Valdomiro Pontes Jardim, palestrou sobre as altera\u00e7\u00f5es mais recentes do ECA, que estabeleceu nova concep\u00e7\u00e3o, organiza\u00e7\u00e3o e gest\u00e3o das pol\u00edticas de aten\u00e7\u00e3o a este segmento da sociedade.<\/span><\/p>\n","protected":false},"excerpt":{"rendered":"<p> [&hellip;]<\/p>\n","protected":false},"author":4,"featured_media":11785,"comment_status":"open","ping_status":"open","sticky":false,"template":"","format":"standard","meta":{"om_disable_all_campaigns":false,"_monsterinsights_skip_tracking":false,"_monsterinsights_sitenote_active":false,"_monsterinsights_sitenote_note":"","_monsterinsights_sitenote_category":0,"_uf_show_specific_survey":0,"_uf_disable_surveys":false,"footnotes":""},"categories":[2],"tags":[],"class_list":["post-11784","post","type-post","status-publish","format-standard","has-post-thumbnail","hentry","category-not_mpal"],"aioseo_notices":[],"_links":{"self":[{"href":"https:\/\/www.mpal.mp.br\/index.php?rest_route=\/wp\/v2\/posts\/11784","targetHints":{"allow":["GET"]}}],"collection":[{"href":"https:\/\/www.mpal.mp.br\/index.php?rest_route=\/wp\/v2\/posts"}],"about":[{"href":"https:\/\/www.mpal.mp.br\/index.php?rest_route=\/wp\/v2\/types\/post"}],"author":[{"embeddable":true,"href":"https:\/\/www.mpal.mp.br\/index.php?rest_route=\/wp\/v2\/users\/4"}],"replies":[{"embeddable":true,"href":"https:\/\/www.mpal.mp.br\/index.php?rest_route=%2Fwp%2Fv2%2Fcomments&post=11784"}],"version-history":[{"count":1,"href":"https:\/\/www.mpal.mp.br\/index.php?rest_route=\/wp\/v2\/posts\/11784\/revisions"}],"predecessor-version":[{"id":11786,"href":"https:\/\/www.mpal.mp.br\/index.php?rest_route=\/wp\/v2\/posts\/11784\/revisions\/11786"}],"wp:featuredmedia":[{"embeddable":true,"href":"https:\/\/www.mpal.mp.br\/index.php?rest_route=\/wp\/v2\/media\/11785"}],"wp:attachment":[{"href":"https:\/\/www.mpal.mp.br\/index.php?rest_route=%2Fwp%2Fv2%2Fmedia&parent=11784"}],"wp:term":[{"taxonomy":"category","embeddable":true,"href":"https:\/\/www.mpal.mp.br\/index.php?rest_route=%2Fwp%2Fv2%2Fcategories&post=11784"},{"taxonomy":"post_tag","embeddable":true,"href":"https:\/\/www.mpal.mp.br\/index.php?rest_route=%2Fwp%2Fv2%2Ftags&post=11784"}],"curies":[{"name":"wp","href":"https:\/\/api.w.org\/{rel}","templated":true}]}}