{"id":11767,"date":"2015-05-12T11:28:03","date_gmt":"2015-05-12T14:28:03","guid":{"rendered":"https:\/\/www.mpal.mp.br\/?p=11767"},"modified":"2022-07-11T11:32:16","modified_gmt":"2022-07-11T14:32:16","slug":"em-evento-da-semed-dalva-tenorio-palestra-sobre-a-atuacao-do-mpe-al-no-combate-a-violencia-sexual-contra-criancas-e-adolescentes","status":"publish","type":"post","link":"https:\/\/www.mpal.mp.br\/?p=11767","title":{"rendered":"Em evento da SEMED, Dalva Ten\u00f3rio palestra sobre a atua\u00e7\u00e3o do MPE\/AL no combate \u00e0 viol\u00eancia sexual contra crian\u00e7as e adolescentes"},"content":{"rendered":"<p style=\"text-align: justify;\"><span style=\"font-size: 14pt;\">Idealizadora da campanha \u201cCom Crian\u00e7a N\u00e3o se Brinca\u201d, a promotora de Justi\u00e7a Dalva Vanderlei Ten\u00f3rio participar\u00e1, na pr\u00f3xima quinta-feira (14), do semin\u00e1rio \u201cO Papel da Educa\u00e7\u00e3o na Mobiliza\u00e7\u00e3o da Rede de Prote\u00e7\u00e3o de Crian\u00e7as e Adolescentes para o Enfrentamento da Viol\u00eancia Sexual\u201d, realizado pela Secretaria Municipal de Educa\u00e7\u00e3o de Macei\u00f3. O evento ocorrer\u00e1 no Hotel Jati\u00faca, no bairro de Mangabeiras, a partir das 8h30.<\/span><\/p>\n<p style=\"text-align: justify;\"><span style=\"font-size: 14pt;\">Na ocasi\u00e3o, a promotora de Justi\u00e7a participar\u00e1 do painel \u201cO Papel da Rede de prote\u00e7\u00e3o: sinergias com a Rede Municipal de Educa\u00e7\u00e3o\u201d, no qual abordar\u00e1 a atua\u00e7\u00e3o do Minist\u00e9rio P\u00fablico do Estado de Alagoas em casos de viol\u00eancias sexual contra crian\u00e7as e adolescentes em Macei\u00f3. Dalva Ten\u00f3rio tamb\u00e9m falar\u00e1 sobre as formas de atua\u00e7\u00e3o conjunta j\u00e1 existentes e poss\u00edveis entre a institui\u00e7\u00e3o ministerial e a Secretaria Municipal de Educa\u00e7\u00e3o em benef\u00edcio dos jovens.<\/span><\/p>\n<p style=\"text-align: justify;\"><span style=\"font-size: 14pt;\"><strong>Com crian\u00e7a n\u00e3o se brinca<\/strong><\/span><\/p>\n<p style=\"text-align: justify;\"><span style=\"font-size: 14pt;\">Em 2013, a promotora de Justi\u00e7a Dalva Ten\u00f3rio comandou a campanha \u201cCom Crian\u00e7a N\u00e3o se Brinca com o objetivo de combater o abuso sexual infanto-juvenil. A iniciativa contou com pe\u00e7as para televis\u00e3o, r\u00e1dio, banners, cartazes e panfletos com o objetivo de minimizar o alto \u00edndice de casos envolvendo essas crian\u00e7as e adolescentes.<\/span><\/p>\n<p style=\"text-align: justify;\"><span style=\"font-size: 14pt;\">S\u00e3o diversas as legisla\u00e7\u00f5es que tipificam como crime a explora\u00e7\u00e3o sexual contra crian\u00e7as e adolescentes. A pr\u00e1tica delitiva encontra respaldo na Constitui\u00e7\u00e3o Federal, no C\u00f3digo Penal, no C\u00f3digo Processo Penal, no Estatuto da Crian\u00e7a e do Adolescente (ECA), na Lei n\u00ba 8072\/1990 &#8211; Lei dos Crimes Hediondos e na Lei n\u00ba 11.829\/2008 \u2013 que altera o Estatuto da Crian\u00e7a e do Adolescente e na Lei n\u00ba 5037.<\/span><\/p>\n","protected":false},"excerpt":{"rendered":"<p> [&hellip;]<\/p>\n","protected":false},"author":4,"featured_media":11764,"comment_status":"open","ping_status":"open","sticky":false,"template":"","format":"standard","meta":{"om_disable_all_campaigns":false,"_monsterinsights_skip_tracking":false,"_monsterinsights_sitenote_active":false,"_monsterinsights_sitenote_note":"","_monsterinsights_sitenote_category":0,"_uf_show_specific_survey":0,"_uf_disable_surveys":false,"footnotes":""},"categories":[2],"tags":[],"class_list":["post-11767","post","type-post","status-publish","format-standard","has-post-thumbnail","hentry","category-not_mpal"],"aioseo_notices":[],"_links":{"self":[{"href":"https:\/\/www.mpal.mp.br\/index.php?rest_route=\/wp\/v2\/posts\/11767","targetHints":{"allow":["GET"]}}],"collection":[{"href":"https:\/\/www.mpal.mp.br\/index.php?rest_route=\/wp\/v2\/posts"}],"about":[{"href":"https:\/\/www.mpal.mp.br\/index.php?rest_route=\/wp\/v2\/types\/post"}],"author":[{"embeddable":true,"href":"https:\/\/www.mpal.mp.br\/index.php?rest_route=\/wp\/v2\/users\/4"}],"replies":[{"embeddable":true,"href":"https:\/\/www.mpal.mp.br\/index.php?rest_route=%2Fwp%2Fv2%2Fcomments&post=11767"}],"version-history":[{"count":1,"href":"https:\/\/www.mpal.mp.br\/index.php?rest_route=\/wp\/v2\/posts\/11767\/revisions"}],"predecessor-version":[{"id":11783,"href":"https:\/\/www.mpal.mp.br\/index.php?rest_route=\/wp\/v2\/posts\/11767\/revisions\/11783"}],"wp:featuredmedia":[{"embeddable":true,"href":"https:\/\/www.mpal.mp.br\/index.php?rest_route=\/wp\/v2\/media\/11764"}],"wp:attachment":[{"href":"https:\/\/www.mpal.mp.br\/index.php?rest_route=%2Fwp%2Fv2%2Fmedia&parent=11767"}],"wp:term":[{"taxonomy":"category","embeddable":true,"href":"https:\/\/www.mpal.mp.br\/index.php?rest_route=%2Fwp%2Fv2%2Fcategories&post=11767"},{"taxonomy":"post_tag","embeddable":true,"href":"https:\/\/www.mpal.mp.br\/index.php?rest_route=%2Fwp%2Fv2%2Ftags&post=11767"}],"curies":[{"name":"wp","href":"https:\/\/api.w.org\/{rel}","templated":true}]}}