{"id":11762,"date":"2015-06-12T11:24:51","date_gmt":"2015-06-12T14:24:51","guid":{"rendered":"https:\/\/www.mpal.mp.br\/?p=11762"},"modified":"2022-07-11T11:27:58","modified_gmt":"2022-07-11T14:27:58","slug":"promotora-dalva-vanderlei-tenorio-recebe-comenda-neide-castanha-pela-camara-municipal-de-maceio","status":"publish","type":"post","link":"https:\/\/www.mpal.mp.br\/?p=11762","title":{"rendered":"Promotora Dalva Vanderlei Ten\u00f3rio recebe Comenda Neide Castanha pela C\u00e2mara Municipal de Macei\u00f3"},"content":{"rendered":"<p style=\"text-align: justify;\"><span style=\"font-size: 14pt;\">A promotora de Justi\u00e7a Dalva Vanderlei Ten\u00f3rio ser\u00e1 homenageada pela C\u00e2mara Municipal de Macei\u00f3 com a Comenda Neide Castanha, na pr\u00f3xima\u00a0segunda-feira (15\/06), \u00e0s 9h. A honraria ser\u00e1 concedida pelas relevantes a\u00e7\u00f5es cont\u00ednuas e merit\u00f3rias desenvolvidas\u00a0por ela, como membro do Minist\u00e9rio P\u00fablico do Estado de Alagoas,\u00a0na luta contra o abuso e explora\u00e7\u00e3o sexual de crian\u00e7as e adolescentes.<\/span><\/p>\n<p style=\"text-align: justify;\"><span style=\"font-size: 14pt;\">Titular da Promotoria Especial Criminal de Infra\u00e7\u00f5es de Tr\u00e2nsito, a promotora idealizou e coordenou a campanha \u201cCom Crian\u00e7a N\u00e3o se Brinca\u201d.<\/span><\/p>\n<p style=\"text-align: justify;\"><span style=\"font-size: 14pt;\"><strong>A Comenda<\/strong><\/span><\/p>\n<p style=\"text-align: justify;\"><span style=\"font-size: 14pt;\">A comenda Neide Castanha foi criada em 2010 para reconhecer institui\u00e7\u00f5es p\u00fablicas e privadas, al\u00e9m de personalidades da sociedade civil pela contribui\u00e7\u00e3o nas a\u00e7\u00f5es de luta contra o abuso e explora\u00e7\u00e3o sexual de crian\u00e7as e adolescentes.<\/span><\/p>\n<p style=\"text-align: justify;\"><span style=\"font-size: 14pt;\">Recebe o nome de Neide Castanha, pois ela foi uma reconhecida defensora dos direitos humanos que dedicou parte de sua vida a lutar contra a viol\u00eancia a que s\u00e3o submetidas crian\u00e7as e adolescentes no Brasil.<\/span><\/p>\n<p style=\"text-align: justify;\"><span style=\"font-size: 14pt;\">A atua\u00e7\u00e3o desta mulher not\u00e1vel fez dela uma singular refer\u00eancia, no Brasil e no mundo, no que diz respeito ao enfrentamento da viol\u00eancia sexual contra crian\u00e7as e adolescentes. Participou ativamente do processo de constru\u00e7\u00e3o do Estatuto da Crian\u00e7a e do Adolescente e da cria\u00e7\u00e3o do Plano Nacional de Enfrentamento da Viol\u00eancia Sexual contra Crian\u00e7as e Adolescentes. Sua atua\u00e7\u00e3o foi fundamental no processo de discuss\u00e3o e investiga\u00e7\u00e3o como membro t\u00e9cnico da Comiss\u00e3o Parlamentar Mista de Inqu\u00e9rito (CPMI), que investigou redes de explora\u00e7\u00e3o sexual de crian\u00e7as e adolescentes no Brasil.<\/span><\/p>\n<p style=\"text-align: justify;\"><span style=\"font-size: 14pt;\">Foi fundadora e coordenadora do Centro de Refer\u00eancia, Estudos e A\u00e7\u00f5es sobre Crian\u00e7as e Adolescentes (Cecria) e Secret\u00e1ria Executiva do Comit\u00ea Nacional de Enfrentamento \u00e0 Viol\u00eancia Sexual contra Crian\u00e7as e Adolescentes.<\/span><\/p>\n<p style=\"text-align: justify;\"><span style=\"font-size: 14pt;\"><strong>Com crian\u00e7a n\u00e3o se brinca<\/strong><\/span><\/p>\n<p style=\"text-align: justify;\"><span style=\"font-size: 14pt;\">Em 2013, a promotora de Justi\u00e7a Dalva Ten\u00f3rio comandou a campanha \u201cCom Crian\u00e7a N\u00e3o se Brinca.<\/span><\/p>\n<p style=\"text-align: justify;\"><span style=\"font-size: 14pt;\">A campanha,\u00a0que teve como objetivo o combater ao abuso sexual infanto-juvenil,\u00a0foi divulgada por meio dos diversos ve\u00edculos de comunica\u00e7\u00e3o, como televis\u00e3o, r\u00e1dio, banners, cartazes e panfletos.<\/span><\/p>\n<p style=\"text-align: justify;\"><span style=\"font-size: 14pt;\">S\u00e3o diversas as legisla\u00e7\u00f5es que tipificam como crime a explora\u00e7\u00e3o sexual contra crian\u00e7as e adolescentes. A pr\u00e1tica delitiva encontra respaldo na Constitui\u00e7\u00e3o Federal, no C\u00f3digo Penal, no C\u00f3digo Processo Penal, no Estatuto da Crian\u00e7a e do Adolescente (ECA), na Lei n\u00ba 8072\/1990 &#8211; Lei dos Crimes Hediondos e na Lei n\u00ba 11.829\/2008 \u2013 que altera o Estatuto da Crian\u00e7a e do Adolescente e na Lei n\u00ba 5037.<\/span><\/p>\n","protected":false},"excerpt":{"rendered":"<p> [&hellip;]<\/p>\n","protected":false},"author":4,"featured_media":11764,"comment_status":"open","ping_status":"open","sticky":false,"template":"","format":"standard","meta":{"om_disable_all_campaigns":false,"_monsterinsights_skip_tracking":false,"_monsterinsights_sitenote_active":false,"_monsterinsights_sitenote_note":"","_monsterinsights_sitenote_category":0,"_uf_show_specific_survey":0,"_uf_disable_surveys":false,"footnotes":""},"categories":[2],"tags":[],"class_list":["post-11762","post","type-post","status-publish","format-standard","has-post-thumbnail","hentry","category-not_mpal"],"aioseo_notices":[],"_links":{"self":[{"href":"https:\/\/www.mpal.mp.br\/index.php?rest_route=\/wp\/v2\/posts\/11762","targetHints":{"allow":["GET"]}}],"collection":[{"href":"https:\/\/www.mpal.mp.br\/index.php?rest_route=\/wp\/v2\/posts"}],"about":[{"href":"https:\/\/www.mpal.mp.br\/index.php?rest_route=\/wp\/v2\/types\/post"}],"author":[{"embeddable":true,"href":"https:\/\/www.mpal.mp.br\/index.php?rest_route=\/wp\/v2\/users\/4"}],"replies":[{"embeddable":true,"href":"https:\/\/www.mpal.mp.br\/index.php?rest_route=%2Fwp%2Fv2%2Fcomments&post=11762"}],"version-history":[{"count":1,"href":"https:\/\/www.mpal.mp.br\/index.php?rest_route=\/wp\/v2\/posts\/11762\/revisions"}],"predecessor-version":[{"id":11766,"href":"https:\/\/www.mpal.mp.br\/index.php?rest_route=\/wp\/v2\/posts\/11762\/revisions\/11766"}],"wp:featuredmedia":[{"embeddable":true,"href":"https:\/\/www.mpal.mp.br\/index.php?rest_route=\/wp\/v2\/media\/11764"}],"wp:attachment":[{"href":"https:\/\/www.mpal.mp.br\/index.php?rest_route=%2Fwp%2Fv2%2Fmedia&parent=11762"}],"wp:term":[{"taxonomy":"category","embeddable":true,"href":"https:\/\/www.mpal.mp.br\/index.php?rest_route=%2Fwp%2Fv2%2Fcategories&post=11762"},{"taxonomy":"post_tag","embeddable":true,"href":"https:\/\/www.mpal.mp.br\/index.php?rest_route=%2Fwp%2Fv2%2Ftags&post=11762"}],"curies":[{"name":"wp","href":"https:\/\/api.w.org\/{rel}","templated":true}]}}