{"id":11743,"date":"2006-11-17T11:02:14","date_gmt":"2006-11-17T13:02:14","guid":{"rendered":"https:\/\/www.mpal.mp.br\/?p=11743"},"modified":"2022-07-11T11:03:00","modified_gmt":"2022-07-11T14:03:00","slug":"integrantes-do-mp-alagoano-participam-de-lancamento-de-manual-de-combate-a-tortura","status":"publish","type":"post","link":"https:\/\/www.mpal.mp.br\/?p=11743","title":{"rendered":"Integrantes do MP alagoano participam de lan\u00e7amento de Manual de Combate \u00e0 Tortura"},"content":{"rendered":"<p style=\"text-align: justify;\"><span style=\"font-size: 14pt;\">Procuradores e promotores de Justi\u00e7a da \u00e1rea criminal participaram na manh\u00e3 desta sexta-feira do lan\u00e7amento do Manual de Combate \u00e0 Tortura para Magistrados e Membros do Minist\u00e9rio P\u00fablico. O lan\u00e7amento faz parte do Plano de A\u00e7\u00f5es Integradas para Preven\u00e7\u00e3o e Controle da Tortura no Brasil, da Secretaria Especial de Direitos Humanos do Minist\u00e9rio da Justi\u00e7a.<\/span><\/p>\n<p style=\"text-align: justify;\"><span style=\"font-size: 14pt;\">A publica\u00e7\u00e3o apresenta os deveres e as responsabilidades dos ju\u00edzes e promotores de Justi\u00e7a na preven\u00e7\u00e3o e investiga\u00e7\u00e3o de atos de tortura, bem como outras formas de maus tratos. Tamb\u00e9m d\u00e1 orienta\u00e7\u00f5es sobre como a tortura pode ser combatida em n\u00edvel processual.<\/span><\/p>\n<p style=\"text-align: justify;\"><span style=\"font-size: 14pt;\">Para o coordenador da Comiss\u00e3o Permanente de Combate \u00e0 Tortura, Pedro Montenegro, o Minist\u00e9rio P\u00fablico \u00e9 um parceiro imprescind\u00edvel no combate \u00e0 tortura. \u201c\u00c9 importante que as autoridades repudiem qualquer tipo de tortura, um fen\u00f4meno grave, realizado em todos os estados da federa\u00e7\u00e3o. E o enfrentamento deve ser cont\u00ednuo\u201d, ressaltou.<\/span><\/p>\n<p style=\"text-align: justify;\"><span style=\"font-size: 14pt;\">Segundo ele, o Manual \u00e9 mais um instrumento de atividade para os integrantes do MP. \u201cO que queremos \u00e9 a integra\u00e7\u00e3o entre as institui\u00e7\u00f5es; que elas se reconhe\u00e7am como aut\u00f4nomas e fortes, mas, sobretudo incompletas, pois todos devemos pensar em fazer a nossa parte em harmonia\u201d, disse.<\/span><\/p>\n<p style=\"text-align: justify;\"><span style=\"font-size: 14pt;\">De acordo com o procurador-geral de Justi\u00e7a substituto, em exerc\u00edcio, Luciano Chagas, o lan\u00e7amento \u00e9 a oficializa\u00e7\u00e3o de um trabalho que o Minist\u00e9rio P\u00fablico alagoano j\u00e1 realiza. \u201cO MP sempre combateu atos de tortura, por\u00e9m temos que nos aperfei\u00e7oar. Vamos combater \u00e0 tortura!\u201d, enfatizou Chagas.<\/span><\/p>\n<p style=\"text-align: justify;\"><span style=\"font-size: 14pt;\">A solenidade, que aconteceu no audit\u00f3rio da Procuradoria Geral de Justi\u00e7a, tamb\u00e9m contou com a presen\u00e7a do juiz integrante do N\u00facleo de Combate \u00e0s Organiza\u00e7\u00f5es Criminosas Di\u00f3genes Ten\u00f3rio, do procurador-geral de Justi\u00e7a licenciado Coaracy Fonseca, do procurador de Justi\u00e7a Artran Pereira Monte, do promotor de Justi\u00e7a T\u00e1cito Yuri, do m\u00e9dico-legista Gerson Odilon, al\u00e9m de integrantes do Grupo de Combate \u00e0s Organiza\u00e7\u00f5es Criminosas (Gecoc), do Minist\u00e9rio P\u00fablico de Alagoas.<\/span><\/p>\n","protected":false},"excerpt":{"rendered":"<p> [&hellip;]<\/p>\n","protected":false},"author":5,"featured_media":11744,"comment_status":"open","ping_status":"open","sticky":false,"template":"","format":"standard","meta":{"om_disable_all_campaigns":false,"_monsterinsights_skip_tracking":false,"_monsterinsights_sitenote_active":false,"_monsterinsights_sitenote_note":"","_monsterinsights_sitenote_category":0,"_uf_show_specific_survey":0,"_uf_disable_surveys":false,"footnotes":""},"categories":[2],"tags":[],"class_list":["post-11743","post","type-post","status-publish","format-standard","has-post-thumbnail","hentry","category-not_mpal"],"aioseo_notices":[],"_links":{"self":[{"href":"https:\/\/www.mpal.mp.br\/index.php?rest_route=\/wp\/v2\/posts\/11743","targetHints":{"allow":["GET"]}}],"collection":[{"href":"https:\/\/www.mpal.mp.br\/index.php?rest_route=\/wp\/v2\/posts"}],"about":[{"href":"https:\/\/www.mpal.mp.br\/index.php?rest_route=\/wp\/v2\/types\/post"}],"author":[{"embeddable":true,"href":"https:\/\/www.mpal.mp.br\/index.php?rest_route=\/wp\/v2\/users\/5"}],"replies":[{"embeddable":true,"href":"https:\/\/www.mpal.mp.br\/index.php?rest_route=%2Fwp%2Fv2%2Fcomments&post=11743"}],"version-history":[{"count":1,"href":"https:\/\/www.mpal.mp.br\/index.php?rest_route=\/wp\/v2\/posts\/11743\/revisions"}],"predecessor-version":[{"id":11745,"href":"https:\/\/www.mpal.mp.br\/index.php?rest_route=\/wp\/v2\/posts\/11743\/revisions\/11745"}],"wp:featuredmedia":[{"embeddable":true,"href":"https:\/\/www.mpal.mp.br\/index.php?rest_route=\/wp\/v2\/media\/11744"}],"wp:attachment":[{"href":"https:\/\/www.mpal.mp.br\/index.php?rest_route=%2Fwp%2Fv2%2Fmedia&parent=11743"}],"wp:term":[{"taxonomy":"category","embeddable":true,"href":"https:\/\/www.mpal.mp.br\/index.php?rest_route=%2Fwp%2Fv2%2Fcategories&post=11743"},{"taxonomy":"post_tag","embeddable":true,"href":"https:\/\/www.mpal.mp.br\/index.php?rest_route=%2Fwp%2Fv2%2Ftags&post=11743"}],"curies":[{"name":"wp","href":"https:\/\/api.w.org\/{rel}","templated":true}]}}