{"id":11737,"date":"2006-12-18T10:59:23","date_gmt":"2006-12-18T12:59:23","guid":{"rendered":"https:\/\/www.mpal.mp.br\/?p=11737"},"modified":"2022-07-11T11:00:41","modified_gmt":"2022-07-11T14:00:41","slug":"campanha-mp-e-procon-cobram-cumprimento-dos-direitos-dos-consumidores","status":"publish","type":"post","link":"https:\/\/www.mpal.mp.br\/?p=11737","title":{"rendered":"Campanha: MP e Procon cobram cumprimento dos direitos dos consumidores"},"content":{"rendered":"<p style=\"text-align: justify;\"><span style=\"font-size: 14pt;\">A Promotoria Coletiva Especializada de Defesa do Consumidor e o Procon\/AL lan\u00e7aram nesta segunda-feira, no Shopping Iguatemi, campanha de orienta\u00e7\u00e3o aos lojistas com o objetivo de preservar os direitos dos consumidores quanto \u00e0 proibi\u00e7\u00e3o de imposi\u00e7\u00e3o de limite m\u00ednimo para compras em cart\u00e3o de cr\u00e9dito e pr\u00e1tica de pre\u00e7os diferenciados nas vendas \u00e0 vista e em parcela \u00fanica do cart\u00e3o.<\/span><\/p>\n<p style=\"text-align: justify;\"><span style=\"font-size: 14pt;\">Representantes do MP e Procon afixaram em todas as lojas um adesivo da campanha, que informa os direitos do consumidor para compras com cart\u00e3o de cr\u00e9dito, e o n\u00famero para den\u00fancias ou informa\u00e7\u00f5es (151 ou 3315-1795). Eles tamb\u00e9m entregaram o banner da campanha ao gerente comercial do Shopping, Gumercindo Neto, que deve ser instalado em local vis\u00edvel ainda esta noite.<\/span><\/p>\n<p style=\"text-align: justify;\"><span style=\"font-size: 14pt;\">\u201cA loja que descumprir os crit\u00e9rios estabelecidos ser\u00e1 penalizada com multa\u201d, ressaltou a representante do Procon Wedna Miranda. Segundo ela, os consumidores podem garantir seus direitos com a nota fiscal. \u201cA nota fiscal \u00e9 a prova da garantia dos direitos assegurados pelo C\u00f3digo de Defesa do Consumidor. Caso a loja se negue a dar a nota fiscal, o consumidor pode denunciar na Secretaria da Fazenda\u201d, afirmou.<\/span><\/p>\n<p style=\"text-align: justify;\"><span style=\"font-size: 14pt;\">De acordo com os promotores de Justi\u00e7a Denise Guimar\u00e3es e Max Martins, a campanha prossegue com a visita em lojas do Centro, nesta quarta-feira, \u00e0s 9h30, e nos outros shoppings s supermercados na sexta-feira, \u00e0s 10 horas. \u201cComo estamos numa \u00e9poca de alto consumo, devido \u00e0s festas de final de ano, ser\u00e1 uma grande oportunidade para conscientiza\u00e7\u00e3o dos pr\u00f3prios consumidores quanto ao direito de desconta \u00e0 vista e sem limite m\u00ednimo, nas compras com cart\u00e3o de cr\u00e9dito\u201d, destacaram os promotores de Justi\u00e7a.<\/span><\/p>\n<p style=\"text-align: justify;\"><span style=\"font-size: 14pt;\">A campanha \u00e9 fruto de uma recomenda\u00e7\u00e3o do MP alagoano, expedida durante reuni\u00e3o entre os promotores de Justi\u00e7a Denise Guimar\u00e3es, Max Martins e Delfino Neto, e representante do Procon Wedna Miranda, e presidente da CDL, Wilson Barreto, em outubro deste ano.<\/span><\/p>\n","protected":false},"excerpt":{"rendered":"<p> [&hellip;]<\/p>\n","protected":false},"author":5,"featured_media":11738,"comment_status":"open","ping_status":"open","sticky":false,"template":"","format":"standard","meta":{"om_disable_all_campaigns":false,"_monsterinsights_skip_tracking":false,"_monsterinsights_sitenote_active":false,"_monsterinsights_sitenote_note":"","_monsterinsights_sitenote_category":0,"_uf_show_specific_survey":0,"_uf_disable_surveys":false,"footnotes":""},"categories":[2],"tags":[],"class_list":["post-11737","post","type-post","status-publish","format-standard","has-post-thumbnail","hentry","category-not_mpal"],"aioseo_notices":[],"_links":{"self":[{"href":"https:\/\/www.mpal.mp.br\/index.php?rest_route=\/wp\/v2\/posts\/11737","targetHints":{"allow":["GET"]}}],"collection":[{"href":"https:\/\/www.mpal.mp.br\/index.php?rest_route=\/wp\/v2\/posts"}],"about":[{"href":"https:\/\/www.mpal.mp.br\/index.php?rest_route=\/wp\/v2\/types\/post"}],"author":[{"embeddable":true,"href":"https:\/\/www.mpal.mp.br\/index.php?rest_route=\/wp\/v2\/users\/5"}],"replies":[{"embeddable":true,"href":"https:\/\/www.mpal.mp.br\/index.php?rest_route=%2Fwp%2Fv2%2Fcomments&post=11737"}],"version-history":[{"count":1,"href":"https:\/\/www.mpal.mp.br\/index.php?rest_route=\/wp\/v2\/posts\/11737\/revisions"}],"predecessor-version":[{"id":11739,"href":"https:\/\/www.mpal.mp.br\/index.php?rest_route=\/wp\/v2\/posts\/11737\/revisions\/11739"}],"wp:featuredmedia":[{"embeddable":true,"href":"https:\/\/www.mpal.mp.br\/index.php?rest_route=\/wp\/v2\/media\/11738"}],"wp:attachment":[{"href":"https:\/\/www.mpal.mp.br\/index.php?rest_route=%2Fwp%2Fv2%2Fmedia&parent=11737"}],"wp:term":[{"taxonomy":"category","embeddable":true,"href":"https:\/\/www.mpal.mp.br\/index.php?rest_route=%2Fwp%2Fv2%2Fcategories&post=11737"},{"taxonomy":"post_tag","embeddable":true,"href":"https:\/\/www.mpal.mp.br\/index.php?rest_route=%2Fwp%2Fv2%2Ftags&post=11737"}],"curies":[{"name":"wp","href":"https:\/\/api.w.org\/{rel}","templated":true}]}}