{"id":11734,"date":"2007-01-05T10:49:48","date_gmt":"2007-01-05T12:49:48","guid":{"rendered":"https:\/\/www.mpal.mp.br\/?p=11734"},"modified":"2022-07-11T10:50:55","modified_gmt":"2022-07-11T13:50:55","slug":"crise-na-educacao-mp-da-prazos-para-secretaria-estadual-de-educacao","status":"publish","type":"post","link":"https:\/\/www.mpal.mp.br\/?p=11734","title":{"rendered":"Crise na Educa\u00e7\u00e3o: MP d\u00e1 prazos para Secretaria Estadual de Educa\u00e7\u00e3o"},"content":{"rendered":"<p style=\"text-align: justify;\"><span style=\"font-size: 14pt;\">A Secretaria Estadual de Educa\u00e7\u00e3o (SEE) assumiu o compromisso de apresentar, em 30 dias, cronograma para solucionar os problemas de estrutura f\u00edsica, pessoal de apoio e seguran\u00e7a nas escolas da rede estadual bem como cronograma para realiza\u00e7\u00e3o de concurso p\u00fablico, a fim de suprir a car\u00eancia de tr\u00eas mil professores.<\/span><\/p>\n<p style=\"text-align: justify;\"><span style=\"font-size: 14pt;\">O prazo foi concedido pelo Minist\u00e9rio P\u00fablico de Alagoas, durante reuni\u00e3o nesta sexta-feira (5\/1) com os promotores de Justi\u00e7a Cec\u00edlia Carna\u00faba e Jamyl Barbosa, da Fazenda P\u00fablica Estadual. \u201cA SEE tamb\u00e9m deve apresentar em 15 dias cronograma para solu\u00e7\u00f5es referentes \u00e0 nomea\u00e7\u00e3o de professores da reserva t\u00e9cnica do concurso p\u00fablico realizado em 2005, bem como o pagamento de monitores e bolsistas\u201d, afirmaram os promotores de Justi\u00e7a.<\/span><\/p>\n<p style=\"text-align: justify;\"><span style=\"font-size: 14pt;\">Durante a reuni\u00e3o, os promotores de Justi\u00e7a expuseram o conte\u00fado de relat\u00f3rios contendo todos os itens referentes aos problemas da Educa\u00e7\u00e3o, discutidos em audi\u00eancias com diretores de escolas no final de novembro de 2006. \u201cQueremos os alunos na sala de aula e concluindo o ano letivo. A nomea\u00e7\u00e3o de cerca de 550 professores da reserva t\u00e9cnica n\u00e3o supre a car\u00eancia da falta de professores, por isso h\u00e1 necessidade da realiza\u00e7\u00e3o de concurso. A situa\u00e7\u00e3o \u00e9 grave. Estamos com a a\u00e7\u00e3o civil p\u00fablica pronta, mas decidimos conceder esse tempo ao novo governo, j\u00e1 que, segundo o secret\u00e1rio F\u00e1bio Farias, a solu\u00e7\u00e3o dos problemas da rede estadual de ensino s\u00e3o prioridade do novo governo\u201d, justificam os promotores de Justi\u00e7a.<\/span><\/p>\n<p style=\"text-align: justify;\"><span style=\"font-size: 14pt;\">Ap\u00f3s ouvir os detalhes da situa\u00e7\u00e3o e receber os relat\u00f3rios do MP, Farias afirmou que se trata de um estudo criterioso dos problemas da Educa\u00e7\u00e3o. \u201cAchamos que \u00e9 importante o relacionamento entre o MP e a Secretaria Estadual de Educa\u00e7\u00e3o. Esse documento ser\u00e1 um elemento de melhoria para a qualidade de ensino no nosso Estado\u201d, garantiu o secret\u00e1rio.<\/span><\/p>\n","protected":false},"excerpt":{"rendered":"<p> [&hellip;]<\/p>\n","protected":false},"author":5,"featured_media":11735,"comment_status":"open","ping_status":"open","sticky":false,"template":"","format":"standard","meta":{"om_disable_all_campaigns":false,"_monsterinsights_skip_tracking":false,"_monsterinsights_sitenote_active":false,"_monsterinsights_sitenote_note":"","_monsterinsights_sitenote_category":0,"_uf_show_specific_survey":0,"_uf_disable_surveys":false,"footnotes":""},"categories":[2],"tags":[],"class_list":["post-11734","post","type-post","status-publish","format-standard","has-post-thumbnail","hentry","category-not_mpal"],"aioseo_notices":[],"_links":{"self":[{"href":"https:\/\/www.mpal.mp.br\/index.php?rest_route=\/wp\/v2\/posts\/11734","targetHints":{"allow":["GET"]}}],"collection":[{"href":"https:\/\/www.mpal.mp.br\/index.php?rest_route=\/wp\/v2\/posts"}],"about":[{"href":"https:\/\/www.mpal.mp.br\/index.php?rest_route=\/wp\/v2\/types\/post"}],"author":[{"embeddable":true,"href":"https:\/\/www.mpal.mp.br\/index.php?rest_route=\/wp\/v2\/users\/5"}],"replies":[{"embeddable":true,"href":"https:\/\/www.mpal.mp.br\/index.php?rest_route=%2Fwp%2Fv2%2Fcomments&post=11734"}],"version-history":[{"count":1,"href":"https:\/\/www.mpal.mp.br\/index.php?rest_route=\/wp\/v2\/posts\/11734\/revisions"}],"predecessor-version":[{"id":11736,"href":"https:\/\/www.mpal.mp.br\/index.php?rest_route=\/wp\/v2\/posts\/11734\/revisions\/11736"}],"wp:featuredmedia":[{"embeddable":true,"href":"https:\/\/www.mpal.mp.br\/index.php?rest_route=\/wp\/v2\/media\/11735"}],"wp:attachment":[{"href":"https:\/\/www.mpal.mp.br\/index.php?rest_route=%2Fwp%2Fv2%2Fmedia&parent=11734"}],"wp:term":[{"taxonomy":"category","embeddable":true,"href":"https:\/\/www.mpal.mp.br\/index.php?rest_route=%2Fwp%2Fv2%2Fcategories&post=11734"},{"taxonomy":"post_tag","embeddable":true,"href":"https:\/\/www.mpal.mp.br\/index.php?rest_route=%2Fwp%2Fv2%2Ftags&post=11734"}],"curies":[{"name":"wp","href":"https:\/\/api.w.org\/{rel}","templated":true}]}}