{"id":11731,"date":"2007-01-15T10:48:10","date_gmt":"2007-01-15T12:48:10","guid":{"rendered":"https:\/\/www.mpal.mp.br\/?p=11731"},"modified":"2022-07-11T10:49:14","modified_gmt":"2022-07-11T13:49:14","slug":"mp-cria-grupo-de-trabalho-para-consolidar-politicas-em-defesa-do-idoso","status":"publish","type":"post","link":"https:\/\/www.mpal.mp.br\/?p=11731","title":{"rendered":"MP cria Grupo de Trabalho para consolidar pol\u00edticas em defesa do idoso"},"content":{"rendered":"<div id=\"main\">\n<div id=\"main-shift\">\n<div class=\"content-wrapper-1\">\n<div class=\"content-wrapper-2\">\n<div id=\"mainmiddle\">\n<div id=\"mainmiddle-expand\">\n<div id=\"content\">\n<div id=\"content-shift\">\n<div class=\"floatbox\">\n<div class=\"joomla \">\n<div class=\"article\">\n<div id=\"articlepxfontsize1\">\n<div class=\"corpo\">\n<p style=\"text-align: justify;\"><span style=\"font-size: 14pt;\">O Minist\u00e9rio P\u00fablico de Alagoas implantou nesta segunda-feira um Grupo de Trabalho com o objetivo de consolidar a pol\u00edtica do Idoso no Estado de Alagoas. Representantes dos Conselhos Estadual e Municipal do Idoso e de associa\u00e7\u00f5es de idosos estiveram na sede do MP para propor ajustes nos objetivos do Grupo, inicialmente propostos pela Promotoria Coletiva Especializada de Defesa da Sa\u00fade, do Idoso e do Deficiente (Prodsid).<\/span><\/p>\n<p style=\"text-align: justify;\"><span style=\"font-size: 14pt;\">\u201cO objetivo \u00e9 dar um impulso \u00e0s a\u00e7\u00f5es voltadas \u00e0 promo\u00e7\u00e3o, defesa, controle e garantia dos direitos da pessoa idosa no Estado de Alagoas, a partir da integra\u00e7\u00e3o dos v\u00e1rios segmentos do estado, dos governos e da sociedade\u201d, afirmou a assistente social da Prodsid, Fernanda Maria Fernandes.<\/span><\/p>\n<p style=\"text-align: justify;\"><span style=\"font-size: 14pt;\">O Grupo de Trabalho, inicialmente, ter\u00e1 reuni\u00f5es quinzenais e \u00e9 integrado pelo promotor de Justi\u00e7a Helder Juc\u00e1, pelos presidentes dos Conselhos Estadual e Municipal do Idoso, por representantes de associa\u00e7\u00f5es de idosos, sob a coordena\u00e7\u00e3o da assistente social.<\/span><\/p>\n<p style=\"text-align: justify;\"><span style=\"font-size: 14pt;\">\u201cQueremos estimular o desenvolvimento de a\u00e7\u00f5es jur\u00eddicas, pol\u00edticas e sociais para a cria\u00e7\u00e3o de uma Rede Estadual de Prote\u00e7\u00e3o Integral \u00e0 Pessoa Idosa. Na pr\u00f3xima reuni\u00e3o, vamos discutir estrat\u00e9gias para o fortalecimento dos Conselhos de direitos, para que eles sejam legitimados. Entre outras atividades, vamos incentivar a forma\u00e7\u00e3o, qualifica\u00e7\u00e3o e capacita\u00e7\u00e3o dos conselheiros\u201d, enfatizou Fernanda.<\/span><\/p>\n<\/div>\n<\/div>\n<\/div>\n<\/div>\n<\/div>\n<\/div>\n<\/div>\n<\/div>\n<\/div>\n<\/div>\n<\/div>\n<div class=\"content-wrapper-b1\" style=\"text-align: justify;\">\n<div class=\"content-wrapper-b2\">\n<div class=\"content-wrapper-b3\"><\/div>\n<\/div>\n<\/div>\n<\/div>\n<\/div>\n<div id=\"left\">\n<div class=\"module mod-black mod-menu mod-menu-black   first \">\n<h3 class=\"header\" style=\"text-align: justify;\"><\/h3>\n<\/div>\n<\/div>\n","protected":false},"excerpt":{"rendered":"<p> [&hellip;]<\/p>\n","protected":false},"author":5,"featured_media":11732,"comment_status":"open","ping_status":"open","sticky":false,"template":"","format":"standard","meta":{"om_disable_all_campaigns":false,"_monsterinsights_skip_tracking":false,"_monsterinsights_sitenote_active":false,"_monsterinsights_sitenote_note":"","_monsterinsights_sitenote_category":0,"_uf_show_specific_survey":0,"_uf_disable_surveys":false,"footnotes":""},"categories":[2],"tags":[],"class_list":["post-11731","post","type-post","status-publish","format-standard","has-post-thumbnail","hentry","category-not_mpal"],"aioseo_notices":[],"_links":{"self":[{"href":"https:\/\/www.mpal.mp.br\/index.php?rest_route=\/wp\/v2\/posts\/11731","targetHints":{"allow":["GET"]}}],"collection":[{"href":"https:\/\/www.mpal.mp.br\/index.php?rest_route=\/wp\/v2\/posts"}],"about":[{"href":"https:\/\/www.mpal.mp.br\/index.php?rest_route=\/wp\/v2\/types\/post"}],"author":[{"embeddable":true,"href":"https:\/\/www.mpal.mp.br\/index.php?rest_route=\/wp\/v2\/users\/5"}],"replies":[{"embeddable":true,"href":"https:\/\/www.mpal.mp.br\/index.php?rest_route=%2Fwp%2Fv2%2Fcomments&post=11731"}],"version-history":[{"count":1,"href":"https:\/\/www.mpal.mp.br\/index.php?rest_route=\/wp\/v2\/posts\/11731\/revisions"}],"predecessor-version":[{"id":11733,"href":"https:\/\/www.mpal.mp.br\/index.php?rest_route=\/wp\/v2\/posts\/11731\/revisions\/11733"}],"wp:featuredmedia":[{"embeddable":true,"href":"https:\/\/www.mpal.mp.br\/index.php?rest_route=\/wp\/v2\/media\/11732"}],"wp:attachment":[{"href":"https:\/\/www.mpal.mp.br\/index.php?rest_route=%2Fwp%2Fv2%2Fmedia&parent=11731"}],"wp:term":[{"taxonomy":"category","embeddable":true,"href":"https:\/\/www.mpal.mp.br\/index.php?rest_route=%2Fwp%2Fv2%2Fcategories&post=11731"},{"taxonomy":"post_tag","embeddable":true,"href":"https:\/\/www.mpal.mp.br\/index.php?rest_route=%2Fwp%2Fv2%2Ftags&post=11731"}],"curies":[{"name":"wp","href":"https:\/\/api.w.org\/{rel}","templated":true}]}}