{"id":11728,"date":"2007-01-17T10:46:34","date_gmt":"2007-01-17T12:46:34","guid":{"rendered":"https:\/\/www.mpal.mp.br\/?p=11728"},"modified":"2022-07-11T10:47:38","modified_gmt":"2022-07-11T13:47:38","slug":"mp-pode-entrar-com-acao-contra-estado-caso-decreto-nao-seja-anulado","status":"publish","type":"post","link":"https:\/\/www.mpal.mp.br\/?p=11728","title":{"rendered":"MP pode entrar com a\u00e7\u00e3o contra Estado, caso decreto n\u00e3o seja anulado"},"content":{"rendered":"<p style=\"text-align: justify;\"><span style=\"font-size: 14pt;\">O procurador-geral de Justi\u00e7a, Coaracy Fonseca, confirmou, durante entrevista nesta quarta-feira, que estuda a possibilidade de ingressar com uma a\u00e7\u00e3o civil p\u00fablica ou uma representa\u00e7\u00e3o na Procuradoria Geral da Rep\u00fablica contra o Estado para derrubar o decreto do governador Teotonio Vilela Filho, que suspendeu os aumentos salariais dos servidores p\u00fablicos, em especial os policiais civis e militares, sa\u00fade e educa\u00e7\u00e3o, retroativos a abril de 2006.<\/span><\/p>\n<p style=\"text-align: justify;\"><span style=\"font-size: 14pt;\">\u201c\u00c9 um decreto abrupto, visivelmente inconstitucional, uma anomalia do ponto de vista jur\u00eddico. A equipe do governo tamb\u00e9m tem que ter em mente que uma gest\u00e3o administrativa n\u00e3o \u00e9 feita s\u00f3 de n\u00fameros, mas de seres humanos. S\u00e3o fam\u00edlias inteiras de servidores que conquistaram reajustes, ap\u00f3s muita reivindica\u00e7\u00e3o e o devido estudo de impacto financeiro\u201d, afirmou Fonseca, que deve se reunir ainda esta semana com o governador Teot\u00f4nio Vilela Filho para recomendar a anula\u00e7\u00e3o imediata do decreto.<\/span><\/p>\n<p style=\"text-align: justify;\"><span style=\"font-size: 14pt;\">Para o procurador-geral de Justi\u00e7a, o governo deveria, sim, rever o n\u00famero de cargos comissionados que vem nomeando. \u201cNo in\u00edcio, foi anunciado que haveria redu\u00e7\u00e3o do n\u00famero de cargos comissionados em at\u00e9 25%, mas estamos acompanhado, diariamente, novas nomea\u00e7\u00f5es pelo Di\u00e1rio Oficial. Por que n\u00e3o reduzir para 50% ou mais?\u201d sugeriu Fonseca.<\/span><\/p>\n<p style=\"text-align: justify;\"><span style=\"font-size: 14pt;\">Segundo ele, o Minist\u00e9rio P\u00fablico alagoano est\u00e1 pronto para contribuir com o governo, mas sem abrir m\u00e3o de sua independ\u00eancia. \u201cNossa fun\u00e7\u00e3o \u00e9 recomendar que o governo a voltar atr\u00e1s. Caso isso n\u00e3o aconte\u00e7a, temos caminhos jur\u00eddicos como uma representa\u00e7\u00e3o ao procurador-geral da Rep\u00fablica, em Bras\u00edlia ,ou o ingresso da a\u00e7\u00e3o civil pedindo a nulidade do decreto. A sociedade est\u00e1 sob estado de tens\u00e3o\u201d, alertou o chefe do Minist\u00e9rio P\u00fablico estadual.<\/span><\/p>\n<p style=\"text-align: justify;\"><span style=\"font-size: 14pt;\">Crise na Educa\u00e7\u00e3o<\/span><\/p>\n<p style=\"text-align: justify;\"><span style=\"font-size: 14pt;\">Al\u00e9m de anunciar provid\u00eancias com rela\u00e7\u00e3o ao decreto do governador Teot\u00f4nio Vilela, o Minist\u00e9rio P\u00fablico tamb\u00e9m reafirmou sua disposi\u00e7\u00e3o de entrar com a\u00e7\u00e3o civil p\u00fablica para garantir a solu\u00e7\u00e3o de pend\u00eancias para conclus\u00e3o dos anos letivos de 2003 a 2006, sobretudo na \u00e1rea de Ci\u00eancias Exatas.<\/span><\/p>\n<p style=\"text-align: justify;\"><span style=\"font-size: 14pt;\">No in\u00edcio da tarde, durante audi\u00eancia solicitada pelo secret\u00e1rio de Educa\u00e7\u00e3o, F\u00e1bio Farias, o procurador-geral de Justi\u00e7a e a promotora de Justi\u00e7a Cec\u00edlia Carna\u00faba, da Fazenda P\u00fablica Estadual, enfatizaram que o Minist\u00e9rio P\u00fablico n\u00e3o vai abrir m\u00e3o da contrata\u00e7\u00e3o de professores da reserva t\u00e9cnica de 2005; do edital de reop\u00e7\u00e3o; da contrata\u00e7\u00e3o de bolsistas para aulas de ci\u00eancias exatas, em car\u00e1ter emergencial; nem da realiza\u00e7\u00e3o, num prazo de seis meses, de concurso p\u00fablico.<\/span><\/p>\n<p style=\"text-align: justify;\"><span style=\"font-size: 14pt;\">\u201cVamos aguardar at\u00e9 a pr\u00f3xima sexta-feira (26\/1) que o secret\u00e1rio de Educa\u00e7\u00e3o nos d\u00ea uma solu\u00e7\u00e3o definitiva. N\u00e3o aceitamos o argumento de que a Lei de Responsabilidade Fiscal exija cortes na Educa\u00e7\u00e3o. Isso n\u00e3o \u00e9 verdade. Trata-se de um servi\u00e7o essencial, que n\u00e3o pode ser atingido. O governo vai ter que cortar gastos em outro local\u201d, afirmou Cec\u00edlia.<\/span><\/p>\n<p style=\"text-align: justify;\"><span style=\"font-size: 14pt;\">O secret\u00e1rio de Educa\u00e7\u00e3o reconheceu que 40 % dos estudantes ainda n\u00e3o terminaram o ano letivo de 2006 e que h\u00e1 pend\u00eancias para conclus\u00e3o de disciplinas dos anos de 2003, 2004 e 2005. \u201cFizemos um levantamento e ser\u00e3o contratados 1200 bolsistas de 20 horas para contribuir com a complementa\u00e7\u00e3o do ano letivo de 2006. Tamb\u00e9m j\u00e1 pedimos que seja formada uma comiss\u00e3o externa para acompanhar o atual modelo de transportes e dar sugest\u00f5es para reformula\u00e7\u00e3o do sistema, que \u00e9 mais um problema enfrentado pela Educa\u00e7\u00e3o\u201d, informou Farias.<\/span><\/p>\n","protected":false},"excerpt":{"rendered":"<p> [&hellip;]<\/p>\n","protected":false},"author":5,"featured_media":11729,"comment_status":"open","ping_status":"open","sticky":false,"template":"","format":"standard","meta":{"om_disable_all_campaigns":false,"_monsterinsights_skip_tracking":false,"_monsterinsights_sitenote_active":false,"_monsterinsights_sitenote_note":"","_monsterinsights_sitenote_category":0,"_uf_show_specific_survey":0,"_uf_disable_surveys":false,"footnotes":""},"categories":[2],"tags":[],"class_list":["post-11728","post","type-post","status-publish","format-standard","has-post-thumbnail","hentry","category-not_mpal"],"aioseo_notices":[],"_links":{"self":[{"href":"https:\/\/www.mpal.mp.br\/index.php?rest_route=\/wp\/v2\/posts\/11728","targetHints":{"allow":["GET"]}}],"collection":[{"href":"https:\/\/www.mpal.mp.br\/index.php?rest_route=\/wp\/v2\/posts"}],"about":[{"href":"https:\/\/www.mpal.mp.br\/index.php?rest_route=\/wp\/v2\/types\/post"}],"author":[{"embeddable":true,"href":"https:\/\/www.mpal.mp.br\/index.php?rest_route=\/wp\/v2\/users\/5"}],"replies":[{"embeddable":true,"href":"https:\/\/www.mpal.mp.br\/index.php?rest_route=%2Fwp%2Fv2%2Fcomments&post=11728"}],"version-history":[{"count":1,"href":"https:\/\/www.mpal.mp.br\/index.php?rest_route=\/wp\/v2\/posts\/11728\/revisions"}],"predecessor-version":[{"id":11730,"href":"https:\/\/www.mpal.mp.br\/index.php?rest_route=\/wp\/v2\/posts\/11728\/revisions\/11730"}],"wp:featuredmedia":[{"embeddable":true,"href":"https:\/\/www.mpal.mp.br\/index.php?rest_route=\/wp\/v2\/media\/11729"}],"wp:attachment":[{"href":"https:\/\/www.mpal.mp.br\/index.php?rest_route=%2Fwp%2Fv2%2Fmedia&parent=11728"}],"wp:term":[{"taxonomy":"category","embeddable":true,"href":"https:\/\/www.mpal.mp.br\/index.php?rest_route=%2Fwp%2Fv2%2Fcategories&post=11728"},{"taxonomy":"post_tag","embeddable":true,"href":"https:\/\/www.mpal.mp.br\/index.php?rest_route=%2Fwp%2Fv2%2Ftags&post=11728"}],"curies":[{"name":"wp","href":"https:\/\/api.w.org\/{rel}","templated":true}]}}