{"id":11722,"date":"2007-01-26T10:44:12","date_gmt":"2007-01-26T12:44:12","guid":{"rendered":"https:\/\/www.mpal.mp.br\/?p=11722"},"modified":"2022-07-11T10:44:50","modified_gmt":"2022-07-11T13:44:50","slug":"inquerito-civil-justificativas-de-secretario-de-educacao-desagradam-mp","status":"publish","type":"post","link":"https:\/\/www.mpal.mp.br\/?p=11722","title":{"rendered":"Inqu\u00e9rito civil: justificativas de secret\u00e1rio de Educa\u00e7\u00e3o desagradam MP"},"content":{"rendered":"<p style=\"text-align: justify;\"><span style=\"font-size: 14pt;\">O secret\u00e1rio de Educa\u00e7\u00e3o, F\u00e1bio Farias, afirmou \u00e0 promotora de Justi\u00e7a Cec\u00edlia Carna\u00faba, da Fazenda P\u00fablica Estadual, durante audi\u00eancia nesta sexta-feira, que a nomea\u00e7\u00e3o de monitores para suprir car\u00eancias nas escolas da rede estadual est\u00e1 garantida, pois h\u00e1 verba federal para o pagamento dos mesmos e autoriza\u00e7\u00e3o da Procuradoria Regional do Trabalho, mas n\u00e3o ser\u00e1 poss\u00edvel nomear, de imediato, professores concursados do cadastro de reserva \u2013 cerca de 550 \u2013 pois isso ultrapassaria o limite da folha de pagamento.<\/span><\/p>\n<p style=\"text-align: justify;\"><span style=\"font-size: 14pt;\">As informa\u00e7\u00f5es do secret\u00e1rio, que estava acompanhado do sub-procurador-geral do Estado, Charles Fid\u00e9lis, e do procurador de Estado Rodrigo Siqueira, n\u00e3o agradaram a integrante do Minist\u00e9rio P\u00fablico de Alagoas, que garantiu concluir a a\u00e7\u00e3o civil p\u00fablica, at\u00e9 a pr\u00f3xima sexta-feira, para garantir o cumprimento da obriga\u00e7\u00e3o do Estado para com a educa\u00e7\u00e3o p\u00fablica cont\u00ednua e de qualidade.<\/span><\/p>\n<p style=\"text-align: justify;\"><span style=\"font-size: 14pt;\">Apesar de Farias n\u00e3o ter chegado ao MP alagoano com solu\u00e7\u00f5es, como era o esperado, a promotora de Justi\u00e7a concordou em ouvir o governador, na quinta-feira (v\u00e9spera da data do ingresso da a\u00e7\u00e3o civil p\u00fablica), na busca de uma solu\u00e7\u00e3o negociada. \u201cN\u00e3o queremos ouvir, novamente, que o Estado n\u00e3o pode suprir a car\u00eancia de professores, em fun\u00e7\u00e3o de limites impostos pela Lei de Responsabilidade Fiscal. Esse argumento n\u00e3o pode ser considerado no que se refere \u00e0 Educa\u00e7\u00e3o, muito menos nessa situa\u00e7\u00e3o de urg\u00eancia. Cortem de outros setores, mas n\u00e3o deve haver preju\u00edzo \u00e0 Educa\u00e7\u00e3o. Isso \u00e9 constitucional\u201d, alertou Cec\u00edlia.<\/span><\/p>\n<p style=\"text-align: justify;\"><span style=\"font-size: 14pt;\">Na audi\u00eancia com o governador, o Minist\u00e9rio P\u00fablico deve exigir a nomea\u00e7\u00e3o imediata de pelo menos 122 professores do cadastro de reserva e o encaminhamento de uma mensagem do Executivo para cria\u00e7\u00e3o dos 3.668 cargos de professores, que exigiria a realiza\u00e7\u00e3o de um novo concurso.<\/span><\/p>\n<p style=\"text-align: justify;\"><span style=\"font-size: 14pt;\">\u201cMesmo em car\u00e1ter emergencial, n\u00e3o vamos aceitar qualquer nomea\u00e7\u00e3o de monitores antes da nomea\u00e7\u00e3o total da reserva t\u00e9cnica (cerca de 550). Agora, estamos cientes de que na reserva n\u00e3o h\u00e1 professores da \u00e1rea de Exatas. Por isso, at\u00e9 que seja realizado um novo concurso, os monitores para essa \u00e1rea ser\u00e3o essenciais\u201d, justificou Cec\u00edlia.<\/span><\/p>\n<p style=\"text-align: justify;\"><span style=\"font-size: 14pt;\">Transporte escolar<\/span><\/p>\n<p style=\"text-align: justify;\"><span style=\"font-size: 14pt;\">Com rela\u00e7\u00e3o a den\u00fancias de distor\u00e7\u00f5es na contrata\u00e7\u00e3o de transporte escolar, o secret\u00e1rio de Educa\u00e7\u00e3o informou que uma comiss\u00e3o, integrada por representantes da Arsal, do DER, da Controladoria Geral do Estado e da pr\u00f3pria SEE, foi institu\u00edda para acompanhar a gest\u00e3o da Apoio, oscip respons\u00e1vel pela gest\u00e3o do programa.<\/span><\/p>\n","protected":false},"excerpt":{"rendered":"<p> [&hellip;]<\/p>\n","protected":false},"author":5,"featured_media":11723,"comment_status":"open","ping_status":"open","sticky":false,"template":"","format":"standard","meta":{"om_disable_all_campaigns":false,"_monsterinsights_skip_tracking":false,"_monsterinsights_sitenote_active":false,"_monsterinsights_sitenote_note":"","_monsterinsights_sitenote_category":0,"_uf_show_specific_survey":0,"_uf_disable_surveys":false,"footnotes":""},"categories":[2],"tags":[],"class_list":["post-11722","post","type-post","status-publish","format-standard","has-post-thumbnail","hentry","category-not_mpal"],"aioseo_notices":[],"_links":{"self":[{"href":"https:\/\/www.mpal.mp.br\/index.php?rest_route=\/wp\/v2\/posts\/11722","targetHints":{"allow":["GET"]}}],"collection":[{"href":"https:\/\/www.mpal.mp.br\/index.php?rest_route=\/wp\/v2\/posts"}],"about":[{"href":"https:\/\/www.mpal.mp.br\/index.php?rest_route=\/wp\/v2\/types\/post"}],"author":[{"embeddable":true,"href":"https:\/\/www.mpal.mp.br\/index.php?rest_route=\/wp\/v2\/users\/5"}],"replies":[{"embeddable":true,"href":"https:\/\/www.mpal.mp.br\/index.php?rest_route=%2Fwp%2Fv2%2Fcomments&post=11722"}],"version-history":[{"count":1,"href":"https:\/\/www.mpal.mp.br\/index.php?rest_route=\/wp\/v2\/posts\/11722\/revisions"}],"predecessor-version":[{"id":11724,"href":"https:\/\/www.mpal.mp.br\/index.php?rest_route=\/wp\/v2\/posts\/11722\/revisions\/11724"}],"wp:featuredmedia":[{"embeddable":true,"href":"https:\/\/www.mpal.mp.br\/index.php?rest_route=\/wp\/v2\/media\/11723"}],"wp:attachment":[{"href":"https:\/\/www.mpal.mp.br\/index.php?rest_route=%2Fwp%2Fv2%2Fmedia&parent=11722"}],"wp:term":[{"taxonomy":"category","embeddable":true,"href":"https:\/\/www.mpal.mp.br\/index.php?rest_route=%2Fwp%2Fv2%2Fcategories&post=11722"},{"taxonomy":"post_tag","embeddable":true,"href":"https:\/\/www.mpal.mp.br\/index.php?rest_route=%2Fwp%2Fv2%2Ftags&post=11722"}],"curies":[{"name":"wp","href":"https:\/\/api.w.org\/{rel}","templated":true}]}}