{"id":11719,"date":"2007-01-29T10:43:13","date_gmt":"2007-01-29T12:43:13","guid":{"rendered":"https:\/\/www.mpal.mp.br\/?p=11719"},"modified":"2022-07-11T10:43:50","modified_gmt":"2022-07-11T13:43:50","slug":"familias-da-grota-do-ouro-preto-vao-ganhar-complexo-habitacional","status":"publish","type":"post","link":"https:\/\/www.mpal.mp.br\/?p=11719","title":{"rendered":"Fam\u00edlias da Grota do Ouro Preto v\u00e3o ganhar complexo habitacional"},"content":{"rendered":"<p style=\"text-align: justify;\"><span style=\"font-size: 14pt;\">O prefeito C\u00edcero Almeida assinou nesta segunda-feira, na sede do Minist\u00e9rio P\u00fablico de Alagoas, Termo de Ajuste de Conduta (TAC), no qual se comprometeu a construir um complexo habitacional no terreno cedido pelo Estado, na Grota do Ouro Preto. A assinatura foi acompanhada pelo procurador-geral de Justi\u00e7a, Coaracy Fonseca, pelas promotoras de Justi\u00e7a, Cec\u00edlia Carna\u00faba, da Fazenda Estadual, e Fernanda Moreira, da Fazenda Municipal, al\u00e9m do procurador do Munic\u00edpio, Di\u00f3genes Ten\u00f3rio, e do secret\u00e1rio municipal de Habita\u00e7\u00e3o e Saneamento, Nilton Pereira.<\/span><\/p>\n<p style=\"text-align: justify;\"><span style=\"font-size: 14pt;\">A a\u00e7\u00e3o conjunta dos governos estadual e municipal atende a um acordo firmado ano passado, com intermedia\u00e7\u00e3o do Minist\u00e9rio P\u00fablico de Alagoas. A doa\u00e7\u00e3o do terreno do estado aconteceu por meio da Lei Estadual n\u00ba 6.766, sancionada no 8 de novembro de 2006 e publicada no Di\u00e1rio Oficial do Estado no dia 9.<\/span><\/p>\n<p style=\"text-align: justify;\"><span style=\"font-size: 14pt;\">De acordo com o TAC, a prefeitura, atrav\u00e9s da Secretaria de Habita\u00e7\u00e3o e Saneamento, tem um prazo de oito meses para construir 160 habita\u00e7\u00f5es populares, um gin\u00e1sio esportivo, uma creche, um posto de sa\u00fade e um terminal de transporte, ap\u00f3s a libera\u00e7\u00e3o de recursos (cerca de R$3 milh\u00f5es) do Minist\u00e9rio das Cidades e da Caixa Econ\u00f4mica Federal. A prefeitura de Macei\u00f3 tamb\u00e9m se comprometeu em elaborar um projeto de reflorestamento da \u00e1rea da Grota, para ser executado no prazo m\u00e1ximo de dois anos.<\/span><\/p>\n<p style=\"text-align: justify;\"><span style=\"font-size: 14pt;\">\u201cA constru\u00e7\u00e3o desse complexo vai beneficiar a popula\u00e7\u00e3o carente da regi\u00e3o, que reside em \u00e1reas de risco de desabamentos. Essa a\u00e7\u00e3o visa assegurar a dignidade humana e \u00e9 um trabalho em prol da erradica\u00e7\u00e3o da pobreza e da redu\u00e7\u00e3o das desigualdades sociais\u201d, afirmou Cec\u00edlia Carna\u00faba.<\/span><\/p>\n","protected":false},"excerpt":{"rendered":"<p> [&hellip;]<\/p>\n","protected":false},"author":5,"featured_media":11720,"comment_status":"open","ping_status":"open","sticky":false,"template":"","format":"standard","meta":{"om_disable_all_campaigns":false,"_monsterinsights_skip_tracking":false,"_monsterinsights_sitenote_active":false,"_monsterinsights_sitenote_note":"","_monsterinsights_sitenote_category":0,"_uf_show_specific_survey":0,"_uf_disable_surveys":false,"footnotes":""},"categories":[2],"tags":[],"class_list":["post-11719","post","type-post","status-publish","format-standard","has-post-thumbnail","hentry","category-not_mpal"],"aioseo_notices":[],"_links":{"self":[{"href":"https:\/\/www.mpal.mp.br\/index.php?rest_route=\/wp\/v2\/posts\/11719","targetHints":{"allow":["GET"]}}],"collection":[{"href":"https:\/\/www.mpal.mp.br\/index.php?rest_route=\/wp\/v2\/posts"}],"about":[{"href":"https:\/\/www.mpal.mp.br\/index.php?rest_route=\/wp\/v2\/types\/post"}],"author":[{"embeddable":true,"href":"https:\/\/www.mpal.mp.br\/index.php?rest_route=\/wp\/v2\/users\/5"}],"replies":[{"embeddable":true,"href":"https:\/\/www.mpal.mp.br\/index.php?rest_route=%2Fwp%2Fv2%2Fcomments&post=11719"}],"version-history":[{"count":1,"href":"https:\/\/www.mpal.mp.br\/index.php?rest_route=\/wp\/v2\/posts\/11719\/revisions"}],"predecessor-version":[{"id":11721,"href":"https:\/\/www.mpal.mp.br\/index.php?rest_route=\/wp\/v2\/posts\/11719\/revisions\/11721"}],"wp:featuredmedia":[{"embeddable":true,"href":"https:\/\/www.mpal.mp.br\/index.php?rest_route=\/wp\/v2\/media\/11720"}],"wp:attachment":[{"href":"https:\/\/www.mpal.mp.br\/index.php?rest_route=%2Fwp%2Fv2%2Fmedia&parent=11719"}],"wp:term":[{"taxonomy":"category","embeddable":true,"href":"https:\/\/www.mpal.mp.br\/index.php?rest_route=%2Fwp%2Fv2%2Fcategories&post=11719"},{"taxonomy":"post_tag","embeddable":true,"href":"https:\/\/www.mpal.mp.br\/index.php?rest_route=%2Fwp%2Fv2%2Ftags&post=11719"}],"curies":[{"name":"wp","href":"https:\/\/api.w.org\/{rel}","templated":true}]}}