{"id":11716,"date":"2007-02-05T10:41:14","date_gmt":"2007-02-05T12:41:14","guid":{"rendered":"https:\/\/www.mpal.mp.br\/?p=11716"},"modified":"2022-07-11T10:42:45","modified_gmt":"2022-07-11T13:42:45","slug":"novos-pacotes-de-viagem-da-me-turismo-estao-na-mira-do-mp","status":"publish","type":"post","link":"https:\/\/www.mpal.mp.br\/?p=11716","title":{"rendered":"Novos pacotes de viagem da M&#038;E Turismo est\u00e3o na mira do MP"},"content":{"rendered":"<div class=\"content-wrapper-1\">\n<div class=\"content-wrapper-2\">\n<div id=\"mainmiddle\">\n<div id=\"mainmiddle-expand\">\n<div id=\"content\">\n<div id=\"content-shift\">\n<div class=\"floatbox\">\n<div class=\"joomla \">\n<div class=\"article\">\n<div id=\"articlepxfontsize1\">\n<div class=\"corpo\">\n<p style=\"text-align: justify;\"><span style=\"font-size: 14pt;\">Toda e qualquer viagem promovida pela M &amp; E Viagens deve ser comunicada ao Minist\u00e9rio P\u00fablico de Alagoas, com pelo menos dez dias de anteced\u00eancia. A empresa ter\u00e1 que fornecer ainda a lista nominal de passageiros, emiss\u00e3o de bilhetes a\u00e9reos e terrestres e contrata\u00e7\u00e3o com hot\u00e9is. A exig\u00eancia dos promotores de Justi\u00e7a Delfino Neto, coordenador do N\u00facleo de Defesa do Consumidor, Denise Guimar\u00e3es e Max Martins, da Promotoria Coletiva Especializada de Defesa do Consumidor, j\u00e1 \u00e9 v\u00e1lida para o pacote de carnaval, cuja documenta\u00e7\u00e3o deve ser entregue at\u00e9 quinta-feira (dia 8).<\/span><\/p>\n<p style=\"text-align: justify;\"><span style=\"font-size: 14pt;\">Tamb\u00e9m no dia 8, a M&amp;E Turismo deve encaminhar a rela\u00e7\u00e3o de bens m\u00f3veis ou im\u00f3veis aptos a garantir o cumprimento dos contratos futuros. \u201cEssa garantia aos consumidores deveria ter sido apresentada na audi\u00eancia desta segunda-feira, mas decidimos conceder mais tr\u00eas dias de prazo\u201d, informaram os promotores de Justi\u00e7a.<\/span><\/p>\n<p style=\"text-align: justify;\"><span style=\"font-size: 14pt;\">Dia 14, os propriet\u00e1rios da M&amp;E v\u00e3o ter que apresentar a planilha nominal de todos os passageiros dos pacotes \u201cJaneiro Maravilhoso\u201d e \u201cJaneiro Inesquec\u00edvel\u201d, com a programa\u00e7\u00e3o dos dias para reembolso ou permuta de passagens\/pacotes para cada consumidor e uma outra planilha com rela\u00e7\u00e3o de todos os consumidores que adquiriram pacotes futuros.<\/span><\/p>\n<p style=\"text-align: justify;\"><span style=\"font-size: 14pt;\">Com rela\u00e7\u00e3o aos documentos solicitados na primeira audi\u00eancia, os propriet\u00e1rios da M&amp;E Turismo apresentaram os contratos de fretamentos das aeronaves da TAM; bilhetes de v\u00f4os regulares do retorno dos passageiros do navio Mistral para a cidade de Macei\u00f3; documenta\u00e7\u00e3o de comprova\u00e7\u00e3o das devolu\u00e7\u00f5es j\u00e1 efetuadas das viagens \u201cJaneiro Inesquec\u00edvel\u201d e \u201cJaneiro Maravilhoso\u201d; listagem nominal dos passageiros que n\u00e3o viajaram no dia 20 de janeiro de 2007, com valores, forma de pagamento e situa\u00e7\u00e3o atual; comprova\u00e7\u00e3o da capacidade do navio Mistral e lista de passageiros que embarcaram; recibos de reembolso feitos aos passageiros do navio Mistral que n\u00e3o embarcaram entre outros. \u201cVamos analisar toda a documenta\u00e7\u00e3o e, em seguida, marcar uma nova audi\u00eancia que pode resultar num Termo de Ajuste de Conduta\u201d, afirmaram os representantes do MP.<\/span><\/p>\n<p style=\"text-align: justify;\"><span style=\"font-size: 14pt;\">V\u00e1rios consumidores prejudicados pela M&amp;E Turismo acompanharam a audi\u00eancia desta segunda-feira. Eles foram representados pela professora Wladia Bessa,<\/span><\/p>\n<p style=\"text-align: justify;\"><span style=\"font-size: 14pt;\">que adquiriu o pacote \u201cJaneiro Maravilhoso\u201d e como tantos outros consumidores n\u00e3o conseguiu viajar. Dias 13 e 14 deste m\u00eas, 150 consumidores devem participar de audi\u00eancia no Procon\/AL, cujo resultado deve ser encaminhado ao Minist\u00e9rio P\u00fablico.<\/span><\/p>\n<\/div>\n<\/div>\n<\/div>\n<\/div>\n<\/div>\n<\/div>\n<\/div>\n<\/div>\n<\/div>\n<\/div>\n<\/div>\n<div class=\"content-wrapper-b1\">\n<div class=\"content-wrapper-b2\" style=\"text-align: justify;\"><\/div>\n<\/div>\n","protected":false},"excerpt":{"rendered":"<p> [&hellip;]<\/p>\n","protected":false},"author":5,"featured_media":11717,"comment_status":"open","ping_status":"open","sticky":false,"template":"","format":"standard","meta":{"om_disable_all_campaigns":false,"_monsterinsights_skip_tracking":false,"_monsterinsights_sitenote_active":false,"_monsterinsights_sitenote_note":"","_monsterinsights_sitenote_category":0,"_uf_show_specific_survey":0,"_uf_disable_surveys":false,"footnotes":""},"categories":[2],"tags":[],"class_list":["post-11716","post","type-post","status-publish","format-standard","has-post-thumbnail","hentry","category-not_mpal"],"aioseo_notices":[],"_links":{"self":[{"href":"https:\/\/www.mpal.mp.br\/index.php?rest_route=\/wp\/v2\/posts\/11716","targetHints":{"allow":["GET"]}}],"collection":[{"href":"https:\/\/www.mpal.mp.br\/index.php?rest_route=\/wp\/v2\/posts"}],"about":[{"href":"https:\/\/www.mpal.mp.br\/index.php?rest_route=\/wp\/v2\/types\/post"}],"author":[{"embeddable":true,"href":"https:\/\/www.mpal.mp.br\/index.php?rest_route=\/wp\/v2\/users\/5"}],"replies":[{"embeddable":true,"href":"https:\/\/www.mpal.mp.br\/index.php?rest_route=%2Fwp%2Fv2%2Fcomments&post=11716"}],"version-history":[{"count":1,"href":"https:\/\/www.mpal.mp.br\/index.php?rest_route=\/wp\/v2\/posts\/11716\/revisions"}],"predecessor-version":[{"id":11718,"href":"https:\/\/www.mpal.mp.br\/index.php?rest_route=\/wp\/v2\/posts\/11716\/revisions\/11718"}],"wp:featuredmedia":[{"embeddable":true,"href":"https:\/\/www.mpal.mp.br\/index.php?rest_route=\/wp\/v2\/media\/11717"}],"wp:attachment":[{"href":"https:\/\/www.mpal.mp.br\/index.php?rest_route=%2Fwp%2Fv2%2Fmedia&parent=11716"}],"wp:term":[{"taxonomy":"category","embeddable":true,"href":"https:\/\/www.mpal.mp.br\/index.php?rest_route=%2Fwp%2Fv2%2Fcategories&post=11716"},{"taxonomy":"post_tag","embeddable":true,"href":"https:\/\/www.mpal.mp.br\/index.php?rest_route=%2Fwp%2Fv2%2Ftags&post=11716"}],"curies":[{"name":"wp","href":"https:\/\/api.w.org\/{rel}","templated":true}]}}