{"id":11714,"date":"2015-09-17T08:52:16","date_gmt":"2015-09-17T11:52:16","guid":{"rendered":"https:\/\/www.mpal.mp.br\/?p=11714"},"modified":"2022-07-11T11:24:35","modified_gmt":"2022-07-11T14:24:35","slug":"em-traipu-ministerio-estadual-capacita-profissionais-que-trabalham-na-area-da-infancia-e-da-juventude","status":"publish","type":"post","link":"https:\/\/www.mpal.mp.br\/?p=11714","title":{"rendered":"Em Traipu, Minist\u00e9rio Estadual capacita profissionais que trabalham na \u00e1rea da Inf\u00e2ncia e da Juventude"},"content":{"rendered":"<p style=\"text-align: justify;\"><span style=\"font-size: 14pt;\">O Minist\u00e9rio P\u00fablico Estadual de Alagoas realizou um encontro, no munic\u00edpio de Traipu, localizado no Baixo S\u00e3o Francisco, com o objetivo de levar informa\u00e7\u00f5es mais recentes a respeito da Lei Federal 8.069\/90, o Estatuto da Crian\u00e7a e do Adolescente. Um projeto pioneiro desenvolvido pela Promotoria de Justi\u00e7a de Palmeira dos \u00cdndios tamb\u00e9m foi destaque no evento que conseguiu reunir dezenas de profissionais ligados \u00e0 Inf\u00e2ncia e \u00e0 Juventude.<\/span><\/p>\n<p style=\"text-align: justify;\"><span style=\"font-size: 14pt;\">A reuni\u00e3o, que ocorreu no F\u00f3rum da cidade, foi promovida pela Promotoria de Justi\u00e7a de Traipu e contou com a participa\u00e7\u00e3o do promotor de Justi\u00e7a Rog\u00e9rio Paranhos, cuja experi\u00eancia na \u00e1rea da crian\u00e7a e do adolescente \u00e9 bastante vasta. Quando era titular da Promotoria de Justi\u00e7a de Palmeira dos \u00cdndios, Paranhos criou o projeto \u201cLivro na m\u00e3o e bola no p\u00e9\u201d, iniciativa que, at\u00e9 hoje, tem surtido efeitos em comunidades caraterizadas pela vulnerabilidade social. \u201cEsse \u00e9 um projeto que muito nos orgulha. Em 2007, com o apoio do Conselho Municipal da Crian\u00e7a e do Adolescente de Palmeira dos \u00cdndios, reunimos representantes da Prefeitura e de entidades ligadas a inf\u00e2ncia e a juventude e resolvemos p\u00f4r em pr\u00e1tica essa ideia. A proposta era unir educa\u00e7\u00e3o e esporte, incentivando e beneficiando aqueles alunos que se destacassem na escola pelas notas. Ele nos deu um retorno consider\u00e1vel e pudemos perceber que essa garotada, quando lhe s\u00e3o oferecidas oportunidades, realmente se interessam pelo esporte. Ent\u00e3o, trouxemos a experi\u00eancia bem sucedida de Palmeira e sugerimos que o Munic\u00edpio de Traipu a adapte a sua realidade. Pode dar certo aqui tamb\u00e9m\u201d, disse o promotor.<\/span><\/p>\n<p style=\"text-align: justify;\"><span style=\"font-size: 14pt;\">Em Palmeira dos \u00cdndios, o \u201cLivro na m\u00e3o e bola no p\u00e9\u201d j\u00e1 chegou a atender 600 meninos e meninas em situa\u00e7\u00e3o de risco, com idades entre 07 e 17 anos, em 12 polos distribu\u00eddos nas zonas urbana e rural.<\/span><\/p>\n<p style=\"text-align: justify;\"><span style=\"font-size: 14pt;\">O encontro tamb\u00e9m discutiu as \u00faltimas altera\u00e7\u00f5es promovidas no ECA e o papel do conselheiro tutelar no dia a dia de um munic\u00edpio, tendo, esse profissional que agir na garantia dos direitos da inf\u00e2ncia e da juventude. Estiveram presentes t\u00e9cnicos dos CRAS, CREAS e PETI, agentes de prote\u00e7\u00e3o, conselheiros do Conselho Municipal da Crian\u00e7a e do Adolescente de Traipu e candidatos ao cargo de conselheiro.<\/span><\/p>\n<p style=\"text-align: justify;\"><span style=\"font-size: 14pt;\">Foto do site www.traipunoticias.com.br.<\/span><\/p>\n","protected":false},"excerpt":{"rendered":"<p> [&hellip;]<\/p>\n","protected":false},"author":4,"featured_media":11759,"comment_status":"open","ping_status":"open","sticky":false,"template":"","format":"standard","meta":{"om_disable_all_campaigns":false,"_monsterinsights_skip_tracking":false,"_monsterinsights_sitenote_active":false,"_monsterinsights_sitenote_note":"","_monsterinsights_sitenote_category":0,"_uf_show_specific_survey":0,"_uf_disable_surveys":false,"footnotes":""},"categories":[2],"tags":[],"class_list":["post-11714","post","type-post","status-publish","format-standard","has-post-thumbnail","hentry","category-not_mpal"],"aioseo_notices":[],"_links":{"self":[{"href":"https:\/\/www.mpal.mp.br\/index.php?rest_route=\/wp\/v2\/posts\/11714","targetHints":{"allow":["GET"]}}],"collection":[{"href":"https:\/\/www.mpal.mp.br\/index.php?rest_route=\/wp\/v2\/posts"}],"about":[{"href":"https:\/\/www.mpal.mp.br\/index.php?rest_route=\/wp\/v2\/types\/post"}],"author":[{"embeddable":true,"href":"https:\/\/www.mpal.mp.br\/index.php?rest_route=\/wp\/v2\/users\/4"}],"replies":[{"embeddable":true,"href":"https:\/\/www.mpal.mp.br\/index.php?rest_route=%2Fwp%2Fv2%2Fcomments&post=11714"}],"version-history":[{"count":1,"href":"https:\/\/www.mpal.mp.br\/index.php?rest_route=\/wp\/v2\/posts\/11714\/revisions"}],"predecessor-version":[{"id":11761,"href":"https:\/\/www.mpal.mp.br\/index.php?rest_route=\/wp\/v2\/posts\/11714\/revisions\/11761"}],"wp:featuredmedia":[{"embeddable":true,"href":"https:\/\/www.mpal.mp.br\/index.php?rest_route=\/wp\/v2\/media\/11759"}],"wp:attachment":[{"href":"https:\/\/www.mpal.mp.br\/index.php?rest_route=%2Fwp%2Fv2%2Fmedia&parent=11714"}],"wp:term":[{"taxonomy":"category","embeddable":true,"href":"https:\/\/www.mpal.mp.br\/index.php?rest_route=%2Fwp%2Fv2%2Fcategories&post=11714"},{"taxonomy":"post_tag","embeddable":true,"href":"https:\/\/www.mpal.mp.br\/index.php?rest_route=%2Fwp%2Fv2%2Ftags&post=11714"}],"curies":[{"name":"wp","href":"https:\/\/api.w.org\/{rel}","templated":true}]}}