{"id":11711,"date":"2015-10-02T08:49:27","date_gmt":"2015-10-02T11:49:27","guid":{"rendered":"https:\/\/www.mpal.mp.br\/?p=11711"},"modified":"2022-07-11T08:52:02","modified_gmt":"2022-07-11T11:52:02","slug":"ministerio-publico-estadual-fiscalizara-eleicao-unificada-para-conselheiros-tutelares-em-alagoas-2","status":"publish","type":"post","link":"https:\/\/www.mpal.mp.br\/?p=11711","title":{"rendered":"Minist\u00e9rio P\u00fablico Estadual fiscalizar\u00e1 elei\u00e7\u00e3o unificada para conselheiros tutelares em Alagoas"},"content":{"rendered":"<p style=\"text-align: justify;\"><span style=\"font-size: 14pt;\">Pela primeira vez na hist\u00f3ria o Brasil vai ter uma data unificada para a elei\u00e7\u00e3o dos Conselhos Tutelares existentes em todos os estados da Federa\u00e7\u00e3o. Neste domingo (04), apesar do voto ser facultativo, os eleitores v\u00e3o escolher cerca de 30 mil novos conselheiros no Pa\u00eds. Em Alagoas, as centenas de candidatos v\u00e3o disputar uma das 575 vagas dispon\u00edveis. E para fiscalizar o pleito, o Minist\u00e9rio P\u00fablico Estadual (MPE\/AL) estar\u00e1 de plant\u00e3o em todas as promotorias de Justi\u00e7a. O objetivo \u00e9 garantir a lisura do processo de escolha dos futuros conselheiros.<\/span><\/p>\n<p style=\"text-align: justify;\"><span style=\"font-size: 14pt;\">Em Macei\u00f3, cinco promotores de Justi\u00e7a ser\u00e3o respons\u00e1veis pela fiscaliza\u00e7\u00e3o da elei\u00e7\u00e3o e v\u00e3o visitar os 37 locais de vota\u00e7\u00e3o durante o pr\u00f3ximo dia 04. Sob a coordena\u00e7\u00e3o de Luiz Medeiros estar\u00e3o Jos\u00e9 Carlos Castro, Jamyl Gon\u00e7alves, Alessandra Beurlen e C\u00edntia Calumby.<\/span><\/p>\n<p style=\"text-align: justify;\"><span style=\"font-size: 14pt;\">\u201cEstaremos vigilantes para evitar que quaisquer irregularidades aconte\u00e7am. Sabemos que a elei\u00e7\u00e3o para conselheiros tutelares tem bastante envolvimento de vereadores e a gente quer impedir essa inger\u00eancia pol\u00edtica. O pleito tem que ser limpo e jamais pode beneficiar candidato A ou B. \u00c9 importante ressaltar que as pessoas eleitas v\u00e3o trabalhar na aplica\u00e7\u00e3o das medidas de prote\u00e7\u00e3o e na garantia dos direitos da crian\u00e7a e do adolescente\u201d, destacou Luiz Medeiros.<\/span><\/p>\n<p style=\"text-align: justify;\"><span style=\"font-size: 14pt;\">O interior tamb\u00e9m estar\u00e1 sendo acompanhado pelo MPE\/AL. Os promotores naturais de cada promotoria v\u00e3o estar nas suas cidades para fazer o trabalho fiscalizat\u00f3rio.<\/span><\/p>\n<p style=\"text-align: justify;\"><span style=\"font-size: 14pt;\"><strong>Macei\u00f3 e interior<\/strong><\/span><\/p>\n<p style=\"text-align: justify;\"><span style=\"font-size: 14pt;\">A capital alagoana ter\u00e1 37 locais de vota\u00e7\u00e3o e os eleitores v\u00e3o escolher os 50 novos conselheiros que trabalhar\u00e3o nos 10 conselhos tutelares de Macei\u00f3. 116 candidatos disputam a fun\u00e7\u00e3o.<\/span><\/p>\n<p style=\"text-align: justify;\"><span style=\"font-size: 14pt;\">J\u00e1 no interior a concorr\u00eancia ser\u00e1 para os outros 525 cargos dos demais 105 conselhos tutelares. O processo de escolha dos novos conselheiros vai acontecer das 08h \u00e0s 17h em todo o Estado.<\/span><\/p>\n<p style=\"text-align: justify;\"><span style=\"font-size: 14pt;\">\u201cVale a pena lembrarmos que o eleitor tem que levar o t\u00edtulo ou qualquer outro documenta\u00e7\u00e3o oficial de identifica\u00e7\u00e3o com foto e que ele s\u00f3 poder\u00e1 votar na regi\u00e3o administrativa onde mora\u201d, alertou o promotor Luizs Medeiros.<\/span><\/p>\n","protected":false},"excerpt":{"rendered":"<p> [&hellip;]<\/p>\n","protected":false},"author":4,"featured_media":11712,"comment_status":"open","ping_status":"open","sticky":false,"template":"","format":"standard","meta":{"om_disable_all_campaigns":false,"_monsterinsights_skip_tracking":false,"_monsterinsights_sitenote_active":false,"_monsterinsights_sitenote_note":"","_monsterinsights_sitenote_category":0,"_uf_show_specific_survey":0,"_uf_disable_surveys":false,"footnotes":""},"categories":[2],"tags":[],"class_list":["post-11711","post","type-post","status-publish","format-standard","has-post-thumbnail","hentry","category-not_mpal"],"aioseo_notices":[],"_links":{"self":[{"href":"https:\/\/www.mpal.mp.br\/index.php?rest_route=\/wp\/v2\/posts\/11711","targetHints":{"allow":["GET"]}}],"collection":[{"href":"https:\/\/www.mpal.mp.br\/index.php?rest_route=\/wp\/v2\/posts"}],"about":[{"href":"https:\/\/www.mpal.mp.br\/index.php?rest_route=\/wp\/v2\/types\/post"}],"author":[{"embeddable":true,"href":"https:\/\/www.mpal.mp.br\/index.php?rest_route=\/wp\/v2\/users\/4"}],"replies":[{"embeddable":true,"href":"https:\/\/www.mpal.mp.br\/index.php?rest_route=%2Fwp%2Fv2%2Fcomments&post=11711"}],"version-history":[{"count":1,"href":"https:\/\/www.mpal.mp.br\/index.php?rest_route=\/wp\/v2\/posts\/11711\/revisions"}],"predecessor-version":[{"id":11713,"href":"https:\/\/www.mpal.mp.br\/index.php?rest_route=\/wp\/v2\/posts\/11711\/revisions\/11713"}],"wp:featuredmedia":[{"embeddable":true,"href":"https:\/\/www.mpal.mp.br\/index.php?rest_route=\/wp\/v2\/media\/11712"}],"wp:attachment":[{"href":"https:\/\/www.mpal.mp.br\/index.php?rest_route=%2Fwp%2Fv2%2Fmedia&parent=11711"}],"wp:term":[{"taxonomy":"category","embeddable":true,"href":"https:\/\/www.mpal.mp.br\/index.php?rest_route=%2Fwp%2Fv2%2Fcategories&post=11711"},{"taxonomy":"post_tag","embeddable":true,"href":"https:\/\/www.mpal.mp.br\/index.php?rest_route=%2Fwp%2Fv2%2Ftags&post=11711"}],"curies":[{"name":"wp","href":"https:\/\/api.w.org\/{rel}","templated":true}]}}