{"id":11707,"date":"2015-10-05T08:44:23","date_gmt":"2015-10-05T11:44:23","guid":{"rendered":"https:\/\/www.mpal.mp.br\/?p=11707"},"modified":"2022-07-11T08:49:19","modified_gmt":"2022-07-11T11:49:19","slug":"processo-de-escolha-de-novos-conselheiros-tutelares-transcorreu-sem-anormalidades-papel-fiscalizador-do-mpe-foi-essencial-para-a-seguranca-do-pleito","status":"publish","type":"post","link":"https:\/\/www.mpal.mp.br\/?p=11707","title":{"rendered":"Processo de escolha de novos conselheiros tutelares transcorreu sem anormalidades; Papel fiscalizador do MPE foi essencial para a seguran\u00e7a do pleito"},"content":{"rendered":"<p style=\"text-align: justify;\"><span style=\"font-size: 14pt;\">O papel ficalizat\u00f3rio do Minist\u00e9rio P\u00fablico Estadual (MPE\/AL) ajudou na lisura do processo de escolha dos novos 575 conselheiros tutelares que v\u00e3o trabalhar em Alagoas, pelos pr\u00f3ximos quatro anos, na defesa dos direitos da inf\u00e2ncia e da juventude. Em Macei\u00f3, apenas um incidente, registrado no bairro de Fern\u00e3o Velho, foi registrado. O resultado com os nomes dos eleitos foi anunciado no final da noite desse domingo (04).<\/span><\/p>\n<p style=\"text-align: justify;\"><span style=\"font-size: 14pt;\">A elei\u00e7\u00e3o unificada para escolher os novos conselheiros tutelares aconteceu pela primeira vez na hist\u00f3ria do Brasil agora em 2015 e a expectativa foi para a escolha de cerca de 30 mil novos cargos. Em Alagoas, centenas de candidatos disputaram uma das 575 vagas dispon\u00edveis. Na capital, 50 foram eleitos.\u00a0\u201cAcompanhamos todo o processo, desde a abertura das urnas, at\u00e9 o resultado do pleito. Tivemos pequenos incidentes, mas, que n\u00e3o atrapalharam a elei\u00e7\u00e3o. Foram casos pontuais que conseguimos reverter sem maiores problemas. O importante \u00e9 que a lisura foi garantida. A partir de agora o que queremos \u00e9 que essas pessoas escolhidas por suas comunidades, de fato, consigam realizar um bom trabalho e erealmente tenham o compromisso de agir para a aplica\u00e7\u00e3o das medidas de prote\u00e7\u00e3o e na garantia dos direitos da crian\u00e7a e do adolescente\u201d, destacou o promotor de Justi\u00e7a Luiz Medeiros, que coordenou a elei\u00e7\u00e3o em Macei\u00f3.<\/span><\/p>\n<p style=\"text-align: justify;\"><span style=\"font-size: 14pt;\"><strong>Santinhos apreendidos<\/strong><\/span><\/p>\n<p style=\"text-align: justify;\"><span style=\"font-size: 14pt;\">No final da manh\u00e3 de ontem, na regi\u00e3o de Fern\u00e3o Velho, parte alta da cidade, o MPE\/AL fez a apreens\u00e3o de dezenas de santinhos do candidato Sandro Naz\u00e1rio. Foi lavrado um termo de autua\u00e7\u00e3o pelos promotores Jamil Gon\u00e7alves e Jos\u00e9 Carlos Castro e, na sequ\u00eancia, o documento j\u00e1 foi enviado ao Conselho Municipal de Defesa da Crian\u00e7a e do Adolescente para a ado\u00e7\u00e3o das devidas provid\u00eancias.<\/span><\/p>\n<p style=\"text-align: justify;\"><span style=\"font-size: 14pt;\">\u201cA resolu\u00e7\u00e3o que trata das elei\u00e7\u00f5es unificadas para o cargo de conselheiro tutelar prev\u00ea a cassa\u00e7\u00e3o da candidatura ou do mandato, caso fique comprovado que o candidato transgrediu as normas. Portanto, para que aconte\u00e7a a apura\u00e7\u00e3o sobre o fato, o Conselho Municipal dar\u00e1 in\u00edcio a uma apura\u00e7\u00e3o. O candidato n\u00e3o foi preso porque n\u00e3o estava no local da boca de urna\u201d, explicou o promotor Jos\u00e9 Carlos Castro.<\/span><\/p>\n<p style=\"text-align: justify;\"><span style=\"font-size: 14pt;\">Ainda em Macei\u00f3 tamb\u00e9m trabalharam os promotores de Justi\u00e7a Alessandra Beurlen e C\u00edntia Calumby. J\u00e1 no interior do Estado, O Minist\u00e9rio P\u00fablico se fez presente por meio dos promotores naturais de cada promotoria.\u00a0Os eleitos\u00a0Os candidatos eleitos ter\u00e3o mandato que durar\u00e1 quatro anos a partir de janeiro de 2016, sendo permtida uma recondu\u00e7\u00e3o. Aqui em Macei\u00f3, foram disponilizados 37 locais de vota\u00e7\u00e3o, com 174 se\u00e7\u00f5es eleitorais, e os eleitores puderam escolher os 50 novos conselheiros que trabalhar\u00e3o nos 10 conselhos tutelares da capital, que equivalem as regi\u00f5es administrativas da cidade. \u00a0 A \u00a0concorr\u00eancia envolveu 110 postulantes ao cargo. No interior, a concorr\u00eancia foi para os outros 525 cargos dos demais 105 conselhos tutelares.<\/span><\/p>\n<p style=\"text-align: justify;\"><span style=\"font-size: 14pt;\">Confira a rela\u00e7\u00e3o dos eleitos e o n\u00famero de votos de cada candidato:<\/span><\/p>\n<p style=\"text-align: justify;\"><span style=\"font-size: 14pt;\"><strong>Regi\u00e3o Administrativa I<\/strong><\/span><br \/>\n<span style=\"font-size: 14pt;\">Cabe\u00e7a \u2013 884 votos (eleito)<\/span><br \/>\n<span style=\"font-size: 14pt;\">F\u00e1bio Rog\u00e9rio \u2013 728 votos (eleito)<\/span><br \/>\n<span style=\"font-size: 14pt;\">\u00c2ngela do Guga \u2013 637 votos (eleito)<\/span><br \/>\n<span style=\"font-size: 14pt;\">Prof. Z\u00e9 Luiz \u2013 558 votos (eleito)<\/span><br \/>\n<span style=\"font-size: 14pt;\">Zezito \u2013 521 votos (eleito)<\/span><br \/>\n<span style=\"font-size: 14pt;\">Vit\u00f3ria \u2013 479 votos<\/span><br \/>\n<span style=\"font-size: 14pt;\">S\u00edlvio \u2013 423 votos<\/span><br \/>\n<span style=\"font-size: 14pt;\">Cristiano Batata \u2013 280 votos<\/span><br \/>\n<span style=\"font-size: 14pt;\">Andr\u00e9 Carna\u00faba \u2013 209 votos<\/span><br \/>\n<span style=\"font-size: 14pt;\">Ra\u00edza Duarte \u2013 133 votos<\/span><br \/>\n<span style=\"font-size: 14pt;\">L\u00facia Galv\u00e3o \u2013 115 votos<\/span><br \/>\n<span style=\"font-size: 14pt;\">Gl\u00e1ucia Oliveira \u2013 113 votos<\/span><br \/>\n<span style=\"font-size: 14pt;\">Ivania Veiga \u2013 111 votos<\/span><br \/>\n<span style=\"font-size: 14pt;\">Val\u00e9ria Ug\u00e1 \u2013 62 votos<\/span><\/p>\n<p><span style=\"font-size: 14pt;\"><strong>Regi\u00e3o Administrativa II<\/strong><\/span><br \/>\n<span style=\"font-size: 14pt;\">Maxwell Mello \u2013 1.381 votos (eleito)<\/span><br \/>\n<span style=\"font-size: 14pt;\">Sheyla Rocha \u2013 1.295 votos (eleito)<\/span><br \/>\n<span style=\"font-size: 14pt;\">Valmenia \u2013 1.197 votos (eleito)<\/span><br \/>\n<span style=\"font-size: 14pt;\">M\u00e1rcio Pessoa \u2013 712 votos (eleito)<\/span><br \/>\n<span style=\"font-size: 14pt;\">Daniel Connect \u2013 652 votos (eleito)<\/span><br \/>\n<span style=\"font-size: 14pt;\">Luiz Carlos da Apae \u2013 560 votos<\/span><br \/>\n<span style=\"font-size: 14pt;\">Ruth Moura \u2013 Conselheira tutelar \u2013 559 votos<\/span><br \/>\n<span style=\"font-size: 14pt;\">Am\u00e9lia \u2013 530 votos<\/span><br \/>\n<span style=\"font-size: 14pt;\">Diva \u2013 476 votos<\/span><br \/>\n<span style=\"font-size: 14pt;\">Izaella Carvalho \u2013 474 votos<\/span><br \/>\n<span style=\"font-size: 14pt;\">Thiago Chaves \u2013 258 votos<\/span><br \/>\n<span style=\"font-size: 14pt;\">Nadja Taveiros \u2013 247 votos<\/span><br \/>\n<span style=\"font-size: 14pt;\">Dayse Moura \u2013 215 votos<\/span><\/p>\n<p><span style=\"font-size: 14pt;\"><strong>Regi\u00e3o Administrativa III<\/strong><\/span><br \/>\n<span style=\"font-size: 14pt;\">Dayane \u2013 442 votos (eleito)<\/span><br \/>\n<span style=\"font-size: 14pt;\">Gabriel Ten\u00f3rio \u2013 380 votos (eleito)<\/span><br \/>\n<span style=\"font-size: 14pt;\">Paulinho \u2013 366 votos (eleito)<\/span><br \/>\n<span style=\"font-size: 14pt;\">Modesto Ten\u00f3rio \u2013 353 votos (eleito)<\/span><br \/>\n<span style=\"font-size: 14pt;\">C\u00e1ssio \u2013 289 votos (eleito)<\/span><br \/>\n<span style=\"font-size: 14pt;\">Djane Oleg\u00e1rio \u2013 235 votos<\/span><br \/>\n<span style=\"font-size: 14pt;\">Valdir \u2013 215 votos<\/span><br \/>\n<span style=\"font-size: 14pt;\">Pedro do Leite \u2013 162 votos<\/span><br \/>\n<span style=\"font-size: 14pt;\">Harry \u2013 70 votos<\/span><\/p>\n<p><span style=\"font-size: 14pt;\"><strong>Regi\u00e3o Administrativa IV<\/strong><\/span><br \/>\n<span style=\"font-size: 14pt;\">Lula \u2013 1.301 votos (eleito)<\/span><br \/>\n<span style=\"font-size: 14pt;\">Rafael do Conselho Tutelar \u2013 745 votos (eleito)<\/span><br \/>\n<span style=\"font-size: 14pt;\">Professor Ant\u00f4nio \u2013 497 votos (eleito)<\/span><br \/>\n<span style=\"font-size: 14pt;\">Ivanise \u2013 Nena \u2013 495 votos (eleito)<\/span><br \/>\n<span style=\"font-size: 14pt;\">Tia S\u00fa \u2013 444 votos (eleito)<\/span><br \/>\n<span style=\"font-size: 14pt;\">Guilherme Soares \u2013 386 votos<\/span><br \/>\n<span style=\"font-size: 14pt;\">Celso Deocll\u00e9cio \u2013 366 votos<\/span><br \/>\n<span style=\"font-size: 14pt;\">Carlinhos Ver\u00e7osa \u2013 325 votos<\/span><br \/>\n<span style=\"font-size: 14pt;\">Maria das Vit\u00f3rias \u2013 308 votos<\/span><br \/>\n<span style=\"font-size: 14pt;\">Anecleia (Ane) \u2013 291 votos<\/span><br \/>\n<span style=\"font-size: 14pt;\">Marlene Ozana \u2013 220 votos<\/span><br \/>\n<span style=\"font-size: 14pt;\">Jean Alves \u2013 188 votos<\/span><br \/>\n<span style=\"font-size: 14pt;\">Thiago James \u2013 175 votos<\/span><br \/>\n<span style=\"font-size: 14pt;\">Nice \u2013 171 votos<\/span><br \/>\n<span style=\"font-size: 14pt;\">Sandro Naz\u00e1rio \u2013 139 Votos<\/span><br \/>\n<span style=\"font-size: 14pt;\">Professora Avan\u00ed \u2013 95 votos<\/span><\/p>\n<p><span style=\"font-size: 14pt;\"><strong>Regi\u00e3o Administrativa V<\/strong><\/span><br \/>\n<span style=\"font-size: 14pt;\">Leandra \u2013 1.273 votos (eleito)<\/span><br \/>\n<span style=\"font-size: 14pt;\">Jane Borges \u2013 1.004 votos (eleito)<\/span><br \/>\n<span style=\"font-size: 14pt;\">Antonio (Toinho) \u2013 594 votos (eleito)<\/span><br \/>\n<span style=\"font-size: 14pt;\">Rose\u00e2ni Prima \u2013 532 votos (eleito)<\/span><br \/>\n<span style=\"font-size: 14pt;\">Rosin\u00e1 Assis \u2013 460 votos (eleito)<\/span><br \/>\n<span style=\"font-size: 14pt;\">Bruno Melo \u2013 428 votos<\/span><br \/>\n<span style=\"font-size: 14pt;\">Samy Alves \u2013 250 votos<\/span><br \/>\n<span style=\"font-size: 14pt;\">Mirna \u2013 129 votos<\/span><br \/>\n<span style=\"font-size: 14pt;\">Arnaldina Fernandes \u2013 88 votos<\/span><br \/>\n<span style=\"font-size: 14pt;\">Deiv\u00e2nio \u2013 77 votos<\/span><br \/>\n<span style=\"font-size: 14pt;\">Vit\u00f3ria \u2013 63 votos<\/span><\/p>\n<p><span style=\"font-size: 14pt;\"><strong>Regi\u00e3o Administrativa VI<\/strong><\/span><br \/>\n<span style=\"font-size: 14pt;\">Aldo Loureiro \u2013 575 votos (eleito)<\/span><br \/>\n<span style=\"font-size: 14pt;\">Capela \u2013 422 votos (eleito)<\/span><br \/>\n<span style=\"font-size: 14pt;\">Estevam \u2013 379 votos (eleito)<\/span><br \/>\n<span style=\"font-size: 14pt;\">Roberto Figo \u2013 O Farmac\u00eautico do Povo \u2013 348 votos (eleito)<\/span><br \/>\n<span style=\"font-size: 14pt;\">Andreia Santos \u2013 345 votos (eleito)<\/span><br \/>\n<span style=\"font-size: 14pt;\">Veraleide Nazar\u00e9 \u2013 331 votos<\/span><br \/>\n<span style=\"font-size: 14pt;\">Zilmara \u2013 211 votos<\/span><br \/>\n<span style=\"font-size: 14pt;\">Adriano Martins \u2013 86 votos<\/span><br \/>\n<span style=\"font-size: 14pt;\">Tereza \u2013 47 votos<\/span><br \/>\n<span style=\"font-size: 14pt;\">Giselda Correia \u2013 45 votos<\/span><\/p>\n<p><span style=\"font-size: 14pt;\"><strong>Regi\u00e3o Administrativa VII<\/strong><\/span><br \/>\n<span style=\"font-size: 14pt;\">Thais Diniz \u2013 902 votos (eleito)<\/span><br \/>\n<span style=\"font-size: 14pt;\">Ariudo Alves \u2013 796 votos (eleito)<\/span><br \/>\n<span style=\"font-size: 14pt;\">Nivaldo junior \u2013 541 votos (eleito)<\/span><br \/>\n<span style=\"font-size: 14pt;\">Rey da \u00d3tica \u2013 532 votos (eleito)<\/span><br \/>\n<span style=\"font-size: 14pt;\">Fernando Renascer \u2013 501 votos (eleito)<\/span><br \/>\n<span style=\"font-size: 14pt;\">Jenivaldo Primo \u2013 267 votos<\/span><br \/>\n<span style=\"font-size: 14pt;\">Valdomiro \u2013 256 votos<\/span><br \/>\n<span style=\"font-size: 14pt;\">Henrique Filho \u2013 247 votos<\/span><br \/>\n<span style=\"font-size: 14pt;\">Prof Willian Mendes \u2013 180 votos<\/span><br \/>\n<span style=\"font-size: 14pt;\">Vanadja \u2013 116 votos<\/span><br \/>\n<span style=\"font-size: 14pt;\">Roberto Carlos \u2013 102 votos<\/span><\/p>\n<p><span style=\"font-size: 14pt;\"><strong>Regi\u00e3o Administrativa VIII<\/strong><\/span><br \/>\n<span style=\"font-size: 14pt;\">Rafa Voss \u2013 583 votos (eleito)<\/span><br \/>\n<span style=\"font-size: 14pt;\">Jorge Ver\u00e7osa \u2013 578 votos (eleito)<\/span><br \/>\n<span style=\"font-size: 14pt;\">Ewerton Pita \u2013 424 votos (eleito)<\/span><br \/>\n<span style=\"font-size: 14pt;\">Edja \u2013 299 votos (eleito)<\/span><br \/>\n<span style=\"font-size: 14pt;\">Henrique Leite \u2013 283 votos (eleito)<\/span><br \/>\n<span style=\"font-size: 14pt;\">Edinho do Conselho \u2013 190 votos<\/span><br \/>\n<span style=\"font-size: 14pt;\">Welldja Frag\u00f4so \u2013 75 votos<\/span><\/p>\n<p><span style=\"font-size: 14pt;\"><strong>Regi\u00e3o Administrativa IX<\/strong><\/span><br \/>\n<span style=\"font-size: 14pt;\">Silas Santos \u2013 730 votos (eleito)<\/span><br \/>\n<span style=\"font-size: 14pt;\">Tacinho \u2013 381 votos (eleito)<\/span><br \/>\n<span style=\"font-size: 14pt;\">Givaldo Titio \u2013 359 votos (eleito)<\/span><br \/>\n<span style=\"font-size: 14pt;\">Irm\u00e3o Henrique \u2013 296 votos (eleito)<\/span><br \/>\n<span style=\"font-size: 14pt;\">Prof Udo Gustavo \u2013 234 votos (eleito)<\/span><br \/>\n<span style=\"font-size: 14pt;\">Sandra Monteiro \u2013 166 votos<\/span><br \/>\n<span style=\"font-size: 14pt;\">Gleizy Vilela \u2013 152 votos<\/span><\/p>\n<p><span style=\"font-size: 14pt;\"><strong>Regi\u00e3o Administrativa X<\/strong><\/span><br \/>\n<span style=\"font-size: 14pt;\">Cac\u00e1 Martins \u2013 421 votos (eleito)<\/span><br \/>\n<span style=\"font-size: 14pt;\">Ricardo Fras\u00e3o \u2013 322 votos (eleito)<\/span><br \/>\n<span style=\"font-size: 14pt;\">Ac\u00e1cio Costa \u2013 317 votos (eleito)<\/span><br \/>\n<span style=\"font-size: 14pt;\">Maria Jos\u00e9 \u2013 314 votos (eleito)<\/span><br \/>\n<span style=\"font-size: 14pt;\">Polly \u2013 285 votos (eleito)<\/span><br \/>\n<span style=\"font-size: 14pt;\">Cocoric\u00f3 \u2013 254 votos<\/span><br \/>\n<span style=\"font-size: 14pt;\">Evangelista Tonny \u2013 232 votos<\/span><br \/>\n<span style=\"font-size: 14pt;\">Carlinhos Muzenza \u2013 230 votos<\/span><br \/>\n<span style=\"font-size: 14pt;\">Bruno Pita \u2013 139 votos<\/span><br \/>\n<span style=\"font-size: 14pt;\">Hercules Pimentel \u2013 109 votos<\/span><br \/>\n<span style=\"font-size: 14pt;\">Ainoam \u2013 67 votos<\/span><br \/>\n<span style=\"font-size: 14pt;\">T\u00e9o \u2013 40 votos<\/span><\/p>\n","protected":false},"excerpt":{"rendered":"<p> [&hellip;]<\/p>\n","protected":false},"author":4,"featured_media":11708,"comment_status":"open","ping_status":"open","sticky":false,"template":"","format":"standard","meta":{"om_disable_all_campaigns":false,"_monsterinsights_skip_tracking":false,"_monsterinsights_sitenote_active":false,"_monsterinsights_sitenote_note":"","_monsterinsights_sitenote_category":0,"_uf_show_specific_survey":0,"_uf_disable_surveys":false,"footnotes":""},"categories":[2],"tags":[],"class_list":["post-11707","post","type-post","status-publish","format-standard","has-post-thumbnail","hentry","category-not_mpal"],"aioseo_notices":[],"_links":{"self":[{"href":"https:\/\/www.mpal.mp.br\/index.php?rest_route=\/wp\/v2\/posts\/11707","targetHints":{"allow":["GET"]}}],"collection":[{"href":"https:\/\/www.mpal.mp.br\/index.php?rest_route=\/wp\/v2\/posts"}],"about":[{"href":"https:\/\/www.mpal.mp.br\/index.php?rest_route=\/wp\/v2\/types\/post"}],"author":[{"embeddable":true,"href":"https:\/\/www.mpal.mp.br\/index.php?rest_route=\/wp\/v2\/users\/4"}],"replies":[{"embeddable":true,"href":"https:\/\/www.mpal.mp.br\/index.php?rest_route=%2Fwp%2Fv2%2Fcomments&post=11707"}],"version-history":[{"count":2,"href":"https:\/\/www.mpal.mp.br\/index.php?rest_route=\/wp\/v2\/posts\/11707\/revisions"}],"predecessor-version":[{"id":11710,"href":"https:\/\/www.mpal.mp.br\/index.php?rest_route=\/wp\/v2\/posts\/11707\/revisions\/11710"}],"wp:featuredmedia":[{"embeddable":true,"href":"https:\/\/www.mpal.mp.br\/index.php?rest_route=\/wp\/v2\/media\/11708"}],"wp:attachment":[{"href":"https:\/\/www.mpal.mp.br\/index.php?rest_route=%2Fwp%2Fv2%2Fmedia&parent=11707"}],"wp:term":[{"taxonomy":"category","embeddable":true,"href":"https:\/\/www.mpal.mp.br\/index.php?rest_route=%2Fwp%2Fv2%2Fcategories&post=11707"},{"taxonomy":"post_tag","embeddable":true,"href":"https:\/\/www.mpal.mp.br\/index.php?rest_route=%2Fwp%2Fv2%2Ftags&post=11707"}],"curies":[{"name":"wp","href":"https:\/\/api.w.org\/{rel}","templated":true}]}}