{"id":11704,"date":"2015-10-15T08:41:06","date_gmt":"2015-10-15T11:41:06","guid":{"rendered":"https:\/\/www.mpal.mp.br\/?p=11704"},"modified":"2022-07-11T08:43:54","modified_gmt":"2022-07-11T11:43:54","slug":"promotoria-de-justica-pede-e-juizo-da-infancia-e-da-juventude-suspende-efeitos-das-eleicoes-para-conselheiro-tutelar-da-barra-de-sao-miguel","status":"publish","type":"post","link":"https:\/\/www.mpal.mp.br\/?p=11704","title":{"rendered":"Promotoria de Justi\u00e7a pede e Ju\u00edzo da Inf\u00e2ncia e da Juventude suspende efeitos das elei\u00e7\u00f5es para conselheiro tutelar da Barra de S\u00e3o Miguel"},"content":{"rendered":"<p style=\"text-align: justify;\"><span style=\"font-size: 14pt;\">Ap\u00f3s pedido do Minist\u00e9rio P\u00fablico do Estado de Alagoas (MPE\/AL), a ju\u00edza da Inf\u00e2ncia e da Juventude da Comarca de S\u00e3o Miguel dos Campos, Emanuela Bianca Oliveira Porangaba, deferiu, nesta quinta-feira (15), liminar suspendendo os efeitos das elei\u00e7\u00f5es para conselheiro tutelar do Munic\u00edpio da Barra de S\u00e3o Miguel. Em a\u00e7\u00e3o civil p\u00fablica, o MPE\/AL requereu a anula\u00e7\u00e3o do sufr\u00e1gio que ocorreu no dia 04 de outubro e a realiza\u00e7\u00e3o de um novo processo eleitoral.<\/span><\/p>\n<p style=\"text-align: justify;\"><span style=\"font-size: 14pt;\">Segundo a promotora Rita de C\u00e1ssia de Aguirre Stecconi Silva, titular da Promotoria de Justi\u00e7a de S\u00e3o Miguel dos Campos, que possui a Barra de S\u00e3o Miguel como termo, a elei\u00e7\u00e3o caiu na ilegalidade quando trocou o voto em candidato \u00fanico pelo voto em chapa composta por cinco membros.<\/span><\/p>\n<p style=\"text-align: justify;\"><span style=\"font-size: 14pt;\">\u201cFomos informados da mudan\u00e7a pelo Conselho Municipal da Crian\u00e7a e do Adolescente na v\u00e9spera da elei\u00e7\u00e3o. Chegamos a expedir recomenda\u00e7\u00e3o para tentar regularizar o processo, mas o \u00f3rg\u00e3o colegiado decidiu n\u00e3o obedec\u00ea-la. Trata-se de um processo eleitoral popular, onde o voto por chapa desequilibra a disputa, levando a popula\u00e7\u00e3o a votar em quem n\u00e3o se conhece s\u00f3 porque seu candidato assim deseja\u201d, disse a promotora.<\/span><\/p>\n<p style=\"text-align: justify;\"><span style=\"font-size: 14pt;\">A recomenda\u00e7\u00e3o que Rita de C\u00e1ssia cita foi expedida no dia 30 de outubro e tinha como objetivo anular o item do edital que previa o voto em chapa. A representante do Minist\u00e9rio P\u00fablico tamb\u00e9m se reuniu com os 26 candidatos ao cargo de conselheiro, mas n\u00e3o conseguiu convenc\u00ea-los a seguir a lei.<\/span><\/p>\n<p style=\"text-align: justify;\"><span style=\"font-size: 14pt;\">\u201cNo modo como ocorreu, o processo de escolha fere o direito constitucional de direito ao voto \u00fanico, que caracteriza a elei\u00e7\u00e3o popular, al\u00e9m de desrespeitar a Resolu\u00e7\u00e3o n\u00ba 170\/2014, art. 5\u00ba, inciso II, do Conselho Nacional dos Direitos da Crian\u00e7a e do Adolescente, que veda expressamente a composi\u00e7\u00e3o de chapa\u201d, explicou a promotora, que destacou ainda a import\u00e2ncia das atribui\u00e7\u00f5es dos membros do Conselho Tutelar na defesa dos direitos dos menores em situa\u00e7\u00e3o de risco.<\/span><\/p>\n","protected":false},"excerpt":{"rendered":"<p> [&hellip;]<\/p>\n","protected":false},"author":4,"featured_media":7620,"comment_status":"open","ping_status":"open","sticky":false,"template":"","format":"standard","meta":{"om_disable_all_campaigns":false,"_monsterinsights_skip_tracking":false,"_monsterinsights_sitenote_active":false,"_monsterinsights_sitenote_note":"","_monsterinsights_sitenote_category":0,"_uf_show_specific_survey":0,"_uf_disable_surveys":false,"footnotes":""},"categories":[2],"tags":[],"class_list":["post-11704","post","type-post","status-publish","format-standard","has-post-thumbnail","hentry","category-not_mpal"],"aioseo_notices":[],"_links":{"self":[{"href":"https:\/\/www.mpal.mp.br\/index.php?rest_route=\/wp\/v2\/posts\/11704","targetHints":{"allow":["GET"]}}],"collection":[{"href":"https:\/\/www.mpal.mp.br\/index.php?rest_route=\/wp\/v2\/posts"}],"about":[{"href":"https:\/\/www.mpal.mp.br\/index.php?rest_route=\/wp\/v2\/types\/post"}],"author":[{"embeddable":true,"href":"https:\/\/www.mpal.mp.br\/index.php?rest_route=\/wp\/v2\/users\/4"}],"replies":[{"embeddable":true,"href":"https:\/\/www.mpal.mp.br\/index.php?rest_route=%2Fwp%2Fv2%2Fcomments&post=11704"}],"version-history":[{"count":1,"href":"https:\/\/www.mpal.mp.br\/index.php?rest_route=\/wp\/v2\/posts\/11704\/revisions"}],"predecessor-version":[{"id":11706,"href":"https:\/\/www.mpal.mp.br\/index.php?rest_route=\/wp\/v2\/posts\/11704\/revisions\/11706"}],"wp:featuredmedia":[{"embeddable":true,"href":"https:\/\/www.mpal.mp.br\/index.php?rest_route=\/wp\/v2\/media\/7620"}],"wp:attachment":[{"href":"https:\/\/www.mpal.mp.br\/index.php?rest_route=%2Fwp%2Fv2%2Fmedia&parent=11704"}],"wp:term":[{"taxonomy":"category","embeddable":true,"href":"https:\/\/www.mpal.mp.br\/index.php?rest_route=%2Fwp%2Fv2%2Fcategories&post=11704"},{"taxonomy":"post_tag","embeddable":true,"href":"https:\/\/www.mpal.mp.br\/index.php?rest_route=%2Fwp%2Fv2%2Ftags&post=11704"}],"curies":[{"name":"wp","href":"https:\/\/api.w.org\/{rel}","templated":true}]}}